{"id":165355,"date":"2016-01-05T15:27:31","date_gmt":"2016-01-05T17:27:31","guid":{"rendered":"https:\/\/jundiai.sp.gov.br\/noticias\/?p=165355"},"modified":"2016-11-04T11:37:56","modified_gmt":"2016-11-04T13:37:56","slug":"uvas-ganham-caixas-estilizadas-para-a-festa-da-uva","status":"publish","type":"post","link":"https:\/\/jundiai.sp.gov.br\/noticias\/2016\/01\/05\/uvas-ganham-caixas-estilizadas-para-a-festa-da-uva\/","title":{"rendered":"Uvas ganham caixas estilizadas para a Festa da Uva"},"content":{"rendered":"<p><strong>Em uma nova parceria da comunidade, um lote de 10 mil caixas estilizadas para a venda das frutas durante a <a href=\"http:\/\/festadauva.jundiai.sp.gov.br\/\" target=\"_blank\">33\u00aa Festa da Uva e 4\u00aa Expo Vinhos<\/a> foi confirmado como doa\u00e7\u00e3o da empresa Klabin ao evento organizado pela Prefeitura. Dessa forma, a iniciativa privada repete os resultados bem-sucedidos em 2015 e soma outras parcerias j\u00e1 confirmadas.<\/strong><\/p>\n<p><a href=\"https:\/\/www.flickr.com\/photos\/prefeituradejundiai\/albums\/72157662299015692\" target=\"_blank\">CONFIRA AS FOTOS DA CORTE DA UVA 2016<\/a><\/p>\n<p>\u201c\u00c9 <strong>fruto da transpar\u00eancia<\/strong> com que o <strong>formato comunit\u00e1rio resgatado em 2013<\/strong> com periodicidade anual vem provocando nesse trabalho junto aos <strong>agricultores, festas dos bairros, adegas, entidades, artistas locais e volunt\u00e1rios e que conseguiu retomar sua identidade<\/strong>\u201d, afirma o secret\u00e1rio de Agricultura, Abastecimento e Turismo, Marcos Brunholi, .<\/p>\n<p><strong>MAIS FESTA DA UVA<\/strong><br \/>\n<a href=\"https:\/\/jundiai.sp.gov.br\/noticias\/2015\/12\/22\/festa-da-uva-princesas-atraem-publico-no-centro\/\" target=\"_blank\">Corte da Uva atrai p\u00fablico no Centro<\/a><br \/>\n<a href=\"https:\/\/jundiai.sp.gov.br\/noticias\/2015\/12\/02\/festa-da-uva-e-divulgada-em-milhoes-de-sorvetes\/\" target=\"_blank\">Festa \u00e9 divulgada em milh\u00f5es de sorvetes<\/a><br \/>\n<a href=\"https:\/\/jundiai.sp.gov.br\/noticias\/2016\/01\/04\/fotos-de-uvas-niagaras-emocionam-no-concurso-da-festa\/\" target=\"_blank\">Fotos de niagaras emocionam durante concurso da Festa<\/a><br \/>\n<a href=\"https:\/\/jundiai.sp.gov.br\/noticias\/2015\/11\/18\/novidades-marcam-os-preparativos-para-a-festa-da-uva-de-2016\/\" target=\"_blank\">Novidades marcam os preparativos para a Festa em 2016<\/a><\/p>\n<div id=\"attachment_165356\" style=\"width: 730px\" class=\"wp-caption aligncenter\"><a href=\"https:\/\/jundiai.sp.gov.br\/noticias\/wp-content\/uploads\/sites\/32\/2016\/01\/festa-uva_G.jpg\"><img loading=\"lazy\" decoding=\"async\" aria-describedby=\"caption-attachment-165356\" class=\"size-large wp-image-165356\" src=\"https:\/\/jundiai.sp.gov.br\/noticias\/wp-content\/uploads\/sites\/32\/2016\/01\/festa-uva_G-720x546.jpg\" alt=\"Venda das frutas na festa anterior: parceria refor\u00e7a est\u00e9tica da uva\" width=\"720\" height=\"546\" srcset=\"https:\/\/jundiai.sp.gov.br\/noticias\/wp-content\/uploads\/sites\/32\/2016\/01\/festa-uva_G-720x546.jpg 720w, https:\/\/jundiai.sp.gov.br\/noticias\/wp-content\/uploads\/sites\/32\/2016\/01\/festa-uva_G-300x228.jpg 300w, https:\/\/jundiai.sp.gov.br\/noticias\/wp-content\/uploads\/sites\/32\/2016\/01\/festa-uva_G.jpg 1240w\" sizes=\"auto, (max-width: 720px) 100vw, 720px\" \/><\/a><p id=\"caption-attachment-165356\" class=\"wp-caption-text\">Venda das frutas na festa anterior: parceria refor\u00e7a est\u00e9tica da uva<\/p><\/div>\n<p>As embalagens especiais em <strong>papel\u00e3o reciclado<\/strong> dessa parceria trazem nas caixas a inscri\u00e7\u00e3o \u201c33\u00aa Festa da Uva de Jundia\u00ed e 4\u00aa Expo Vinhos\u201d e s\u00e3o destinadas para a <strong>venda das uvas Niagara Branca e Niagara Rosada<\/strong> \u2013 a <a href=\"https:\/\/jundiai.sp.gov.br\/noticias\/2014\/01\/17\/festa-da-uva-jundiai-celebra-80-anos-da-revolucao-rosada\/\" target=\"_blank\">variedade respons\u00e1vel pelo renome nacional de Jundia\u00ed como a Terra da Uva depois de surgir de uma muta\u00e7\u00e3o em 1933, ser cultivada e causar a primeira das festas dessa s\u00e9rie no ano seguinte, ainda no Centro Hist\u00f3rico<\/a>.<\/p>\n<div id=\"attachment_165357\" style=\"width: 410px\" class=\"wp-caption alignleft\"><a href=\"https:\/\/jundiai.sp.gov.br\/noticias\/wp-content\/uploads\/sites\/32\/2016\/01\/caixas_klabin_festadauva-01g.jpg\"><img loading=\"lazy\" decoding=\"async\" aria-describedby=\"caption-attachment-165357\" class=\"size-large wp-image-165357\" src=\"https:\/\/jundiai.sp.gov.br\/noticias\/wp-content\/uploads\/sites\/32\/2016\/01\/caixas_klabin_festadauva-01g-720x517.jpg\" alt=\"Caixas refor\u00e7am crescentes parcerias da festa em Jundia\u00ed\" width=\"400\" height=\"350\" \/><\/a><p id=\"caption-attachment-165357\" class=\"wp-caption-text\">Caixas refor\u00e7am crescentes parcerias da festa em Jundia\u00ed<\/p><\/div>\n<p>Com duas de suas 14 unidades em Jundia\u00ed, a Klabin foi fundada em 1899 e \u00e9 a maior produtora e exportadora de pap\u00e9is do Brasil, <strong>liderando a produ\u00e7\u00e3o de pap\u00e9is e cart\u00f5es<\/strong> para embalagens, embalagens de papel\u00e3o ondulado, sacos industriais e madeira em toras. Desde 2014 integra o \u00cdndice de Sustentabilidade Empresarial (ISE), da BM&amp;F-Bovespa.<\/p>\n<p><strong>O lote \u00e9 distribu\u00eddo aos bairros rurais de Jundia\u00ed que v\u00e3o estar representados no espa\u00e7o de vendas de frutas da festa<\/strong>. Na primeira experi\u00eancia, neste ano, o produtor Valdir Pavan considerou importante por <strong>facilitar a comercializa\u00e7\u00e3o e deixar outras embalagens dos produtores para serem usadas para outras frutas que n\u00e3o as uvas que s\u00e3o o carro-chefe da festa<\/strong>.<\/p>\n<p><strong>Al\u00e9m da Klabin, s\u00e3o parceiros tamb\u00e9m a Sorvetes Jundi\u00e1, a Coca Cola-Femsa, o Bradesco, a AOC, a De Marchi e o Grupo Ebone. A realiza\u00e7\u00e3o do evento \u00e9 da Prefeitura, ao lado da Associa\u00e7\u00e3o Agr\u00edcola de Jundia\u00ed.<\/strong><\/p>\n<p><strong><em>Jos\u00e9 Arnaldo de Oliveira<br \/>\nFotos: Arquivo PMJ<\/em><\/strong><\/p>\n","protected":false},"excerpt":{"rendered":"<p>A Festa come\u00e7a na quinta (14) e vai at\u00e9 o domingo (31), \u00e0s sextas-feiras e finais de semana, com entrada gratuita<\/p>\n","protected":false},"author":14,"featured_media":165362,"comment_status":"closed","ping_status":"closed","sticky":false,"template":"","format":"standard","meta":{"footnotes":""},"categories":[2],"tags":[786,798,41,29,458,797,7,768,276],"ods":[],"class_list":["post-165355","post","type-post","status-publish","format-standard","has-post-thumbnail","hentry","category-noticias","tag-33a-festa-da-uva","tag-4a-expo-vinhos","tag-agricultura-abastecimento-e-turismo","tag-cultura","tag-expo-vinhos","tag-expo-vinhos-2016","tag-festa-da-uva","tag-festa-da-uva-2016","tag-parque-da-uva"],"_links":{"self":[{"href":"https:\/\/jundiai.sp.gov.br\/noticias\/wp-json\/wp\/v2\/posts\/165355","targetHints":{"allow":["GET"]}}],"collection":[{"href":"https:\/\/jundiai.sp.gov.br\/noticias\/wp-json\/wp\/v2\/posts"}],"about":[{"href":"https:\/\/jundiai.sp.gov.br\/noticias\/wp-json\/wp\/v2\/types\/post"}],"author":[{"embeddable":true,"href":"https:\/\/jundiai.sp.gov.br\/noticias\/wp-json\/wp\/v2\/users\/14"}],"replies":[{"embeddable":true,"href":"https:\/\/jundiai.sp.gov.br\/noticias\/wp-json\/wp\/v2\/comments?post=165355"}],"version-history":[{"count":9,"href":"https:\/\/jundiai.sp.gov.br\/noticias\/wp-json\/wp\/v2\/posts\/165355\/revisions"}],"predecessor-version":[{"id":165452,"href":"https:\/\/jundiai.sp.gov.br\/noticias\/wp-json\/wp\/v2\/posts\/165355\/revisions\/165452"}],"wp:featuredmedia":[{"embeddable":true,"href":"https:\/\/jundiai.sp.gov.br\/noticias\/wp-json\/wp\/v2\/media\/165362"}],"wp:attachment":[{"href":"https:\/\/jundiai.sp.gov.br\/noticias\/wp-json\/wp\/v2\/media?parent=165355"}],"wp:term":[{"taxonomy":"category","embeddable":true,"href":"https:\/\/jundiai.sp.gov.br\/noticias\/wp-json\/wp\/v2\/categories?post=165355"},{"taxonomy":"post_tag","embeddable":true,"href":"https:\/\/jundiai.sp.gov.br\/noticias\/wp-json\/wp\/v2\/tags?post=165355"},{"taxonomy":"ods","embeddable":true,"href":"https:\/\/jundiai.sp.gov.br\/noticias\/wp-json\/wp\/v2\/ods?post=165355"}],"curies":[{"name":"wp","href":"https:\/\/api.w.org\/{rel}","templated":true}]}}