{"id":165740,"date":"2016-01-12T14:28:05","date_gmt":"2016-01-12T16:28:05","guid":{"rendered":"https:\/\/jundiai.sp.gov.br\/noticias\/?p=165740"},"modified":"2016-11-04T13:14:43","modified_gmt":"2016-11-04T15:14:43","slug":"empregabilidade-de-pessoas-com-deficiencia-e-tema-de-palestra","status":"publish","type":"post","link":"https:\/\/jundiai.sp.gov.br\/noticias\/2016\/01\/12\/empregabilidade-de-pessoas-com-deficiencia-e-tema-de-palestra\/","title":{"rendered":"Empregabilidade de pessoas com defici\u00eancia \u00e9 tema de palestra"},"content":{"rendered":"<div id=\"attachment_165741\" style=\"width: 410px\" class=\"wp-caption alignright\"><a href=\"https:\/\/jundiai.sp.gov.br\/noticias\/wp-content\/uploads\/sites\/32\/2016\/01\/Cafe-Sensorial-Sincomerciarios_c_107G.jpg\"><img loading=\"lazy\" decoding=\"async\" aria-describedby=\"caption-attachment-165741\" class=\"size-large wp-image-165741\" src=\"https:\/\/jundiai.sp.gov.br\/noticias\/wp-content\/uploads\/sites\/32\/2016\/01\/Cafe-Sensorial-Sincomerciarios_c_107G-720x563.jpg\" alt=\"Reinaldo: O objetivo \u00e9 orientar \u00e0s empresas para motivar a contratarem pessoas com defici\u00eancia\" width=\"400\" height=\"350\" \/><\/a><p id=\"caption-attachment-165741\" class=\"wp-caption-text\">Reinaldo: O objetivo \u00e9 orientar \u00e0s empresas para motivar a contratarem pessoas com defici\u00eancia<\/p><\/div>\n<p><strong>Uma parceria entre a Coordenadoria do Trabalho, Emprego e Renda e a <a href=\"https:\/\/www.facebook.com\/Coordenadoria-dos-Direitos-das-Pessoas-com-Defici%C3%AAncia-de-Jundia%C3%AD-1441418992774268\/?fref=ts\" target=\"_blank\">Coordenadoria dos Direitos das Pessoas com Defici\u00eancia (Copede)<\/a>\u00a0vai render mais um avan\u00e7o na empregabilidade da cidade.<\/strong><\/p>\n<p>No dia <strong>11 de fevereiro, das 10h \u00e0s 13h<\/strong>, na sede do <a href=\"https:\/\/www.facebook.com\/fundosocialsolidariedadedejundiai\/?fref=ts\" target=\"_blank\">Fundo Social de Solidariedade<\/a>, vai haver <strong>palestra e debate com o tema \u201cLei de cotas para pessoa com defici\u00eancia, avan\u00e7os e caminhos para o cumprimento da lei\u201d<\/strong>, com o palestrante, debatedor e <a href=\"http:\/\/www.mte.gov.br\/index.php\/noticias-mte\/noticia-srtesp\/127-superintendencias\/srte-sp\" target=\"_blank\">Superintendente Regional do Trabalho e Emprego de S\u00e3o Paulo, Luiz Claudio Marcolino<\/a>.<\/p>\n<p>O evento \u00e9 voltado principalmente para <strong>organiza\u00e7\u00f5es<\/strong>. \u201cO objetivo \u00e9 no sentido de <strong>orienta\u00e7\u00e3o \u00e0s empresas e com\u00e9rcios para motivar a contrata\u00e7\u00e3o de pessoas com defici\u00eancia. \u00c9 mais um passo sobre empregabilidade e vamos ter ainda outras a\u00e7\u00f5es na \u00e1rea<\/strong>\u201d, diz o titular da Copede, Reinaldo Fernandes.<\/p>\n<p><strong>LEIA TAMB\u00c9M<\/strong><br \/>\n<a href=\"https:\/\/jundiai.sp.gov.br\/noticias\/2016\/01\/12\/pat-tem-dezenas-de-vagas-de-emprego-abertas\/\" target=\"_blank\">PAT Jundia\u00ed tem dezenas de vagas de emprego abertas<\/a><br \/>\n<a href=\"https:\/\/jundiai.sp.gov.br\/noticias\/2016\/01\/06\/uso-indevido-de-vagas-passa-a-ser-infracao-grave-nesta-quinta-7\/\" target=\"_blank\">Uso indevido de vagas passa a ser infra\u00e7\u00e3o grave nesta quinta (7)<\/a><\/p>\n<p>O coordenador tamb\u00e9m salienta que a <strong>contratante deve reconhecer que o trabalhador com defici\u00eancia pode ser um funcion\u00e1rio como qualquer outro<\/strong>. \u201cVamos tamb\u00e9m falar sobre a quest\u00e3o da <strong>autonomia<\/strong>\u201d, destaca.<\/p>\n<div id=\"attachment_165743\" style=\"width: 410px\" class=\"wp-caption alignleft\"><a href=\"https:\/\/jundiai.sp.gov.br\/noticias\/wp-content\/uploads\/sites\/32\/2016\/01\/Florisvaldo_A_4g.jpg\"><img loading=\"lazy\" decoding=\"async\" aria-describedby=\"caption-attachment-165743\" class=\"size-large wp-image-165743\" src=\"https:\/\/jundiai.sp.gov.br\/noticias\/wp-content\/uploads\/sites\/32\/2016\/01\/Florisvaldo_A_4g-720x460.jpg\" alt=\"A Coordenadoria do Trabalho, Emprego e Renda \u00e9 parceria na palestra\" width=\"400\" height=\"350\" \/><\/a><p id=\"caption-attachment-165743\" class=\"wp-caption-text\">A Coordenadoria do Trabalho, Emprego e Renda \u00e9 parceria na palestra<\/p><\/div>\n<p>J\u00e1 para a Coordenadoria do Trabalho, Emprego e Renda, o que a equipe mais quer \u00e9 cumprir o <a href=\"http:\/\/www.planalto.gov.br\/ccivil_03\/LEIS\/L8213cons.htm\" target=\"_blank\">art. 93 da lei 8.213<\/a>. &#8220;\u00c9 uma demanda que j\u00e1 existe dentro da comiss\u00e3o municipal de emprego, da qual a Coordenadoria faz parte. No semin\u00e1rio no SENAC, em novembro, ficamos mais preocupados e nos propusemos a agilizar a a\u00e7\u00e3o. A partir do relat\u00f3rio encaminhado pelo Minist\u00e9rio do Trabalho de pesquisas feitas nas <strong>empresas com 100 ou mais funcion\u00e1rios, como determina a lei, constatamos que o n\u00famero de vagas em aberto \u00e9 de aproximadamente 2600 em Jundia\u00ed, e n\u00f3s queremos mudar essa realidade<\/strong>&#8220;, explica Florisvaldo Roberto, assessor da Coordenadoria.<\/p>\n<p><strong>N\u00e3o \u00e9 necess\u00e1ria inscri\u00e7\u00e3o para participar do evento<\/strong>. O Fundo Social de Solidariedade fica na <strong>Avenida Manoela Lacerda de Vergueiro, s\/n\u00ba, Port\u00e3o 3, anexo ao Parque da Uva \u2013 Anhangaba\u00fa<\/strong>.<\/p>\n<p><strong><em>Assessoria de Imprensa<br \/>\nFotos: Fot\u00f3grafos PMJ<\/em><\/strong><\/p>\n","protected":false},"excerpt":{"rendered":"<p>Uma parceria entre a Coordenadoria do Trabalho, Emprego e Renda e a Coordenadoria dos Direitos das Pessoas com Defici\u00eancia (Copede)\u00a0vai render mais um avan\u00e7o na empregabilidade da cidade. No dia 11 de fevereiro, das 10h \u00e0s 13h, na sede do Fundo Social de Solidariedade, vai haver palestra e debate com o tema \u201cLei de cotas [&hellip;]<\/p>\n","protected":false},"author":14,"featured_media":0,"comment_status":"closed","ping_status":"closed","sticky":false,"template":"","format":"standard","meta":{"footnotes":""},"categories":[2],"tags":[562,509,416],"ods":[],"class_list":["post-165740","post","type-post","status-publish","format-standard","hentry","category-noticias","tag-coordenadoria-do-trabalho-emprego-e-renda","tag-coordenadoria-dos-direitos-das-pessoas-com-deficiencia","tag-fundo-social-de-solidariedade-funss"],"_links":{"self":[{"href":"https:\/\/jundiai.sp.gov.br\/noticias\/wp-json\/wp\/v2\/posts\/165740","targetHints":{"allow":["GET"]}}],"collection":[{"href":"https:\/\/jundiai.sp.gov.br\/noticias\/wp-json\/wp\/v2\/posts"}],"about":[{"href":"https:\/\/jundiai.sp.gov.br\/noticias\/wp-json\/wp\/v2\/types\/post"}],"author":[{"embeddable":true,"href":"https:\/\/jundiai.sp.gov.br\/noticias\/wp-json\/wp\/v2\/users\/14"}],"replies":[{"embeddable":true,"href":"https:\/\/jundiai.sp.gov.br\/noticias\/wp-json\/wp\/v2\/comments?post=165740"}],"version-history":[{"count":8,"href":"https:\/\/jundiai.sp.gov.br\/noticias\/wp-json\/wp\/v2\/posts\/165740\/revisions"}],"predecessor-version":[{"id":165832,"href":"https:\/\/jundiai.sp.gov.br\/noticias\/wp-json\/wp\/v2\/posts\/165740\/revisions\/165832"}],"wp:attachment":[{"href":"https:\/\/jundiai.sp.gov.br\/noticias\/wp-json\/wp\/v2\/media?parent=165740"}],"wp:term":[{"taxonomy":"category","embeddable":true,"href":"https:\/\/jundiai.sp.gov.br\/noticias\/wp-json\/wp\/v2\/categories?post=165740"},{"taxonomy":"post_tag","embeddable":true,"href":"https:\/\/jundiai.sp.gov.br\/noticias\/wp-json\/wp\/v2\/tags?post=165740"},{"taxonomy":"ods","embeddable":true,"href":"https:\/\/jundiai.sp.gov.br\/noticias\/wp-json\/wp\/v2\/ods?post=165740"}],"curies":[{"name":"wp","href":"https:\/\/api.w.org\/{rel}","templated":true}]}}