{"id":165773,"date":"2016-01-12T16:21:46","date_gmt":"2016-01-12T18:21:46","guid":{"rendered":"https:\/\/jundiai.sp.gov.br\/noticias\/?p=165773"},"modified":"2020-11-06T10:35:31","modified_gmt":"2020-11-06T13:35:31","slug":"audiencia-do-patrimonio-imaterial-esta-marcada-para-esta-quarta-13","status":"publish","type":"post","link":"https:\/\/jundiai.sp.gov.br\/noticias\/2016\/01\/12\/audiencia-do-patrimonio-imaterial-esta-marcada-para-esta-quarta-13\/","title":{"rendered":"Audi\u00eancia do Patrim\u00f4nio Imaterial est\u00e1 marcada para esta quarta (13)"},"content":{"rendered":"<p><strong>A <a href=\"http:\/\/cultura.jundiai.sp.gov.br\/\" target=\"_blank\" rel=\"noopener noreferrer\">Secretaria de Cultura<\/a>, por meio da Diretoria de Patrim\u00f4nio Hist\u00f3rico e Cultural, faz nesta quarta-feira (13) a Audi\u00eancia P\u00fablica para discuss\u00e3o de bens imateriais, a partir das 19h, no plen\u00e1rio da <a href=\"http:\/\/www.jundiai.sp.leg.br\/\" target=\"_blank\" rel=\"noopener noreferrer\">C\u00e2mara Municipal<\/a>.<\/strong><\/p>\n<p>A sess\u00e3o vai permitir o <strong>di\u00e1logo sobre o registro dos bens imateriais do <a href=\"https:\/\/jundiai.sp.gov.br\/noticias\/2015\/11\/04\/cultura-comemora-a-abertura-de-registro-de-bens-imateriais\/\" target=\"_blank\" rel=\"noopener noreferrer\">\u201cBloco Carnavalesco Refogado do Sandi\u201d, do \u201cClube Beneficente Cultural Recreativo 28 de Setembro\u201d e da \u201cRomaria Diocesana Masculina\u201d<\/a><\/strong>.<\/p>\n<p><strong>LEIA TAMB\u00c9M<\/strong><br \/>\n<a href=\"https:\/\/jundiai.sp.gov.br\/noticias\/2016\/01\/11\/aproveite-as-ferias-com-esporte-cultura-e-lazer\/\" target=\"_blank\" rel=\"noopener noreferrer\">Aproveite as f\u00e9rias com esporte, cultura e lazer<\/a><br \/>\n<a href=\"https:\/\/jundiai.sp.gov.br\/noticias\/2016\/01\/12\/renomado-artista-abre-temporada-na-pinacoteca\/\" target=\"_blank\" rel=\"noopener noreferrer\">Renomado artista abre temporada na Pinacoteca<\/a><br \/>\n<a href=\"https:\/\/jundiai.sp.gov.br\/noticias\/2016\/01\/11\/rock-tem-espaco-reservado-na-33a-festa-da-uva\/\" target=\"_blank\" rel=\"noopener noreferrer\">\u2018Rock\u2019 tem espa\u00e7o reservado na Festa da Uva 2016<\/a><br \/>\n<a href=\"https:\/\/jundiai.sp.gov.br\/noticias\/2016\/01\/11\/ggim-promove-reuniao-para-discutir-a-seguranca-no-carnaval\/\" target=\"_blank\" rel=\"noopener noreferrer\">GGIM promove reuni\u00e3o para discutir a seguran\u00e7a no Carnaval<\/a><\/p>\n<div id=\"attachment_165774\" style=\"width: 410px\" class=\"wp-caption alignright\"><a href=\"https:\/\/jundiai.sp.gov.br\/noticias\/wp-content\/uploads\/sites\/32\/2016\/01\/Patrimonio_ImaterialG2.jpg\"><img loading=\"lazy\" decoding=\"async\" aria-describedby=\"caption-attachment-165774\" class=\"size-large wp-image-165774\" src=\"https:\/\/jundiai.sp.gov.br\/noticias\/wp-content\/uploads\/sites\/32\/2016\/01\/Patrimonio_ImaterialG2-720x433.jpg\" alt=\"Em novembro de 2015, a secretaria de Cultura realizou palestra sobre Patrim\u00f4nio Imaterial\" width=\"400\" height=\"350\" \/><\/a><p id=\"caption-attachment-165774\" class=\"wp-caption-text\">Em novembro de 2015, a secretaria de Cultura realizou palestra sobre Patrim\u00f4nio Imaterial<\/p><\/div>\n<p>Segundo o diretor de Patrim\u00f4nio Hist\u00f3rico e Cultural, Donizetti Aparecido Pinto, a <strong>audi\u00eancia \u00e9 etapa importante para o processo de registro<\/strong>. \u201cA lei que instituiu o processo de registro \u00e9 recente e entendemos que \u00e9 a <strong>discuss\u00e3o com a popula\u00e7\u00e3o \u00e9 necess\u00e1ria antes de o Conselho Municipal do Patrim\u00f4nio Cultural (Compac) aprovar o registro<\/strong>\u201d, explica.<\/p>\n<p>A legisla\u00e7\u00e3o sobre os bens imateriais do patrim\u00f4nio foi criada em 2015, com a <a href=\"http:\/\/sapl.jundiai.sp.leg.br\/consultas\/norma_juridica\/norma_juridica_mostrar_proc?cod_norma=16047\" target=\"_blank\" rel=\"noopener noreferrer\">lei complementar 564<\/a> (que est\u00e1 relacionada com a <a href=\"http:\/\/sapl.jundiai.sp.leg.br\/consultas\/norma_juridica\/norma_juridica_mostrar_proc?cod_norma=8490\" target=\"_blank\" rel=\"noopener noreferrer\">lei 443, de 2007<\/a>),e <a href=\"https:\/\/jundiai.sp.gov.br\/noticias\/2015\/09\/22\/prefeito-sanciona-lei-que-regulamenta-patrimonio-imaterial-na-cidade\/\" target=\"_blank\" rel=\"noopener noreferrer\">sancionada em setembro pelo prefeito Pedro Bigardi<\/a>.<\/p>\n<p>A C\u00e2mara Municipal fica na <strong>rua Bar\u00e3o de Jundia\u00ed, 128<\/strong>, Esplanada Monte Castelo, no Centro Hist\u00f3rico.<\/p>\n<p><strong><em>Assessoria de Imprensa<br \/>\nFoto: Fot\u00f3grafos PMJ<\/em><\/strong><\/p>\n","protected":false},"excerpt":{"rendered":"<p>LEIA TAMB\u00c9M: Renomado artista H\u00e9lio Schonmann abre a temporada na Pinacoteca nesta quinta-feira (14) a mostra \u201cAvessos\u201d<\/p>\n","protected":false},"author":14,"featured_media":0,"comment_status":"closed","ping_status":"closed","sticky":false,"template":"","format":"standard","meta":{"footnotes":""},"categories":[2],"tags":[428,256,29,800],"ods":[],"class_list":["post-165773","post","type-post","status-publish","format-standard","hentry","category-noticias","tag-camara-municipal","tag-conselho-do-patrimonio-cultural-compac","tag-cultura","tag-patrimonio-historico-e-cultural"],"_links":{"self":[{"href":"https:\/\/jundiai.sp.gov.br\/noticias\/wp-json\/wp\/v2\/posts\/165773","targetHints":{"allow":["GET"]}}],"collection":[{"href":"https:\/\/jundiai.sp.gov.br\/noticias\/wp-json\/wp\/v2\/posts"}],"about":[{"href":"https:\/\/jundiai.sp.gov.br\/noticias\/wp-json\/wp\/v2\/types\/post"}],"author":[{"embeddable":true,"href":"https:\/\/jundiai.sp.gov.br\/noticias\/wp-json\/wp\/v2\/users\/14"}],"replies":[{"embeddable":true,"href":"https:\/\/jundiai.sp.gov.br\/noticias\/wp-json\/wp\/v2\/comments?post=165773"}],"version-history":[{"count":9,"href":"https:\/\/jundiai.sp.gov.br\/noticias\/wp-json\/wp\/v2\/posts\/165773\/revisions"}],"predecessor-version":[{"id":258100,"href":"https:\/\/jundiai.sp.gov.br\/noticias\/wp-json\/wp\/v2\/posts\/165773\/revisions\/258100"}],"wp:attachment":[{"href":"https:\/\/jundiai.sp.gov.br\/noticias\/wp-json\/wp\/v2\/media?parent=165773"}],"wp:term":[{"taxonomy":"category","embeddable":true,"href":"https:\/\/jundiai.sp.gov.br\/noticias\/wp-json\/wp\/v2\/categories?post=165773"},{"taxonomy":"post_tag","embeddable":true,"href":"https:\/\/jundiai.sp.gov.br\/noticias\/wp-json\/wp\/v2\/tags?post=165773"},{"taxonomy":"ods","embeddable":true,"href":"https:\/\/jundiai.sp.gov.br\/noticias\/wp-json\/wp\/v2\/ods?post=165773"}],"curies":[{"name":"wp","href":"https:\/\/api.w.org\/{rel}","templated":true}]}}