{"id":166380,"date":"2016-01-18T18:27:05","date_gmt":"2016-01-18T20:27:05","guid":{"rendered":"https:\/\/jundiai.sp.gov.br\/noticias\/?p=166380"},"modified":"2016-11-04T13:23:06","modified_gmt":"2016-11-04T15:23:06","slug":"ra-inedita-da-serra-do-japi-ganha-repercussao","status":"publish","type":"post","link":"https:\/\/jundiai.sp.gov.br\/noticias\/2016\/01\/18\/ra-inedita-da-serra-do-japi-ganha-repercussao\/","title":{"rendered":"R\u00e3 in\u00e9dita da Serra do Japi ganha repercuss\u00e3o nacional"},"content":{"rendered":"<p><strong>Um trabalho de quase tr\u00eas anos de pesquisas, que confirmou em 2015 que uma das esp\u00e9cies de r\u00e3zinha-de-riacho da Serra do Japi \u00e9 uma varia\u00e7\u00e3o totalmente desconhecida nos registros cient\u00edficos da sua fam\u00edlia biol\u00f3gica Hylodidae, come\u00e7a a ganhar mais repercuss\u00e3o na m\u00eddia pelo trabalho de F\u00e1bio Perin de S\u00e1 e C\u00e9lio Haddad na Universidade Estadual Paulista (Unesp).<\/strong><\/p>\n<p>Agora oficialmente batizada de <strong><em>Hylodes japi<\/em><\/strong>, a esp\u00e9cie foi descrita na publica\u00e7\u00e3o especializada Plos One e alvo de uma <a href=\"http:\/\/www1.folha.uol.com.br\/ciencia\/2016\/01\/1729764-perereca-dancarina-encanta-cientistas-com-movimentos-unicos.shtml\" target=\"_blank\">reportagem organizada pelo jornalista Gabriel Alves na vers\u00e3o eletr\u00f4nica do jornal Folha de S.Paulo<\/a>.<\/p>\n<p><a href=\"http:\/\/www.bioone.org\/doi\/10.1655\/HERPETOLOGICA-D-13-00053\" target=\"_blank\">CONFIRA O ARTIGO (EM INGL\u00caS)<\/a><\/p>\n<p><strong>LEIA TAMB\u00c9M<\/strong><br \/>\n<a href=\"https:\/\/jundiai.sp.gov.br\/noticias\/2015\/06\/26\/cameras-de-monitoramento-da-fauna-sao-colocadas-na-serra\/\">C\u00e2meras de monitoramento s\u00e3o colocadas na Serra<\/a><br \/>\n<a href=\"https:\/\/jundiai.sp.gov.br\/noticias\/2015\/12\/28\/prefeitura-intensifica-acoes-de-protecao-da-serra-do-japi\/\">Prefeitura intensifica a\u00e7\u00f5es de prote\u00e7\u00e3o da Serra do Japi<\/a><\/p>\n<div id=\"attachment_166381\" style=\"width: 730px\" class=\"wp-caption aligncenter\"><a href=\"https:\/\/jundiai.sp.gov.br\/noticias\/wp-content\/uploads\/sites\/32\/2016\/01\/Hylodes-japi_g.jpg\"><img loading=\"lazy\" decoding=\"async\" aria-describedby=\"caption-attachment-166381\" class=\"size-large wp-image-166381\" src=\"https:\/\/jundiai.sp.gov.br\/noticias\/wp-content\/uploads\/sites\/32\/2016\/01\/Hylodes-japi_g-720x463.jpg\" alt=\"Foto da esp\u00e9cie descoberta por F\u00e1bio Perin de S\u00e1\" width=\"720\" height=\"463\" srcset=\"https:\/\/jundiai.sp.gov.br\/noticias\/wp-content\/uploads\/sites\/32\/2016\/01\/Hylodes-japi_g-720x463.jpg 720w, https:\/\/jundiai.sp.gov.br\/noticias\/wp-content\/uploads\/sites\/32\/2016\/01\/Hylodes-japi_g-300x193.jpg 300w, https:\/\/jundiai.sp.gov.br\/noticias\/wp-content\/uploads\/sites\/32\/2016\/01\/Hylodes-japi_g.jpg 1240w\" sizes=\"auto, (max-width: 720px) 100vw, 720px\" \/><\/a><p id=\"caption-attachment-166381\" class=\"wp-caption-text\">Foto da esp\u00e9cie descoberta por F\u00e1bio Perin de S\u00e1<\/p><\/div>\n<p>O trabalho teve o <strong>apoio direto da Base Ecol\u00f3gica, mantida na Reserva Biol\u00f3gica Municipal (Rebio) pela Prefeitura<\/strong>, que tamb\u00e9m promoveu a <strong>divulga\u00e7\u00e3o desse avan\u00e7o cient\u00edfico nos estudos da biodiversidade local em abril de 2015<\/strong>.<\/p>\n<p><a href=\"http:\/\/www.bioone.org\/doi\/10.1655\/HERPETOLOGICA-D-13-00053\" target=\"_blank\">CONFIRA O ARTIGO (EM INGL\u00caS)<\/a><\/p>\n<p>De acordo com a secret\u00e1ria de Planejamento e Meio Ambiente, Daniela da Camara Sutti, <strong>a novidade apenas refor\u00e7ou os cuidados que o governo Pedro Bigardi tem com a regi\u00e3o da Serra e a divulga\u00e7\u00e3o \u00e9 importante tanto para o conhecimento dos moradores da cidade quanto para outros lugares conhecerem os esfor\u00e7os de conserva\u00e7\u00e3o em Jundia\u00ed<\/strong>. Os pesquisadores tamb\u00e9m destacam os efeitos colaterais no <strong>aspecto educativo<\/strong>.<\/p>\n<p>\u201cO mais interessante \u00e9 que nossa descoberta mostra que <strong>a esp\u00e9cie nova s\u00f3 ocorre na Serra do Japi<\/strong>. Acredito que esta <strong>descoberta de uma nova esp\u00e9cie de vertebrado end\u00eamica da Serra<\/strong> (ou seja, que ocorre apenas ali) tem muito a <strong>contribuir com a preserva\u00e7\u00e3o desse importante remanescente da Mata Atl\u00e2ntica brasileira<\/strong>\u201d, afirmou em abril de 2015 o pesquisador F\u00e1bio Perin de S\u00e1, que trabalhou de 2010 a 2013 em mestrado sobre o tema na Unesp.<\/p>\n<p><a href=\"https:\/\/jundiai.sp.gov.br\/projeto-nossa-serra\/\" target=\"_blank\">CONHE\u00c7A MAIS SOBRE O PROJETO NOSSA SERRA<\/a><\/p>\n<p>O principal destaque da disserta\u00e7\u00e3o foi dedicado \u00e0 <strong>descri\u00e7\u00e3o da esp\u00e9cie e do modo reprodutivo<\/strong>, um comportamento que al\u00e9m de ser <strong>bastante raro de ser observado s\u00f3 era conhecido para peixes<\/strong> (antes de ser descrito para esp\u00e9cies da fam\u00edlia Hylodidae). Esse modo reprodutivo consiste em <strong>depositar ovos dentro de uma c\u00e2mara subaqu\u00e1tica constru\u00edda no leito de riacho<\/strong>. Mas os <strong>aspectos comunicacionais da esp\u00e9cie tamb\u00e9m formam destaque<\/strong>.<\/p>\n<p>Os dados verificados mostraram que essa r\u00e3zinha existente na Serra (at\u00e9 ent\u00e3o tratada genericamente como Hylodes ornatus) \u00e9 uma <strong>esp\u00e9cie nova<\/strong>. A expectativa dos pesquisadores \u00e9 de que, de algum modo, a nova esp\u00e9cie de r\u00e3zinha, agora oficial e cientificamente chamada de <strong><em>Hylodes japi<\/em><\/strong>, contribua para o <strong>trabalho de conserva\u00e7\u00e3o da floresta cujo nome em tupi significa &#8220;nascentes&#8221;<\/strong> &#8211; numa men\u00e7\u00e3o exatamente ao habit\u00e1t no qual a nova esp\u00e9cie descrita vive.<\/p>\n<p>A Serra do Japi tem <strong>mais de 30 esp\u00e9cies de anf\u00edbios, com comportamentos e habit\u00e1ts variados<\/strong>, desde riachos, brom\u00e9lias, \u00e1rvores ou ch\u00e3o da floresta.<\/p>\n<p><strong>Alta tecnologia<\/strong><br \/>\nA confirma\u00e7\u00e3o da diferencia\u00e7\u00e3o entre diversas esp\u00e9cies de Hylodes foi trabalhada com <strong>an\u00e1lise molecular, com coleta de DNA em kits de extra\u00e7\u00e3o do tipo DNeasy, pela proximidade morfol\u00f3gica com outras variedades do g\u00eanero, mostrando tra\u00e7os geneticamente distintos<\/strong>.<\/p>\n<p>O trabalho liderado por F\u00e1bio Perin de S\u00e1 foi publicado em forma de artigo na revista Herpetol\u00f3gica, <a href=\"http:\/\/www.bioone.org\/doi\/10.1655\/HERPETOLOGICA-D-13-00053\" target=\"_blank\">dispon\u00edvel no portal Bio One Research Evolved<\/a>, escrito em coautoria com Clarissa Canedo, Mariana L. Lyra e o pr\u00f3prio C\u00e9lio F.B. Haddad. Tamb\u00e9m colaborou com a pesquisa a bi\u00f3loga Adriana Salom\u00e3o, especializada em outra raridade da Serra do Japi que \u00e9 o chamado \u201cbicho casca\u201d.<\/p>\n<p><strong>Mais publica\u00e7\u00e3o<\/strong><br \/>\nA publica\u00e7\u00e3o da pesquisa <strong><a href=\"http:\/\/www.oeco.org.br\/noticias\/ra-brasileira-canta-e-danca-para-acasalar-e-advertir-rivais\/\" target=\"_blank\">tamb\u00e9m foi destaque no portal O Eco<\/a>, mantido por especialistas, pesquisadores e jornalistas voltados para o tema da biologia<\/strong>.<\/p>\n<p><strong><em>Jos\u00e9 Arnaldo de Oliveira<br \/>\nFoto: Arquivo Pessoal<\/em><\/strong><\/p>\n","protected":false},"excerpt":{"rendered":"<p>Descoberta da esp\u00e9cie nova que s\u00f3 ocorre na Serra contribui com a preserva\u00e7\u00e3o desse importante remanescente da Mata Atl\u00e2ntica<\/p>\n","protected":false},"author":14,"featured_media":166392,"comment_status":"closed","ping_status":"closed","sticky":false,"template":"","format":"standard","meta":{"footnotes":""},"categories":[2],"tags":[32,323],"ods":[],"class_list":["post-166380","post","type-post","status-publish","format-standard","has-post-thumbnail","hentry","category-noticias","tag-planejamento-e-meio-ambiente","tag-serra-do-japi"],"_links":{"self":[{"href":"https:\/\/jundiai.sp.gov.br\/noticias\/wp-json\/wp\/v2\/posts\/166380","targetHints":{"allow":["GET"]}}],"collection":[{"href":"https:\/\/jundiai.sp.gov.br\/noticias\/wp-json\/wp\/v2\/posts"}],"about":[{"href":"https:\/\/jundiai.sp.gov.br\/noticias\/wp-json\/wp\/v2\/types\/post"}],"author":[{"embeddable":true,"href":"https:\/\/jundiai.sp.gov.br\/noticias\/wp-json\/wp\/v2\/users\/14"}],"replies":[{"embeddable":true,"href":"https:\/\/jundiai.sp.gov.br\/noticias\/wp-json\/wp\/v2\/comments?post=166380"}],"version-history":[{"count":14,"href":"https:\/\/jundiai.sp.gov.br\/noticias\/wp-json\/wp\/v2\/posts\/166380\/revisions"}],"predecessor-version":[{"id":166471,"href":"https:\/\/jundiai.sp.gov.br\/noticias\/wp-json\/wp\/v2\/posts\/166380\/revisions\/166471"}],"wp:featuredmedia":[{"embeddable":true,"href":"https:\/\/jundiai.sp.gov.br\/noticias\/wp-json\/wp\/v2\/media\/166392"}],"wp:attachment":[{"href":"https:\/\/jundiai.sp.gov.br\/noticias\/wp-json\/wp\/v2\/media?parent=166380"}],"wp:term":[{"taxonomy":"category","embeddable":true,"href":"https:\/\/jundiai.sp.gov.br\/noticias\/wp-json\/wp\/v2\/categories?post=166380"},{"taxonomy":"post_tag","embeddable":true,"href":"https:\/\/jundiai.sp.gov.br\/noticias\/wp-json\/wp\/v2\/tags?post=166380"},{"taxonomy":"ods","embeddable":true,"href":"https:\/\/jundiai.sp.gov.br\/noticias\/wp-json\/wp\/v2\/ods?post=166380"}],"curies":[{"name":"wp","href":"https:\/\/api.w.org\/{rel}","templated":true}]}}