{"id":166799,"date":"2016-01-22T22:45:51","date_gmt":"2016-01-23T00:45:51","guid":{"rendered":"https:\/\/jundiai.sp.gov.br\/noticias\/?p=166799"},"modified":"2016-11-04T13:15:28","modified_gmt":"2016-11-04T15:15:28","slug":"festa-da-uva-e-opcao-de-lazer-para-familias-na-sexta-a-noite","status":"publish","type":"post","link":"https:\/\/jundiai.sp.gov.br\/noticias\/2016\/01\/22\/festa-da-uva-e-opcao-de-lazer-para-familias-na-sexta-a-noite\/","title":{"rendered":"Festa da Uva \u00e9 op\u00e7\u00e3o de lazer para fam\u00edlias na sexta \u00e0 noite"},"content":{"rendered":"<p><strong>O segundo final de semana da <a href=\"http:\/\/festadauva.jundiai.sp.gov.br\/\" target=\"_blank\">33\u00aa Festa da Uva e 4\u00aa Expo Vinhos<\/a>, promovida pela Prefeitura por meio da Secretaria de Agricultura, Abastecimento e Turismo, come\u00e7ou com v\u00e1rias atra\u00e7\u00f5es. M\u00fasica de qualidade, boa comida, venda e exposi\u00e7\u00f5es de uvas e atividades para o p\u00fablico infantil levaram fam\u00edlias e jovens de Jundia\u00ed e regi\u00e3o ao Parque Comendador Ant\u00f4nio Carbonari (Parque da Uva), na noite desta sexta-feira (22).<\/strong><\/p>\n<p><a href=\"https:\/\/www.flickr.com\/photos\/prefeituradejundiai\/sets\/\" target=\"_blank\">CONFIRA AS FOTOS DA FESTA<\/a><\/p>\n<p>Mesaque Leite saiu com a fam\u00edlia da capital paulista direto para a Festa da Uva de Jundia\u00ed e <strong>se surpreendeu com o que viu<\/strong>. Acompanhado da esposa Marcia Melo, do filho Arthur e da m\u00e3e Maria, ele <strong>elogiou a estrutura e organiza\u00e7\u00e3o do evento. \u201cAchei bem bacana, viemos interessados em adquirir as frutas e nos surpreendemos com a estrutura da festa\u201d<\/strong>, afirmou.<\/p>\n<p><strong>LEIA TAMB\u00c9M<\/strong><br \/>\n<a href=\"https:\/\/jundiai.sp.gov.br\/noticias\/2016\/01\/22\/festa-da-uva-2016-garante-vagas-especiais-com-cartao\/\">Festa da Uva 2016 garante vagas especiais com cart\u00e3o<\/a><br \/>\n<a href=\"https:\/\/jundiai.sp.gov.br\/noticias\/2016\/01\/21\/atracoes-musicais-se-renovam-na-33a-festa-da-uva-de-jundiai\/\">Atra\u00e7\u00f5es musicais se renovam na 33\u00aa Festa da Uva de Jundia\u00ed<\/a><\/p>\n<div id=\"attachment_166800\" style=\"width: 730px\" class=\"wp-caption aligncenter\"><a href=\"https:\/\/jundiai.sp.gov.br\/noticias\/wp-content\/uploads\/sites\/32\/2016\/01\/DPF7578g.jpg\" rel=\"attachment wp-att-166800\"><img loading=\"lazy\" decoding=\"async\" aria-describedby=\"caption-attachment-166800\" class=\"size-large wp-image-166800\" src=\"https:\/\/jundiai.sp.gov.br\/noticias\/wp-content\/uploads\/sites\/32\/2016\/01\/DPF7578g-720x470.jpg\" alt=\" Muitas fam\u00edlias marcaram presen\u00e7a na festa na noite desta sexta-feira (22)\" width=\"720\" height=\"470\" srcset=\"https:\/\/jundiai.sp.gov.br\/noticias\/wp-content\/uploads\/sites\/32\/2016\/01\/DPF7578g-720x470.jpg 720w, https:\/\/jundiai.sp.gov.br\/noticias\/wp-content\/uploads\/sites\/32\/2016\/01\/DPF7578g-300x196.jpg 300w, https:\/\/jundiai.sp.gov.br\/noticias\/wp-content\/uploads\/sites\/32\/2016\/01\/DPF7578g-768x502.jpg 768w, https:\/\/jundiai.sp.gov.br\/noticias\/wp-content\/uploads\/sites\/32\/2016\/01\/DPF7578g.jpg 1240w\" sizes=\"auto, (max-width: 720px) 100vw, 720px\" \/><\/a><p id=\"caption-attachment-166800\" class=\"wp-caption-text\"><br \/>Muitas fam\u00edlias marcaram presen\u00e7a na festa na noite desta sexta-feira (22)<\/p><\/div>\n<p>Desde que se mudou para Jundia\u00ed, h\u00e1 quatro anos, o casal Marcos de Souza e Ane Caroline <strong>n\u00e3o perde uma edi\u00e7\u00e3o da Festa da Uva<\/strong>. \u201cSomos de Presidente Prudente e desde que nos mudamos para c\u00e1 comparecemos \u00e0 festa, <strong>\u00e9 uma forma de conhecermos a popula\u00e7\u00e3o e a cultura da cidade<\/strong>. Al\u00e9m disso, tamb\u00e9m \u00e9 uma <strong>oportunidade de contribuirmos com as entidades que vendem seus produtos nas barracas de alimenta\u00e7\u00e3o<\/strong>.\u201d<\/p>\n<p>O <strong>ambiente familiar<\/strong> \u00e9 o que chamou a aten\u00e7\u00e3o do casal de V\u00e1rzea Paulista, Heider Carvalho e Kelli Muller, que visitou\u00a0a festa com a filha Ingrid. \u201cViemos no ano passado e gostamos muito. Como n\u00e3o tem grandes shows, <strong>a festa \u00e9 frequentada por fam\u00edlias<\/strong>\u201d, comentou Heider.<\/p>\n<p><div id=\"attachment_166801\" style=\"width: 410px\" class=\"wp-caption alignleft\"><a href=\"https:\/\/jundiai.sp.gov.br\/noticias\/wp-content\/uploads\/sites\/32\/2016\/01\/DPF7613g.jpg\" rel=\"attachment wp-att-166801\"><img loading=\"lazy\" decoding=\"async\" aria-describedby=\"caption-attachment-166801\" class=\"size-large wp-image-166801\" src=\"https:\/\/jundiai.sp.gov.br\/noticias\/wp-content\/uploads\/sites\/32\/2016\/01\/DPF7613g-720x470.jpg\" alt=\"Banda Mister Up agradou p\u00fablico com show ac\u00fastico\" width=\"400\" height=\"350\" \/><\/a><p id=\"caption-attachment-166801\" class=\"wp-caption-text\">Banda Mister Up agradou p\u00fablico com show ac\u00fastico<\/p><\/div><strong>Mais uma vez, os palcos do evento foram ocupados pelas bandas da cidade<\/strong>. Os sambistas do <strong>Terno de Grupo<\/strong> abriram a programa\u00e7\u00e3o musical no palco interno, enquanto o rock rolou solto no lado de fora com a <strong>banda Radical Chick<\/strong>, seguido pela banda de reggae <strong>Afrodizia<\/strong>. No coreto, o pessoal do <strong>Mister Up<\/strong> agradou com seu show ac\u00fastico. O grupo <strong>Ara\u00fana<\/strong> encerrou a noite com apresenta\u00e7\u00e3o de cultura popular no palco interno.<\/p>\n<p><strong>S\u00e1bado e domingo<\/strong><br \/>\nO <strong>desfile e Encontro de Motociclistas abre a programa\u00e7\u00e3o da festa no s\u00e1bado (23), \u00e0s 10h, com sa\u00edda do Pa\u00e7o Municipal em dire\u00e7\u00e3o ao Parque da Uva<\/strong>. No <strong>domingo (24), o dia come\u00e7a com o desfile e Encontro dos Carros Antigos, que sai do Pa\u00e7o Municipal em dire\u00e7\u00e3o ao Parque da Uva \u00e0s 10h<\/strong>. Nos dois dias, a <strong><a href=\"https:\/\/jundiai.sp.gov.br\/noticias\/2016\/01\/21\/atracoes-musicais-se-renovam-na-33a-festa-da-uva-de-jundiai\/\">programa\u00e7\u00e3o prossegue no Parque da Uva, com shows musicais, pisa da uva, interven\u00e7\u00f5es art\u00edsticas<\/a>, pra\u00e7a de alimenta\u00e7\u00e3o, exposi\u00e7\u00e3o e venda de uvas. A entrada \u00e9 franca.<\/strong><\/p>\n<p><strong><em>Viviane Rodrigues<br \/>\nFotos: Dorival Pinheiro Filho<\/em><\/strong><\/p>\n","protected":false},"excerpt":{"rendered":"<p>MAIS FESTA DA UVA: Idosos e pessoas com defici\u00eancia encontram vagas especiais de estacionamento, com cart\u00e3o<\/p>\n","protected":false},"author":14,"featured_media":166803,"comment_status":"closed","ping_status":"closed","sticky":false,"template":"","format":"standard","meta":{"footnotes":""},"categories":[2],"tags":[786,798,41,29,458,797,7,768,138,276],"ods":[],"class_list":["post-166799","post","type-post","status-publish","format-standard","has-post-thumbnail","hentry","category-noticias","tag-33a-festa-da-uva","tag-4a-expo-vinhos","tag-agricultura-abastecimento-e-turismo","tag-cultura","tag-expo-vinhos","tag-expo-vinhos-2016","tag-festa-da-uva","tag-festa-da-uva-2016","tag-paco-municipal","tag-parque-da-uva"],"_links":{"self":[{"href":"https:\/\/jundiai.sp.gov.br\/noticias\/wp-json\/wp\/v2\/posts\/166799","targetHints":{"allow":["GET"]}}],"collection":[{"href":"https:\/\/jundiai.sp.gov.br\/noticias\/wp-json\/wp\/v2\/posts"}],"about":[{"href":"https:\/\/jundiai.sp.gov.br\/noticias\/wp-json\/wp\/v2\/types\/post"}],"author":[{"embeddable":true,"href":"https:\/\/jundiai.sp.gov.br\/noticias\/wp-json\/wp\/v2\/users\/14"}],"replies":[{"embeddable":true,"href":"https:\/\/jundiai.sp.gov.br\/noticias\/wp-json\/wp\/v2\/comments?post=166799"}],"version-history":[{"count":4,"href":"https:\/\/jundiai.sp.gov.br\/noticias\/wp-json\/wp\/v2\/posts\/166799\/revisions"}],"predecessor-version":[{"id":166804,"href":"https:\/\/jundiai.sp.gov.br\/noticias\/wp-json\/wp\/v2\/posts\/166799\/revisions\/166804"}],"wp:featuredmedia":[{"embeddable":true,"href":"https:\/\/jundiai.sp.gov.br\/noticias\/wp-json\/wp\/v2\/media\/166803"}],"wp:attachment":[{"href":"https:\/\/jundiai.sp.gov.br\/noticias\/wp-json\/wp\/v2\/media?parent=166799"}],"wp:term":[{"taxonomy":"category","embeddable":true,"href":"https:\/\/jundiai.sp.gov.br\/noticias\/wp-json\/wp\/v2\/categories?post=166799"},{"taxonomy":"post_tag","embeddable":true,"href":"https:\/\/jundiai.sp.gov.br\/noticias\/wp-json\/wp\/v2\/tags?post=166799"},{"taxonomy":"ods","embeddable":true,"href":"https:\/\/jundiai.sp.gov.br\/noticias\/wp-json\/wp\/v2\/ods?post=166799"}],"curies":[{"name":"wp","href":"https:\/\/api.w.org\/{rel}","templated":true}]}}