{"id":166985,"date":"2016-01-26T15:02:57","date_gmt":"2016-01-26T17:02:57","guid":{"rendered":"https:\/\/jundiai.sp.gov.br\/noticias\/?p=166985"},"modified":"2016-11-04T13:15:26","modified_gmt":"2016-11-04T15:15:26","slug":"festa-da-uva-2016-bate-recorde-de-utilizacao-de-wi-fi","status":"publish","type":"post","link":"https:\/\/jundiai.sp.gov.br\/noticias\/2016\/01\/26\/festa-da-uva-2016-bate-recorde-de-utilizacao-de-wi-fi\/","title":{"rendered":"Festa da Uva 2016 bate recorde de utiliza\u00e7\u00e3o de Wi-Fi"},"content":{"rendered":"<p><strong>Al\u00e9m das apresenta\u00e7\u00f5es teatrais, culturais, musicais e de dan\u00e7a, gastronomia, espa\u00e7o infantil, entre outros, a<a href=\"http:\/\/festadauva.jundiai.sp.gov.br\/\"> 33\u00aa Festa da Uva e da 4\u00aa Expo Vinhos de Jundia\u00ed<\/a> conta com Wi-Fi gr\u00e1tis pelo canal Conect@do, da <a href=\"http:\/\/www.cijun.sp.gov.br\/\">Companhia de Inform\u00e1tica de Jundia\u00ed (Cijun).<\/a>\u00a0E, no \u00faltimo domingo (24) de evento, tamb\u00e9m bateu recorde de utiliza\u00e7\u00e3o simult\u00e2nea.<\/strong><\/p>\n<p><strong><a href=\"https:\/\/www.flickr.com\/photos\/prefeituradejundiai\/albums\/72157663281966100\" target=\"_blank\">CONFIRA AS FOTOS DA FESTA<\/a><\/strong><\/p>\n<div id=\"attachment_166986\" style=\"width: 730px\" class=\"wp-caption aligncenter\"><a href=\"https:\/\/jundiai.sp.gov.br\/noticias\/wp-content\/uploads\/sites\/32\/2016\/01\/ALE4637g.jpg\" rel=\"attachment wp-att-166986\"><img loading=\"lazy\" decoding=\"async\" aria-describedby=\"caption-attachment-166986\" class=\"wp-image-166986 size-large\" src=\"https:\/\/jundiai.sp.gov.br\/noticias\/wp-content\/uploads\/sites\/32\/2016\/01\/ALE4637g-720x480.jpg\" alt=\"A Festa da Uva conta com mais espa\u00e7os digitais\" width=\"720\" height=\"480\" srcset=\"https:\/\/jundiai.sp.gov.br\/noticias\/wp-content\/uploads\/sites\/32\/2016\/01\/ALE4637g-720x480.jpg 720w, https:\/\/jundiai.sp.gov.br\/noticias\/wp-content\/uploads\/sites\/32\/2016\/01\/ALE4637g-300x200.jpg 300w, https:\/\/jundiai.sp.gov.br\/noticias\/wp-content\/uploads\/sites\/32\/2016\/01\/ALE4637g-768x512.jpg 768w, https:\/\/jundiai.sp.gov.br\/noticias\/wp-content\/uploads\/sites\/32\/2016\/01\/ALE4637g.jpg 1240w\" sizes=\"auto, (max-width: 720px) 100vw, 720px\" \/><\/a><p id=\"caption-attachment-166986\" class=\"wp-caption-text\">A Festa da Uva conta com mais espa\u00e7os digitais<\/p><\/div>\n<p>\u201cA not\u00edcia foi superpositiva e o objetivo do Wi-Fi \u00e9 que a popula\u00e7\u00e3o possa postar nas m\u00eddias sociais e mostrar o qu\u00e3o bacana est\u00e1 sendo a Festa da Uva e com isso trazer mais gente para aproveitar esse fant\u00e1stico evento, que a cada ano vem se aprimorando e crescendo\u201d, afirma Gilberto Novaes, diretor-presidente da <strong><a href=\"http:\/\/www.cijun.sp.gov.br\/\" target=\"_blank\">Companhia de Inform\u00e1tica de Jundia\u00ed<\/a>.<\/strong><\/p>\n<p><strong><a href=\"http:\/\/festadauva.jundiai.sp.gov.br\/\" target=\"_blank\">CONFIRA O SITE DA FESTA DA UVA E EXPO VINHOS<\/a><\/strong><\/p>\n<p><iframe loading=\"lazy\" class=\"alignleft\" width=\"420\" height=\"315\" src=\"https:\/\/www.youtube.com\/embed\/XY-kzQt9tck\" frameborder=\"0\" allowfullscreen><\/iframe><strong>Ao todo foram<\/strong> 8.688 conex\u00f5es na rede Wi-Fi Conect@do (m\u00e9dia de 789 por hora do evento), 908 conex\u00f5es simult\u00e2neas, 3 megabytes (MB) de velocidade m\u00e1xima atingida pelos usu\u00e1rios para download, com 1 MB de velocidade m\u00ednima, 198 gigabytes (GB) de dados trafegados e 94 MB de pico do consumo de banda. Al\u00e9m disso, o dispositivo Android foi o mais utilizado na Festa da Uva.<\/p>\n<p><strong>\u00c9 um compromisso do governo Pedro Bigardi trabalhar por uma cidade mais conectada e digital, e isso j\u00e1 vem sendo feito nos \u00faltimos tr\u00eas anos.<\/strong><\/p>\n<p><b>Mais tecnologia na Festa da Uva<\/b><br \/>\nH\u00e1 ainda espa\u00e7os interativos<b> <\/b>como a <strong><a href=\"https:\/\/www.facebook.com\/FestaDaUvaDeJundiai\/photos\/a.233636096768056.58422.232506390214360\/769860273145633\/?type=3&amp;theater\" target=\"_blank\">Liquid Galaxy, um sistema de navega\u00e7\u00e3o em imers\u00e3o no Google Earth\/Street<\/a> <\/strong>View e a tela de exibi\u00e7\u00e3o de fotos simult\u00e2neas, no qual voc\u00ea posta fotos com a <i>hashtag<\/i> <strong><a href=\"http:\/\/festadauva.jundiai.sp.gov.br\/festadauvajundiai2016\/\" target=\"_blank\">#FestadaUvaJundia\u00ed2016<\/a><\/strong>, no modo p\u00fablico, no Twitter ou Instagram e pode aparecer no tel\u00e3o principal da Festa da Uva.<\/p>\n<p><em><strong>Isabela Silva<\/strong><\/em><br \/>\n<em><strong>Fotos: Alessandro Rosman<\/strong><\/em><\/p>\n","protected":false},"excerpt":{"rendered":"<p>\u00c9 um compromisso do governo Pedro Bigardi trabalhar por uma cidade mais conectada e digital; confira a programa\u00e7\u00e3o do evento<\/p>\n","protected":false},"author":11,"featured_media":166987,"comment_status":"closed","ping_status":"closed","sticky":false,"template":"","format":"standard","meta":{"footnotes":""},"categories":[2],"tags":[786,798,41,235,458,797,7,768,276],"ods":[],"class_list":["post-166985","post","type-post","status-publish","format-standard","has-post-thumbnail","hentry","category-noticias","tag-33a-festa-da-uva","tag-4a-expo-vinhos","tag-agricultura-abastecimento-e-turismo","tag-companhia-de-informatica-de-jundiai-cijun","tag-expo-vinhos","tag-expo-vinhos-2016","tag-festa-da-uva","tag-festa-da-uva-2016","tag-parque-da-uva"],"_links":{"self":[{"href":"https:\/\/jundiai.sp.gov.br\/noticias\/wp-json\/wp\/v2\/posts\/166985","targetHints":{"allow":["GET"]}}],"collection":[{"href":"https:\/\/jundiai.sp.gov.br\/noticias\/wp-json\/wp\/v2\/posts"}],"about":[{"href":"https:\/\/jundiai.sp.gov.br\/noticias\/wp-json\/wp\/v2\/types\/post"}],"author":[{"embeddable":true,"href":"https:\/\/jundiai.sp.gov.br\/noticias\/wp-json\/wp\/v2\/users\/11"}],"replies":[{"embeddable":true,"href":"https:\/\/jundiai.sp.gov.br\/noticias\/wp-json\/wp\/v2\/comments?post=166985"}],"version-history":[{"count":9,"href":"https:\/\/jundiai.sp.gov.br\/noticias\/wp-json\/wp\/v2\/posts\/166985\/revisions"}],"predecessor-version":[{"id":167919,"href":"https:\/\/jundiai.sp.gov.br\/noticias\/wp-json\/wp\/v2\/posts\/166985\/revisions\/167919"}],"wp:featuredmedia":[{"embeddable":true,"href":"https:\/\/jundiai.sp.gov.br\/noticias\/wp-json\/wp\/v2\/media\/166987"}],"wp:attachment":[{"href":"https:\/\/jundiai.sp.gov.br\/noticias\/wp-json\/wp\/v2\/media?parent=166985"}],"wp:term":[{"taxonomy":"category","embeddable":true,"href":"https:\/\/jundiai.sp.gov.br\/noticias\/wp-json\/wp\/v2\/categories?post=166985"},{"taxonomy":"post_tag","embeddable":true,"href":"https:\/\/jundiai.sp.gov.br\/noticias\/wp-json\/wp\/v2\/tags?post=166985"},{"taxonomy":"ods","embeddable":true,"href":"https:\/\/jundiai.sp.gov.br\/noticias\/wp-json\/wp\/v2\/ods?post=166985"}],"curies":[{"name":"wp","href":"https:\/\/api.w.org\/{rel}","templated":true}]}}