{"id":167324,"date":"2016-01-29T16:10:47","date_gmt":"2016-01-29T18:10:47","guid":{"rendered":"https:\/\/jundiai.sp.gov.br\/noticias\/?p=167324"},"modified":"2016-11-04T13:23:04","modified_gmt":"2016-11-04T15:23:04","slug":"projeto-ferias-continua-ate-a-proxima-quinta-feira-4","status":"publish","type":"post","link":"https:\/\/jundiai.sp.gov.br\/noticias\/2016\/01\/29\/projeto-ferias-continua-ate-a-proxima-quinta-feira-4\/","title":{"rendered":"Projeto F\u00e9rias continua at\u00e9 a pr\u00f3xima quinta-feira (4)"},"content":{"rendered":"<p><strong>O Projeto F\u00e9rias, iniciado no dia 19 de janeiro pela Secretaria de Esportes e Lazer, continua com sua programa\u00e7\u00e3o at\u00e9 a pr\u00f3xima quinta-feira (4). Quem ainda n\u00e3o aproveitou as atividades oferecidas pela Prefeitura de Jundia\u00ed durante o recesso escolar ter\u00e1 mais alguns dias de atra\u00e7\u00f5es para crian\u00e7as e adolescentes nos centros esportivos.<br \/>\n<\/strong><br \/>\n\u201c<strong>Durante estas semanas de atividades, oferecemos suporte n\u00e3o somente para as crian\u00e7as, mas tamb\u00e9m para os pais<\/strong>. Neste fim de f\u00e9rias muitos deles j\u00e1 voltaram com suas rotinas de trabalho e deixar os filhos em casa, sem op\u00e7\u00f5es de lazer de qualidade, \u00e9 uma das dificuldades que enfrentam. Aqui temos educadores f\u00edsicos acompanhando todas as a\u00e7\u00f5es realizadas tanto pelos pequenos quanto pelos mais velhos\u201d, disse Cristiano Lopes<\/p>\n<p><strong>Para participar dos eventos basta se dirigir aos locais indicados na programa\u00e7\u00e3o, onde atividades v\u00e3o ser desenvolvidas em dois per\u00edodos: das 9h \u00e0s 11h e das 14h30 \u00e0s 16h30.<\/strong><\/p>\n<p><strong>LEIA TAMB\u00c9M<\/strong><br \/>\n<a href=\"https:\/\/jundiai.sp.gov.br\/noticias\/2016\/01\/25\/finos-da-bola-e-maranhao-do-sul-vencem-na-estreia-do-torneio-sororoca\/\" target=\"_blank\">Finos da Bola e Maranh\u00e3o vencem na estreia do Torneio Sororoca<\/a><br \/>\n<div id=\"attachment_167325\" style=\"width: 730px\" class=\"wp-caption aligncenter\"><a href=\"https:\/\/jundiai.sp.gov.br\/noticias\/wp-content\/uploads\/sites\/32\/2016\/01\/projeto_ferias_no_dal_santo_P52G.jpg\" rel=\"attachment wp-att-167325\"><img loading=\"lazy\" decoding=\"async\" aria-describedby=\"caption-attachment-167325\" src=\"https:\/\/jundiai.sp.gov.br\/noticias\/wp-content\/uploads\/sites\/32\/2016\/01\/projeto_ferias_no_dal_santo_P52G.jpg\" alt=\"As atividades ser\u00e3o desenvolvidas em dois per\u00edodos: das 9h \u00e0s 11h e das 14h30 \u00e0s 16h30\" width=\"720\" height=\"513\" class=\"size-full wp-image-167325\" \/><\/a><p id=\"caption-attachment-167325\" class=\"wp-caption-text\">As atividades ser\u00e3o desenvolvidas em dois per\u00edodos: das 9h \u00e0s 11h e das 14h30 \u00e0s 16h30<\/p><\/div><\/p>\n<p><strong>Na segunda-feira (1) e ter\u00e7a-feira (2)<\/strong>, os centros esportivos Francisco \u00c1lvaro Siqueira Neto, (Jardim Martins), Aramis Polli (Hortol\u00e2ndia), Nilo Avelino Macedo (Jardim Esplanada) e Parque Ecol\u00f3gico Morada das Vinhas ter\u00e3o dispon\u00edveis brincadeiras de rua, folcl\u00f3ricas, desenvolvimento de atividades esportivas como v\u00f4lei e basquete e outras recreativas, <strong>todas supervisionadas pelos educadores da secretaria<\/strong>.<\/p>\n<p><strong>Na quarta-feira (3) e quinta-feira (4)<\/strong> as a\u00e7\u00f5es ser\u00e3o desenvolvidas nos centros esportivos Mario Milani (Ivoturucaia), Vanderlei Sperandio (Santa Gertrudes), L\u00e9o P. Lemos Nogueira (Jardim Sarapiranga) e Helena Cestari (Vila Comercial).<\/p>\n<p><strong>Esta edi\u00e7\u00e3o ainda traz uma novidade: o Programa de Esportes e Atividades Motoras Adaptadas (Peama) tem uma programa\u00e7\u00e3o especial para seus alunos que iniciou nesta na quinta (28) no Parque da Cidade e prossegue a segunda-feira (1) e ter\u00e7a-feira (2) na piscina do Bol\u00e3o.<\/strong><\/p>\n<p><em><strong>Assessoria de Imprensa<br \/>\nFoto: Paulo Gr\u00e9gio<\/strong><\/em><\/p>\n","protected":false},"excerpt":{"rendered":"<p>Para participar  basta se dirigir aos locais indicados na programa\u00e7\u00e3o, onde atividades v\u00e3o ser desenvolvidas em dois per\u00edodos<\/p>\n","protected":false},"author":21,"featured_media":167327,"comment_status":"closed","ping_status":"closed","sticky":false,"template":"","format":"standard","meta":{"footnotes":""},"categories":[2],"tags":[411,35,96,844,845],"ods":[],"class_list":["post-167324","post","type-post","status-publish","format-standard","has-post-thumbnail","hentry","category-noticias","tag-centro-esportivo","tag-esporte-e-lazer","tag-programa-de-esportes-e-atividades-motoras-adaptadas-peama","tag-projeto-ferias","tag-projeto-ferias-2016"],"_links":{"self":[{"href":"https:\/\/jundiai.sp.gov.br\/noticias\/wp-json\/wp\/v2\/posts\/167324","targetHints":{"allow":["GET"]}}],"collection":[{"href":"https:\/\/jundiai.sp.gov.br\/noticias\/wp-json\/wp\/v2\/posts"}],"about":[{"href":"https:\/\/jundiai.sp.gov.br\/noticias\/wp-json\/wp\/v2\/types\/post"}],"author":[{"embeddable":true,"href":"https:\/\/jundiai.sp.gov.br\/noticias\/wp-json\/wp\/v2\/users\/21"}],"replies":[{"embeddable":true,"href":"https:\/\/jundiai.sp.gov.br\/noticias\/wp-json\/wp\/v2\/comments?post=167324"}],"version-history":[{"count":3,"href":"https:\/\/jundiai.sp.gov.br\/noticias\/wp-json\/wp\/v2\/posts\/167324\/revisions"}],"predecessor-version":[{"id":167329,"href":"https:\/\/jundiai.sp.gov.br\/noticias\/wp-json\/wp\/v2\/posts\/167324\/revisions\/167329"}],"wp:featuredmedia":[{"embeddable":true,"href":"https:\/\/jundiai.sp.gov.br\/noticias\/wp-json\/wp\/v2\/media\/167327"}],"wp:attachment":[{"href":"https:\/\/jundiai.sp.gov.br\/noticias\/wp-json\/wp\/v2\/media?parent=167324"}],"wp:term":[{"taxonomy":"category","embeddable":true,"href":"https:\/\/jundiai.sp.gov.br\/noticias\/wp-json\/wp\/v2\/categories?post=167324"},{"taxonomy":"post_tag","embeddable":true,"href":"https:\/\/jundiai.sp.gov.br\/noticias\/wp-json\/wp\/v2\/tags?post=167324"},{"taxonomy":"ods","embeddable":true,"href":"https:\/\/jundiai.sp.gov.br\/noticias\/wp-json\/wp\/v2\/ods?post=167324"}],"curies":[{"name":"wp","href":"https:\/\/api.w.org\/{rel}","templated":true}]}}