{"id":167350,"date":"2016-01-29T16:44:08","date_gmt":"2016-01-29T18:44:08","guid":{"rendered":"https:\/\/jundiai.sp.gov.br\/noticias\/?p=167350"},"modified":"2016-11-04T13:17:37","modified_gmt":"2016-11-04T15:17:37","slug":"orquestra-municipal-abre-22-vagas-de-instrumentistas","status":"publish","type":"post","link":"https:\/\/jundiai.sp.gov.br\/noticias\/2016\/01\/29\/orquestra-municipal-abre-22-vagas-de-instrumentistas\/","title":{"rendered":"Orquestra Municipal abre 22 vagas de instrumentistas"},"content":{"rendered":"<p><strong>A <a href=\"http:\/\/cultura.jundiai.sp.gov.br\/\" target=\"_blank\">Secretaria de Cultura<\/a>, por meio da Diretoria de Teatros, abre inscri\u00e7\u00f5es, a partir desta sexta-feira (29), para novos m\u00fasicos comporem a temporada 2016 de concertos da <a href=\"https:\/\/www.facebook.com\/orquestramunicipaldejundiai\/?fref=ts\" target=\"_blank\">Orquestra Municipal de Jundia\u00ed<\/a>. Ao todo s\u00e3o 22 vagas distribu\u00eddas em 13 violinistas, 4 violistas, 4 violoncelistas e 1 contrabaixista. As inscri\u00e7\u00f5es se estendem at\u00e9 15 de mar\u00e7o de 2016.<\/strong><\/p>\n<p><strong>CONFIRA O <a href=\"http:\/\/cultura.jundiai.sp.gov.br\/wp-content\/uploads\/2014\/09\/edital-orquestra-municipal-de-jundiai-20161.pdf\" target=\"_blank\">EDITAL COMPLETO<\/a> E A <a href=\"http:\/\/cultura.jundiai.sp.gov.br\/wp-content\/uploads\/2014\/09\/omj-2016.pdf\" target=\"_blank\">FICHA DE INSCRI\u00c7\u00c3O<\/a><\/strong><\/p>\n<p><strong>LEIA TAMB\u00c9M<\/strong><br \/>\n<a href=\"https:\/\/jundiai.sp.gov.br\/noticias\/2016\/01\/28\/projeto-guri-de-jundiai-abre-vagas-para-cinco-cursos\/\">Projeto Guri de Jundia\u00ed abre vagas para cinco cursos<\/a><\/p>\n<div id=\"attachment_167351\" style=\"width: 730px\" class=\"wp-caption aligncenter\"><a href=\"https:\/\/jundiai.sp.gov.br\/noticias\/wp-content\/uploads\/sites\/32\/2016\/01\/orquestra_municipal_p_76g.jpg\" rel=\"attachment wp-att-167351\"><img loading=\"lazy\" decoding=\"async\" aria-describedby=\"caption-attachment-167351\" class=\"size-large wp-image-167351\" src=\"https:\/\/jundiai.sp.gov.br\/noticias\/wp-content\/uploads\/sites\/32\/2016\/01\/orquestra_municipal_p_76g-720x478.jpg\" alt=\"O programa Orquestra vai contar com 47 apresenta\u00e7\u00f5es em 2016\" width=\"720\" height=\"478\" srcset=\"https:\/\/jundiai.sp.gov.br\/noticias\/wp-content\/uploads\/sites\/32\/2016\/01\/orquestra_municipal_p_76g-720x478.jpg 720w, https:\/\/jundiai.sp.gov.br\/noticias\/wp-content\/uploads\/sites\/32\/2016\/01\/orquestra_municipal_p_76g-300x199.jpg 300w, https:\/\/jundiai.sp.gov.br\/noticias\/wp-content\/uploads\/sites\/32\/2016\/01\/orquestra_municipal_p_76g-768x510.jpg 768w, https:\/\/jundiai.sp.gov.br\/noticias\/wp-content\/uploads\/sites\/32\/2016\/01\/orquestra_municipal_p_76g.jpg 1240w\" sizes=\"auto, (max-width: 720px) 100vw, 720px\" \/><\/a><p id=\"caption-attachment-167351\" class=\"wp-caption-text\">O programa Orquestra vai contar com 12\u00a0apresenta\u00e7\u00f5es em 2016<\/p><\/div>\n<p>Para os interessados, todo <strong>aparato documental deve ser levado pessoalmente at\u00e9 a diretoria de Teatros ou enviado pelos correios ao endere\u00e7o: rua Bar\u00e3o de Jundia\u00ed, n\u00ba 202, Centro, Jundia\u00ed, S\u00e3o Paulo, CEP 13.201-010, ao lado do Teatro Polytheama<\/strong>.<\/p>\n<p>A <strong>remunera\u00e7\u00e3o para cada m\u00fasico \u00e9 no total de R$ 15. 040,00<\/strong> divididos no decorrer da temporada.<\/p>\n<p><strong>CONFIRA O <a href=\"http:\/\/cultura.jundiai.sp.gov.br\/wp-content\/uploads\/2014\/09\/edital-orquestra-municipal-de-jundiai-20161.pdf\" target=\"_blank\">EDITAL COMPLETO<\/a> E A <a href=\"http:\/\/cultura.jundiai.sp.gov.br\/wp-content\/uploads\/2014\/09\/omj-2016.pdf\" target=\"_blank\">FICHA DE INSCRI\u00c7\u00c3O<\/a><\/strong><\/p>\n<p><iframe loading=\"lazy\" class=\"alignright\" width=\"420\" height=\"315\" src=\"https:\/\/www.youtube.com\/embed\/QU1ne6kB07o\" frameborder=\"0\" allowfullscreen><\/iframe>O <strong>processo de sele\u00e7\u00e3o<\/strong> vai se dividir em <strong>duas etapas<\/strong>: a primeira de <strong>verifica\u00e7\u00e3o documental e de curr\u00edculo art\u00edstico<\/strong>, com <strong>divulga\u00e7\u00e3o dos pr\u00e9-selecionados em 18 de mar\u00e7o<\/strong>. Logo ap\u00f3s, na <strong>segunda etapa<\/strong>, os candidatos v\u00e3o passar por <strong>audi\u00e7\u00f5es no per\u00edodo de 4 a 6 de abril<\/strong>.<\/p>\n<p>A <strong>publica\u00e7\u00e3o do resultado final<\/strong> para contrata\u00e7\u00e3o termina em <strong>20 de abril<\/strong>. Todas as informa\u00e7\u00f5es v\u00e3o ser publicadas na <a href=\"http:\/\/imprensaoficial.jundiai.sp.gov.br\/\" target=\"_blank\">Imprensa Oficial<\/a>, no <a href=\"http:\/\/cultura.jundiai.sp.gov.br\/\" target=\"_blank\">site da Cultura<\/a> e <strong>por e-mail enviado aos finalistas<\/strong>.<\/p>\n<p>A comiss\u00e3o avaliadora das audi\u00e7\u00f5es vai ser composta pela <strong>dire\u00e7\u00e3o art\u00edstica e reg\u00eancia titular, junto \u00e0\u00a0Spalla da orquestra, chefe do naipe do instrumento em avaliado e um especialista acad\u00eamico externo<\/strong>, convidado pela <strong>Funda\u00e7\u00e3o Casa da Cultura e Esportes<\/strong>, a compor a banca examinadora.<\/p>\n<p>O <a href=\"http:\/\/cultura.jundiai.sp.gov.br\/wp-content\/uploads\/2014\/09\/edital-orquestra-municipal-de-jundiai-20161.pdf\" target=\"_blank\">edital completo<\/a> junto \u00e0 <a href=\"http:\/\/cultura.jundiai.sp.gov.br\/wp-content\/uploads\/2014\/09\/omj-2016.pdf\" target=\"_blank\">ficha de inscri\u00e7\u00e3o<\/a> e demais documenta\u00e7\u00f5es requeridas podem ser encontrados no <a href=\"http:\/\/cultura.jundiai.sp.gov.br\/editais-e-regulamentos\/\" target=\"_blank\">site da Cultura<\/a>\u00a0ou na <a href=\"http:\/\/imprensaoficial.jundiai.sp.gov.br\/wp-content\/uploads\/2016\/01\/Edi%C3%A7%C3%A3o-4132_29-01-2016.pdf\" target=\"_blank\">edi\u00e7\u00e3o 4132 da Imprensa Oficial \u00a0(ver p\u00e1ginas 39 a 45)<\/a>.<\/p>\n<p><strong><em>Assessoria de Imprensa<br \/>\nFoto: Arquivo PMJ<\/em><\/strong><\/p>\n","protected":false},"excerpt":{"rendered":"<p>H\u00e1 espa\u00e7o para violinistas, violistas, violoncelistas e  contrabaixista; inscri\u00e7\u00f5es v\u00e3o at\u00e9 15 de mar\u00e7o<\/p>\n","protected":false},"author":14,"featured_media":167447,"comment_status":"closed","ping_status":"closed","sticky":false,"template":"","format":"standard","meta":{"footnotes":""},"categories":[2],"tags":[29,307,400],"ods":[],"class_list":["post-167350","post","type-post","status-publish","format-standard","has-post-thumbnail","hentry","category-noticias","tag-cultura","tag-orquestra-municipal-de-jundiai","tag-teatro"],"_links":{"self":[{"href":"https:\/\/jundiai.sp.gov.br\/noticias\/wp-json\/wp\/v2\/posts\/167350","targetHints":{"allow":["GET"]}}],"collection":[{"href":"https:\/\/jundiai.sp.gov.br\/noticias\/wp-json\/wp\/v2\/posts"}],"about":[{"href":"https:\/\/jundiai.sp.gov.br\/noticias\/wp-json\/wp\/v2\/types\/post"}],"author":[{"embeddable":true,"href":"https:\/\/jundiai.sp.gov.br\/noticias\/wp-json\/wp\/v2\/users\/14"}],"replies":[{"embeddable":true,"href":"https:\/\/jundiai.sp.gov.br\/noticias\/wp-json\/wp\/v2\/comments?post=167350"}],"version-history":[{"count":11,"href":"https:\/\/jundiai.sp.gov.br\/noticias\/wp-json\/wp\/v2\/posts\/167350\/revisions"}],"predecessor-version":[{"id":168212,"href":"https:\/\/jundiai.sp.gov.br\/noticias\/wp-json\/wp\/v2\/posts\/167350\/revisions\/168212"}],"wp:featuredmedia":[{"embeddable":true,"href":"https:\/\/jundiai.sp.gov.br\/noticias\/wp-json\/wp\/v2\/media\/167447"}],"wp:attachment":[{"href":"https:\/\/jundiai.sp.gov.br\/noticias\/wp-json\/wp\/v2\/media?parent=167350"}],"wp:term":[{"taxonomy":"category","embeddable":true,"href":"https:\/\/jundiai.sp.gov.br\/noticias\/wp-json\/wp\/v2\/categories?post=167350"},{"taxonomy":"post_tag","embeddable":true,"href":"https:\/\/jundiai.sp.gov.br\/noticias\/wp-json\/wp\/v2\/tags?post=167350"},{"taxonomy":"ods","embeddable":true,"href":"https:\/\/jundiai.sp.gov.br\/noticias\/wp-json\/wp\/v2\/ods?post=167350"}],"curies":[{"name":"wp","href":"https:\/\/api.w.org\/{rel}","templated":true}]}}