{"id":167471,"date":"2016-02-01T12:39:16","date_gmt":"2016-02-01T14:39:16","guid":{"rendered":"https:\/\/jundiai.sp.gov.br\/noticias\/?p=167471"},"modified":"2016-11-04T13:25:20","modified_gmt":"2016-11-04T15:25:20","slug":"trabalho-muda-bacias-e-mapeia-14-mil-nascentes-de-jundiai","status":"publish","type":"post","link":"https:\/\/jundiai.sp.gov.br\/noticias\/2016\/02\/01\/trabalho-muda-bacias-e-mapeia-14-mil-nascentes-de-jundiai\/","title":{"rendered":"Trabalho &#8216;muda&#8217; bacias e mapeia 1,4 mil nascentes"},"content":{"rendered":"<p><iframe loading=\"lazy\" class=\"alignright\" width=\"420\" height=\"315\" src=\"https:\/\/www.youtube.com\/embed\/4AgklTKrH2Y\" frameborder=\"0\" allowfullscreen><\/iframe><strong>Em um trabalho intenso entre 2013 e 2016, Jundia\u00ed ganhou novo entendimento sobre suas bacias h\u00eddricas e suas nascentes de \u00e1gua. O levantamento de campo foi feito pelo setor de gest\u00e3o ambiental da <a href=\"http:\/\/www.daejundiai.com.br\/\" target=\"_blank\">Dae<\/a>\u00a0e integra agora tamb\u00e9m os dados do <a href=\"http:\/\/planodiretor.jundiai.sp.gov.br\/\" target=\"_blank\">Plano Diretor Participativo<\/a>, da Prefeitura, refor\u00e7ando um novo olhar para o sistema ambiental das \u00e1guas na cidade.<\/strong><\/p>\n<p>As <strong>bacias h\u00eddricas passam de seis para sete<\/strong>. Agora s\u00e3o a <strong>bacia do rio Jundia\u00ed-Mirim, a do rio Capivari, a do ribeir\u00e3o Caxambu, a do rio Jundiuvira<\/strong> (antes marcada apenas como do rio Tiet\u00ea, na franja oposta das montanhas da Serra do Japi), a do <strong>rio Jundia\u00ed<\/strong> (a bacia central, delimitada de maneira pr\u00f3pria no sentido leste-oeste), a do <strong>c\u00f3rrego da Estiva e a do rio Guapeva<\/strong> (a maior bacia urbana, antes vista como parte do rio Jundia\u00ed).<\/p>\n<p><strong>LEIA TAMB\u00c9M<\/strong><br \/>\n<a href=\"https:\/\/jundiai.sp.gov.br\/noticias\/2016\/01\/29\/prefeitura-amplia-instalacao-de-paraciclos-em-jundiai\/\">Prefeitura amplia instala\u00e7\u00e3o de paraciclos em Jundia\u00ed<\/a><br \/>\n<a href=\"https:\/\/jundiai.sp.gov.br\/noticias\/2016\/02\/01\/plano-diretor-novos-passos-rumo-ao-congresso-da-cidade\/\">Plano Diretor: novos passos rumo ao Congresso da Cidade<\/a><br \/>\n<a href=\"https:\/\/jundiai.sp.gov.br\/noticias\/2016\/01\/29\/planta-da-serra-do-japi-motiva-estudo-inedito-de-disputa-animal\/\">Planta da Serra do Japi motiva estudo in\u00e9dito de disputa animal<\/a><\/p>\n<div id=\"attachment_167476\" style=\"width: 410px\" class=\"wp-caption alignleft\"><a href=\"https:\/\/jundiai.sp.gov.br\/noticias\/wp-content\/uploads\/sites\/32\/2016\/02\/nascentes-dae_D19g.jpg\" rel=\"attachment wp-att-167476\"><img loading=\"lazy\" decoding=\"async\" aria-describedby=\"caption-attachment-167476\" class=\"size-large wp-image-167476\" src=\"https:\/\/jundiai.sp.gov.br\/noticias\/wp-content\/uploads\/sites\/32\/2016\/02\/nascentes-dae_D19g-720x717.jpg\" alt=\"Detalhe do levantamento: 1.400 nascentes classificadas em Jundia\u00ed \" width=\"400\" height=\"400\" srcset=\"https:\/\/jundiai.sp.gov.br\/noticias\/wp-content\/uploads\/sites\/32\/2016\/02\/nascentes-dae_D19g-120x120.jpg 120w, https:\/\/jundiai.sp.gov.br\/noticias\/wp-content\/uploads\/sites\/32\/2016\/02\/nascentes-dae_D19g-300x299.jpg 300w\" sizes=\"auto, (max-width: 400px) 100vw, 400px\" \/><\/a><p id=\"caption-attachment-167476\" class=\"wp-caption-text\">Detalhe do levantamento: 1.400 nascentes classificadas em Jundia\u00ed<\/p><\/div>\n<p>Al\u00e9m dessa <strong>nova demarca\u00e7\u00e3o, mais coerente<\/strong> com a realidade geogr\u00e1fica do munic\u00edpio, a <strong>\u00e1rea de duas bacias &#8220;aumentou&#8221; com o uso de refer\u00eancias naturais em vez de artificiais<\/strong>. A bacia do rio Jundia\u00ed-Mirim, antes considerada apenas at\u00e9 as represas, agora \u00e9 reconhecida cortando o Parque da Represa, passando sob a rodovia Jo\u00e3o Storani e chegando at\u00e9 a foz no rio Jundia\u00ed, na Vila Hortol\u00e2ndia.<\/p>\n<p>E a bacia do c\u00f3rrego da Estiva tamb\u00e9m passa a ser reconhecida al\u00e9m da rodovia Anhanguera, de onde segue tamb\u00e9m at\u00e9 a chegada de suas \u00e1guas na sua foz no rio Jundia\u00ed.<\/p>\n<p><strong>\u201cSem\u00e1foros da \u00e1gua\u201d<\/strong><br \/>\nO trabalho mais detalhado, al\u00e9m da redefini\u00e7\u00e3o dessas sete bacias h\u00eddricas, foi a <strong>identifica\u00e7\u00e3o<\/strong> pela equipe de gest\u00e3o ambiental da Dae de <strong>1.400 nascentes de \u00e1gua e suas condi\u00e7\u00f5es naturais de vegeta\u00e7\u00e3o, permeabilidade e funcionamento<\/strong>.<\/p>\n<p>Somente em menos 5% do total, em escarpas inacess\u00edveis da Reserva Biol\u00f3gica da Serra do Japi, foram usadas refer\u00eancias anteriores de mapas. Todo o restante envolveu <strong>visitas diretas, di\u00e1logo com propriet\u00e1rios e an\u00e1lises posteriores de imagens de sat\u00e9lite<\/strong>. Em muitos casos, o trabalho incluiu <strong>visitas com as botas dentro da \u00e1gua<\/strong>.<\/p>\n<p>Em outras palavras, foram <strong>pelo menos 1.300 levantamentos feitos com alguma parcela participativa com moradores e propriet\u00e1rios,<\/strong> que acrescentaram seus saberes pr\u00f3prios para a metodologia cient\u00edfica adotada pelo projeto.<\/p>\n<p>&#8220;Conhecemos muitos propriet\u00e1rios pelo nome e seu apoio nos fez ver mais detalhes na rela\u00e7\u00e3o da topografia, das nascentes e dos cursos de \u00e1gua&#8221;, explica o\u00a0assessor t\u00e9cnico de recursos naturais da Dae, Martim Ribeiro.<\/p>\n<p>No mapa de cursos de \u00e1gua de cada bacia e do territ\u00f3rio jundiaiense como um todo, <strong>todas as nascentes foram marcadas com sinais coloridos como em um sem\u00e1foro<\/strong> \u2013 com <strong>verde para as boas condi\u00e7\u00f5es de conserva\u00e7\u00e3o<\/strong>, com <strong>amarelo para aquelas que precisam de aten\u00e7\u00e3o<\/strong> e <strong>vermelho para as nascentes em condi\u00e7\u00f5es cr\u00edticas de degrada\u00e7\u00e3o do ambiente em seu entorno<\/strong>, que <strong>podem literalmente secar ou j\u00e1 secaram<\/strong>.<\/p>\n<div id=\"attachment_167477\" style=\"width: 410px\" class=\"wp-caption alignright\"><a href=\"https:\/\/jundiai.sp.gov.br\/noticias\/wp-content\/uploads\/sites\/32\/2016\/02\/nascentes-dae_D12g.jpg\" rel=\"attachment wp-att-167477\"><img loading=\"lazy\" decoding=\"async\" aria-describedby=\"caption-attachment-167477\" class=\"size-large wp-image-167477\" src=\"https:\/\/jundiai.sp.gov.br\/noticias\/wp-content\/uploads\/sites\/32\/2016\/02\/nascentes-dae_D12g-720x469.jpg\" alt=\"Martin (DAE), Daniela da Camara e Marcelo Pilon (SMPMA)\" width=\"400\" height=\"350\" \/><\/a><p id=\"caption-attachment-167477\" class=\"wp-caption-text\">Martin (DAE), Daniela da Camara e Marcelo Pilon (SMPMA)<\/p><\/div>\n<p><strong>Integra\u00e7\u00e3o ambiental<\/strong><br \/>\nDe acordo com a Secretaria de Planejamento e Meio Ambiente, o <strong>trabalho in\u00e9dito representa um passo fundamental para um novo entendimento na gest\u00e3o territorial de Jundia\u00ed<\/strong>.<\/p>\n<p>Um dos pr\u00f3ximos passos \u00e9 <strong>integrar esse levantamento<\/strong>, dividido por cada uma das sete bacias h\u00eddricas do munic\u00edpio, com <a href=\"https:\/\/jundiai.sp.gov.br\/noticias\/2015\/11\/13\/levantamento-inedito-aponta-928-fragmentos-naturais-urbanos\/\">o levantamento de fragmentos naturais (dos biomas mata atl\u00e2ntico e cerrado)<\/a>, que est\u00e3o distribu\u00eddos pelo munic\u00edpio, em trabalho feito pela equipe de meio ambiente da SMPMA em colabora\u00e7\u00e3o com o <a href=\"http:\/\/jardimbotanico.jundiai.sp.gov.br\/\" target=\"_blank\">Jardim Bot\u00e2nico<\/a>, vinculado \u00e0 Secretaria de Servi\u00e7os P\u00fablicos.<\/p>\n<p><strong>&#8220;Integrando esses dois grandes esfor\u00e7os, nossa vis\u00e3o sobre a prote\u00e7\u00e3o das \u00e1guas da cidade fica mais detalhada&#8221;<\/strong>, explica a secret\u00e1ria de Planejamento e Meio Ambiente, Daniela da C\u00e2mara Sutti.<\/p>\n<p>O novo trabalho de bacias h\u00eddricas e nascentes da Dae foi liderado pelo assessor t\u00e9cnico de recursos naturais, Martin F.S. Ribeiro, e pelo gerente de recursos, Jos\u00e9 Antonio Pereira, al\u00e9m de outros cinco estagi\u00e1rios t\u00e9cnicos, e da diretoria coordenada por Aray Martinho e com o apoio do diretor-presidente da empresa, Jamil Yatim.<\/p>\n<p>De acordo com o diretor da Secretaria de Planejamento e Meio Ambiente, Marcelo Pilon,<strong> a converg\u00eancia de novos levantamentos da base ambiental de Jundia\u00ed indicam bases mais s\u00f3lidas para pol\u00edticas p\u00fablicas como o novo Plano Diretor<\/strong>.<\/p>\n<p><em><strong>Jos\u00e9 Arnaldo de Oliveira<br \/>\nFotos: Dorival Pinheiro Filho<\/strong><\/em><\/p>\n","protected":false},"excerpt":{"rendered":"<p>LEIA TAMB\u00c9M: Confira os novos passos do Plano Diretor participativo rumo ao Congresso da Cidade e \u00e0 reda\u00e7\u00e3o final<\/p>\n","protected":false},"author":21,"featured_media":137598,"comment_status":"closed","ping_status":"closed","sticky":false,"template":"","format":"standard","meta":{"footnotes":""},"categories":[2],"tags":[66,322,32,559,341],"ods":[],"class_list":["post-167471","post","type-post","status-publish","format-standard","has-post-thumbnail","hentry","category-noticias","tag-dae","tag-jardim-botanico","tag-planejamento-e-meio-ambiente","tag-plano-diretor-participativo","tag-servicos-publicos"],"_links":{"self":[{"href":"https:\/\/jundiai.sp.gov.br\/noticias\/wp-json\/wp\/v2\/posts\/167471","targetHints":{"allow":["GET"]}}],"collection":[{"href":"https:\/\/jundiai.sp.gov.br\/noticias\/wp-json\/wp\/v2\/posts"}],"about":[{"href":"https:\/\/jundiai.sp.gov.br\/noticias\/wp-json\/wp\/v2\/types\/post"}],"author":[{"embeddable":true,"href":"https:\/\/jundiai.sp.gov.br\/noticias\/wp-json\/wp\/v2\/users\/21"}],"replies":[{"embeddable":true,"href":"https:\/\/jundiai.sp.gov.br\/noticias\/wp-json\/wp\/v2\/comments?post=167471"}],"version-history":[{"count":13,"href":"https:\/\/jundiai.sp.gov.br\/noticias\/wp-json\/wp\/v2\/posts\/167471\/revisions"}],"predecessor-version":[{"id":168573,"href":"https:\/\/jundiai.sp.gov.br\/noticias\/wp-json\/wp\/v2\/posts\/167471\/revisions\/168573"}],"wp:featuredmedia":[{"embeddable":true,"href":"https:\/\/jundiai.sp.gov.br\/noticias\/wp-json\/wp\/v2\/media\/137598"}],"wp:attachment":[{"href":"https:\/\/jundiai.sp.gov.br\/noticias\/wp-json\/wp\/v2\/media?parent=167471"}],"wp:term":[{"taxonomy":"category","embeddable":true,"href":"https:\/\/jundiai.sp.gov.br\/noticias\/wp-json\/wp\/v2\/categories?post=167471"},{"taxonomy":"post_tag","embeddable":true,"href":"https:\/\/jundiai.sp.gov.br\/noticias\/wp-json\/wp\/v2\/tags?post=167471"},{"taxonomy":"ods","embeddable":true,"href":"https:\/\/jundiai.sp.gov.br\/noticias\/wp-json\/wp\/v2\/ods?post=167471"}],"curies":[{"name":"wp","href":"https:\/\/api.w.org\/{rel}","templated":true}]}}