{"id":167562,"date":"2016-02-01T18:10:46","date_gmt":"2016-02-01T20:10:46","guid":{"rendered":"https:\/\/jundiai.sp.gov.br\/noticias\/?p=167562"},"modified":"2016-11-04T11:38:01","modified_gmt":"2016-11-04T13:38:01","slug":"site-do-chile-destaca-fabricacao-de-vinho-em-jundiai","status":"publish","type":"post","link":"https:\/\/jundiai.sp.gov.br\/noticias\/2016\/02\/01\/site-do-chile-destaca-fabricacao-de-vinho-em-jundiai\/","title":{"rendered":"Site do Chile destaca fabrica\u00e7\u00e3o de vinho em Jundia\u00ed"},"content":{"rendered":"<p><strong>O resgate da tradi\u00e7\u00e3o proposto a partir de 2013, com evid\u00eancia ao trabalho de produtores e artistas de Jundia\u00ed e a proposta de promover um evento de caracter\u00edsticas familiar, fazem a <a href=\"http:\/\/festadauva.jundiai.sp.gov.br\/\">Festa da Uva e Expo Vinhos<\/a> ganhar for\u00e7a e, este ano, atingiu o \u00e1pice. Sua grandeza e seu sucesso ultrapassaram as fronteiras brasileiras e ganharam destaque na imprensa chilena, pa\u00eds top ten do ranking na fabrica\u00e7\u00e3o de vinhos.<\/strong><\/p>\n<p><a href=\"https:\/\/www.flickr.com\/photos\/prefeituradejundiai\/albums\/72157664170465625\" target=\"_blank\">CONFIRA AS FOTOS DA FESTA<\/a><\/p>\n<p>O <a href=\"http:\/\/www.cronicadigital.cl\/\" target=\"_blank\">site Cr\u00f3nica Digital<\/a>, da capital Santiago, traz <strong>reportagem sobre o trabalho das adegas ligadas \u00e0 Cooperativa Agr\u00edcola dos Produtores de Vinho de Jundia\u00ed (AVA), a tradi\u00e7\u00e3o de 100 anos e a renova\u00e7\u00e3o das adegas familiares, inclusive com link sobre a <a href=\"http:\/\/turismo.jundiai.sp.gov.br\/atrativos\/adegas\/adega-mazziero\/\" target=\"_blank\">Adega Maziero<\/a><\/strong>.<\/p>\n<p><a href=\"http:\/\/www.cronicadigital.cl\/2016\/02\/01\/ciudad-brasilena-de-jundiai-renueva-su-vino-de-productores-familiares\/\" target=\"_blank\">LEIA A REPORTAGEM EM ESPANHOL<\/a><\/p>\n<p><strong>MAIS FESTA DA UVA<\/strong><br \/>\n<a href=\"https:\/\/jundiai.sp.gov.br\/noticias\/2016\/01\/31\/ultimo-domingo-da-festa-da-uva-lota-parque\/\">\u00daltimo domingo da Festa lota parque<\/a><br \/>\n<a href=\"https:\/\/jundiai.sp.gov.br\/noticias\/2016\/01\/31\/prefeito-prestigia-ultimo-final-de-semana-da-festa-da-uva\/\">Prefeito prestigia \u00faltimo final de semana da Festa<\/a><br \/>\n<a href=\"https:\/\/jundiai.sp.gov.br\/noticias\/2016\/02\/01\/167-mil-pessoas-e-63-toneladas-de-frutas-o-saldo-da-festa-da-uva\/\">167 mil pessoas e 63 toneladas de frutas: o saldo da Festa<\/a><\/p>\n<div id=\"attachment_167563\" style=\"width: 730px\" class=\"wp-caption aligncenter\"><a href=\"https:\/\/jundiai.sp.gov.br\/noticias\/wp-content\/uploads\/sites\/32\/2016\/02\/publica\u00e7aochile_G.jpg\" rel=\"attachment wp-att-167563\"><img loading=\"lazy\" decoding=\"async\" aria-describedby=\"caption-attachment-167563\" class=\"size-large wp-image-167563\" src=\"https:\/\/jundiai.sp.gov.br\/noticias\/wp-content\/uploads\/sites\/32\/2016\/02\/publica\u00e7aochile_G-720x404.jpg\" alt=\"Jundia\u00ed ganha proje\u00e7\u00e3o internacional gra\u00e7as ao sucesso da Festa da Uva e Expo Vinhos \" width=\"720\" height=\"404\" srcset=\"https:\/\/jundiai.sp.gov.br\/noticias\/wp-content\/uploads\/sites\/32\/2016\/02\/publica\u00e7aochile_G-720x404.jpg 720w, https:\/\/jundiai.sp.gov.br\/noticias\/wp-content\/uploads\/sites\/32\/2016\/02\/publica\u00e7aochile_G-300x168.jpg 300w, https:\/\/jundiai.sp.gov.br\/noticias\/wp-content\/uploads\/sites\/32\/2016\/02\/publica\u00e7aochile_G-768x431.jpg 768w, https:\/\/jundiai.sp.gov.br\/noticias\/wp-content\/uploads\/sites\/32\/2016\/02\/publica\u00e7aochile_G.jpg 1240w\" sizes=\"auto, (max-width: 720px) 100vw, 720px\" \/><\/a><p id=\"caption-attachment-167563\" class=\"wp-caption-text\">Jundia\u00ed ganha proje\u00e7\u00e3o internacional gra\u00e7as ao sucesso da Festa da Uva e Expo Vinhos<\/p><\/div>\n<p><strong>O material do jornalista Jos\u00e9 Arnaldo de Oliveira foi traduzido pelo jornalista chileno Tebni Enrique Pino Saavedra e chama aten\u00e7\u00e3o dos chilenos sobre o mercado emergente no Brasil<\/strong>. A <strong>Festa da Uva<\/strong> tamb\u00e9m \u00e9 citada como <strong>ponto de comercializa\u00e7\u00e3o e divulga\u00e7\u00e3o das marcas<\/strong>.<\/p>\n<p>\u201c\u00c9 o <strong>reconhecimento do trabalho dos produtores de vinho de Jundia\u00ed<\/strong>, em que o destaque da regi\u00e3o \u00e9 um vinho comum de mesa e n\u00e3o um vinho fino. N\u00e3o \u00e9 por isso que n\u00e3o deixa de ter qualidade. Pelo contr\u00e1rio, seu <strong>potencial j\u00e1 reconhecido em todo o Estado por ser um produto exclusivamente de Jundia\u00ed<\/strong>. Agora, os chilenos passam a conhecer a dedica\u00e7\u00e3o com que \u00e9 feito este trabalho. \u00c9 um orgulho para todos n\u00f3s\u201d, destaca o secret\u00e1rio de Agricultura, Abastecimento e Turismo, Marcos C\u00e9sar Brunholi.<\/p>\n<p>A qualidade de produtos cultivados por produtores e feitos por <a href=\"http:\/\/turismo.jundiai.sp.gov.br\/atrativos\/artesanato-jundiai-feito-a-mao\/\" target=\"_blank\">artes\u00e3os de Jundia\u00ed<\/a>, a variedade inestim\u00e1vel de comida e centenas de atra\u00e7\u00f5es culturais, garantiram \u00e0 <strong><a href=\"http:\/\/festadauva.jundiai.sp.gov.br\/\" target=\"_blank\">33\u00aa edi\u00e7\u00e3o da Festa da Uva e 4\u00aa Expo Vinhos<\/a> o t\u00edtulo do melhor evento do g\u00eanero de todos os tempos<\/strong>.<\/p>\n<p>S\u00f3 nesse final de semana, <a href=\"https:\/\/jundiai.sp.gov.br\/noticias\/2016\/02\/01\/167-mil-pessoas-e-63-toneladas-de-frutas-o-saldo-da-festa-da-uva\/\" target=\"_blank\">59 mil pessoas passaram pelo Parque Ant\u00f4nio Carbonari, o Parque da Uva. A venda de frutas chegou \u00e0 casa das 24 toneladas<\/a>. No total, a festa encerrada no domingo (31) trouxe ao recinto <strong>167 mil pessoas e totalizou 63 mil quilos de frutas comercializadas<\/strong>.<\/p>\n<p><strong><em>Ivan Lopes<\/em><\/strong><\/p>\n","protected":false},"excerpt":{"rendered":"<p>&#8220;Cr\u00f3nica Digital&#8221; traz reportagem sobre o trabalho e tradi\u00e7\u00e3o das adegas familiares e sobre o sucesso da Festa da Uva<\/p>\n","protected":false},"author":14,"featured_media":167568,"comment_status":"closed","ping_status":"closed","sticky":false,"template":"","format":"standard","meta":{"footnotes":""},"categories":[2],"tags":[786,798,41,458,797,7,768,293,276],"ods":[],"class_list":["post-167562","post","type-post","status-publish","format-standard","has-post-thumbnail","hentry","category-noticias","tag-33a-festa-da-uva","tag-4a-expo-vinhos","tag-agricultura-abastecimento-e-turismo","tag-expo-vinhos","tag-expo-vinhos-2016","tag-festa-da-uva","tag-festa-da-uva-2016","tag-jundiai-feito-a-mao","tag-parque-da-uva"],"_links":{"self":[{"href":"https:\/\/jundiai.sp.gov.br\/noticias\/wp-json\/wp\/v2\/posts\/167562","targetHints":{"allow":["GET"]}}],"collection":[{"href":"https:\/\/jundiai.sp.gov.br\/noticias\/wp-json\/wp\/v2\/posts"}],"about":[{"href":"https:\/\/jundiai.sp.gov.br\/noticias\/wp-json\/wp\/v2\/types\/post"}],"author":[{"embeddable":true,"href":"https:\/\/jundiai.sp.gov.br\/noticias\/wp-json\/wp\/v2\/users\/14"}],"replies":[{"embeddable":true,"href":"https:\/\/jundiai.sp.gov.br\/noticias\/wp-json\/wp\/v2\/comments?post=167562"}],"version-history":[{"count":6,"href":"https:\/\/jundiai.sp.gov.br\/noticias\/wp-json\/wp\/v2\/posts\/167562\/revisions"}],"predecessor-version":[{"id":167570,"href":"https:\/\/jundiai.sp.gov.br\/noticias\/wp-json\/wp\/v2\/posts\/167562\/revisions\/167570"}],"wp:featuredmedia":[{"embeddable":true,"href":"https:\/\/jundiai.sp.gov.br\/noticias\/wp-json\/wp\/v2\/media\/167568"}],"wp:attachment":[{"href":"https:\/\/jundiai.sp.gov.br\/noticias\/wp-json\/wp\/v2\/media?parent=167562"}],"wp:term":[{"taxonomy":"category","embeddable":true,"href":"https:\/\/jundiai.sp.gov.br\/noticias\/wp-json\/wp\/v2\/categories?post=167562"},{"taxonomy":"post_tag","embeddable":true,"href":"https:\/\/jundiai.sp.gov.br\/noticias\/wp-json\/wp\/v2\/tags?post=167562"},{"taxonomy":"ods","embeddable":true,"href":"https:\/\/jundiai.sp.gov.br\/noticias\/wp-json\/wp\/v2\/ods?post=167562"}],"curies":[{"name":"wp","href":"https:\/\/api.w.org\/{rel}","templated":true}]}}