{"id":167765,"date":"2016-02-03T18:38:13","date_gmt":"2016-02-03T20:38:13","guid":{"rendered":"https:\/\/jundiai.sp.gov.br\/noticias\/?p=167765"},"modified":"2016-11-04T13:11:15","modified_gmt":"2016-11-04T15:11:15","slug":"espaco-conectado-vai-ser-inaugurado-no-jardim-novo-horizonte","status":"publish","type":"post","link":"https:\/\/jundiai.sp.gov.br\/noticias\/2016\/02\/03\/espaco-conectado-vai-ser-inaugurado-no-jardim-novo-horizonte\/","title":{"rendered":"&#8216;Espa\u00e7o Conectado&#8217; vai ser inaugurado no Jardim Novo Horizonte"},"content":{"rendered":"<p><strong>Com o objetivo de proporcionar o aumento da inclus\u00e3o digital em Jundia\u00ed, a Prefeitura, por meio da Secretaria Municipal de Desenvolvimento, Ci\u00eancia e Tecnologia e da <a href=\"http:\/\/www.cijun.sp.gov.br\/\" target=\"_blank\">Companhia de Inform\u00e1tica de Jundia\u00ed (Cijun)<\/a>, inaugura, nesta quinta-feira (4), \u00e0s 17h, o &#8216;Espa\u00e7o Conectado&#8217;, ambiente de conviv\u00eancia digital gratuito em substitui\u00e7\u00e3o ao \u2018Acessa Jundia\u00ed\u2019, no Jardim Novo Horizonte. O local fica na Associa\u00e7\u00e3o de Acolhimento Bom Pastor, na Estrada do Varj\u00e3o, n\u00ba 1641.<\/strong><\/p>\n<p>Como <strong>diferencial<\/strong>, o &#8216;Espa\u00e7o Conectado&#8217; conta com a <strong>tecnologia \u2018zero client\u2019<\/strong>, com <strong>terminais interligados em um \u00fanico computador, reduzindo custos de implanta\u00e7\u00e3o e manuten\u00e7\u00e3o<\/strong>. O <strong>acesso Wi-Fi<\/strong>, que agora passa a se chamar <strong>Conectado<\/strong>\u00a0e substitui o antigo <strong>Jundia\u00ed \u00e9 Digital<\/strong>, passa a ser feito <strong>atrav\u00e9s de fibra \u00f3tica, garantindo alta capacidade e velocidade de navega\u00e7\u00e3o \u00e0 internet<\/strong>.<\/p>\n<p><strong>LEIA TAMB\u00c9M<\/strong><br \/>\n<a href=\"https:\/\/jundiai.sp.gov.br\/noticias\/2016\/02\/03\/prefeito-entrega-as-chaves-de-384-unidades-habitacionais\/\">Prefeito entrega as chaves de 384 unidades habitacionais no Novo Horizonte<\/a><\/p>\n<div id=\"attachment_167785\" style=\"width: 730px\" class=\"wp-caption aligncenter\"><a href=\"https:\/\/jundiai.sp.gov.br\/noticias\/wp-content\/uploads\/sites\/32\/2016\/02\/acessa_jun_novo_horizonte_D9g.jpg\" rel=\"attachment wp-att-167785\"><img loading=\"lazy\" decoding=\"async\" aria-describedby=\"caption-attachment-167785\" class=\"size-large wp-image-167785\" src=\"https:\/\/jundiai.sp.gov.br\/noticias\/wp-content\/uploads\/sites\/32\/2016\/02\/acessa_jun_novo_horizonte_D9g-720x520.jpg\" alt=\"Espa\u00e7o Conectado conta com acesso Wi-Fi gratuito de alta performance\" width=\"720\" height=\"520\" srcset=\"https:\/\/jundiai.sp.gov.br\/noticias\/wp-content\/uploads\/sites\/32\/2016\/02\/acessa_jun_novo_horizonte_D9g-720x520.jpg 720w, https:\/\/jundiai.sp.gov.br\/noticias\/wp-content\/uploads\/sites\/32\/2016\/02\/acessa_jun_novo_horizonte_D9g-300x217.jpg 300w, https:\/\/jundiai.sp.gov.br\/noticias\/wp-content\/uploads\/sites\/32\/2016\/02\/acessa_jun_novo_horizonte_D9g-768x555.jpg 768w, https:\/\/jundiai.sp.gov.br\/noticias\/wp-content\/uploads\/sites\/32\/2016\/02\/acessa_jun_novo_horizonte_D9g.jpg 1240w\" sizes=\"auto, (max-width: 720px) 100vw, 720px\" \/><\/a><p id=\"caption-attachment-167785\" class=\"wp-caption-text\">Espa\u00e7o Conectado conta com acesso Wi-Fi gratuito de alta performance<\/p><\/div>\n<p>Segundo o secret\u00e1rio de Desenvolvimento Econ\u00f4mico, Ci\u00eancia e Tecnologia, Marcelo Cereser, o <strong>&#8216;Espa\u00e7o Conectado&#8217; representa uma inova\u00e7\u00e3o<\/strong>. \u201cEm 2013, o prefeito Pedro Bigardi incumbiu a Secretaria de Desenvolvimento Econ\u00f4mico, Ci\u00eancia e Tecnologia de desenvolver um programa de inclus\u00e3o digital. Em parceria com a Cijun, arquitetamos este formato que originou o &#8216;Espa\u00e7o Conectado&#8217;, que <strong>conta com baixo custo para o munic\u00edpio e alto teor de inova\u00e7\u00e3o, melhorando a performance<\/strong>.\u201d<\/p>\n<p>O diretor-presidente da Cijun, Gilberto Novaes, explica que o <strong>novo sistema une e melhora dois projetos de inclus\u00e3o digital do munic\u00edpio<\/strong>. \u201cOnde existir um Espa\u00e7o Conectado temos, <strong>al\u00e9m de computadores f\u00edsicos, acesso Wi-Fi<\/strong>, pois sabemos que o <strong>uso de dispositivos m\u00f3veis conectados vem aumentando exponencialmente em todas as esferas da popula\u00e7\u00e3o<\/strong>.&#8221;<\/p>\n<p><strong>O pr\u00f3ximo &#8216;Acessa Jundia\u00ed&#8217; a ser substitu\u00eddo por &#8216;Espa\u00e7o Conectado&#8217; vai ser o Central<\/strong>. Segundo Gilberto, para a transi\u00e7\u00e3o \u00e9 necess\u00e1rio que <strong>todos os equipamentos estejam plugados na rede de fibra \u00f3tica da Cijun, outra realiza\u00e7\u00e3o do governo Pedro Bigardi. &#8220;Jundia\u00ed nunca teve rede pr\u00f3pria e sempre dependeu de terceiros para suas conex\u00f5es externas. Essa nova rede, que trafega dados em 10 gigabytes (GB) e utiliza tecnologia GPon, j\u00e1 conta com mais de 50 km de fibras lan\u00e7adas pela cidade e este ano vai crescer ainda mais. E \u00e9 essa rede que vai possibilitar que Jundia\u00ed se torne uma cidade mais conectada&#8221;<\/strong>, afirma.<\/p>\n<p>O hor\u00e1rio de funcionamento do &#8216;Espa\u00e7o Conectado&#8217; vai ser <strong>das 8h \u00e0s 17h. O Wi-Fi, pelo canal Conectado, vai ficar dispon\u00edvel 24 horas, mas restrito ao espa\u00e7o f\u00edsico onde a sala est\u00e1 instalada.<\/strong><\/p>\n<p>Para utilizar o espa\u00e7o p\u00fablico, o <strong>usu\u00e1rio, maior de 18 anos, deve apresentar o RG. Menores de 16 anos, somente acompanhados de respons\u00e1vel legal, com documento de comprova\u00e7\u00e3o<\/strong>. Tamb\u00e9m vai <strong>assinar um termo de compromisso<\/strong>, que estabelece <strong>regras para o uso<\/strong>, proibindo o acesso a sites de conte\u00fado pornogr\u00e1fico, a instala\u00e7\u00e3o de software e a pr\u00e1tica de pirataria e vandalismo eletr\u00f4nico.<\/p>\n<p><strong><em>Isabela Silva e Viviane Rodrigues<br \/>\nFoto: Dorival Pinheiro Filho<\/em><\/strong><\/p>\n","protected":false},"excerpt":{"rendered":"<p>Local vai ser aberto nesta quinta-feira (4), \u00e0s 17h, e fica na Associa\u00e7\u00e3o de Acolhimento Bom Pastor, na Estrada do Varj\u00e3o, n\u00ba 1641<\/p>\n","protected":false},"author":14,"featured_media":167786,"comment_status":"closed","ping_status":"closed","sticky":false,"template":"","format":"standard","meta":{"footnotes":""},"categories":[2],"tags":[235,365,851],"ods":[],"class_list":["post-167765","post","type-post","status-publish","format-standard","has-post-thumbnail","hentry","category-noticias","tag-companhia-de-informatica-de-jundiai-cijun","tag-desenvolvimento-economico-ciencia-e-tecnologia","tag-espaco-conectado"],"_links":{"self":[{"href":"https:\/\/jundiai.sp.gov.br\/noticias\/wp-json\/wp\/v2\/posts\/167765","targetHints":{"allow":["GET"]}}],"collection":[{"href":"https:\/\/jundiai.sp.gov.br\/noticias\/wp-json\/wp\/v2\/posts"}],"about":[{"href":"https:\/\/jundiai.sp.gov.br\/noticias\/wp-json\/wp\/v2\/types\/post"}],"author":[{"embeddable":true,"href":"https:\/\/jundiai.sp.gov.br\/noticias\/wp-json\/wp\/v2\/users\/14"}],"replies":[{"embeddable":true,"href":"https:\/\/jundiai.sp.gov.br\/noticias\/wp-json\/wp\/v2\/comments?post=167765"}],"version-history":[{"count":8,"href":"https:\/\/jundiai.sp.gov.br\/noticias\/wp-json\/wp\/v2\/posts\/167765\/revisions"}],"predecessor-version":[{"id":167852,"href":"https:\/\/jundiai.sp.gov.br\/noticias\/wp-json\/wp\/v2\/posts\/167765\/revisions\/167852"}],"wp:featuredmedia":[{"embeddable":true,"href":"https:\/\/jundiai.sp.gov.br\/noticias\/wp-json\/wp\/v2\/media\/167786"}],"wp:attachment":[{"href":"https:\/\/jundiai.sp.gov.br\/noticias\/wp-json\/wp\/v2\/media?parent=167765"}],"wp:term":[{"taxonomy":"category","embeddable":true,"href":"https:\/\/jundiai.sp.gov.br\/noticias\/wp-json\/wp\/v2\/categories?post=167765"},{"taxonomy":"post_tag","embeddable":true,"href":"https:\/\/jundiai.sp.gov.br\/noticias\/wp-json\/wp\/v2\/tags?post=167765"},{"taxonomy":"ods","embeddable":true,"href":"https:\/\/jundiai.sp.gov.br\/noticias\/wp-json\/wp\/v2\/ods?post=167765"}],"curies":[{"name":"wp","href":"https:\/\/api.w.org\/{rel}","templated":true}]}}