{"id":168274,"date":"2016-02-12T18:12:28","date_gmt":"2016-02-12T20:12:28","guid":{"rendered":"https:\/\/jundiai.sp.gov.br\/noticias\/?p=168274"},"modified":"2016-11-04T13:24:03","modified_gmt":"2016-11-04T15:24:03","slug":"secretaria-de-servicos-publicos-atende-pedido-de-moradores-da-vila-didi-2","status":"publish","type":"post","link":"https:\/\/jundiai.sp.gov.br\/noticias\/2016\/02\/12\/secretaria-de-servicos-publicos-atende-pedido-de-moradores-da-vila-didi-2\/","title":{"rendered":"Secretaria de Servi\u00e7os P\u00fablicos vai remover ponte na Vila Didi"},"content":{"rendered":"<p><strong>O secret\u00e1rio de Servi\u00e7os P\u00fablicos, Aguinaldo Leite, esteve nesta sexta-feira (12), na Vila Didi, regi\u00e3o da Agapeama, para conversar com moradores da rua Roraima. Ap\u00f3s pedido das fam\u00edlias e comerciantes daquela \u00e1rea, o secret\u00e1rio anunciou a remo\u00e7\u00e3o de uma pequena ponte de madeira e o fechamento do local com alambrado. A a\u00e7\u00e3o tamb\u00e9m teve o aval da Prefeitura de V\u00e1rzea Paulista, j\u00e1 que a ponte ligava as duas cidades.<\/strong><\/p>\n<p><strong>Este tipo de a\u00e7\u00e3o da Secretaria de Servi\u00e7os P\u00fablicos j\u00e1 foi realizada, por exemplo, na Vila Rio Branco. <a href=\"https:\/\/jundiai.sp.gov.br\/noticias\/2014\/12\/23\/prefeito-atende-antigo-pedido-de-moradores-da-vila-rio-branco\/\">L\u00e1 os moradores solicitaram ao prefeito Pedro Bigardi o fechamento de uma passagem entre o bairro e a linha f\u00e9rrea<\/a>.<\/strong><\/p>\n<p><strong>LEIA TAMB\u00c9M<\/strong><br \/>\n<a href=\"https:\/\/jundiai.sp.gov.br\/noticias\/2016\/02\/01\/trabalho-muda-bacias-e-mapeia-14-mil-nascentes-de-jundiai\/\">Trabalho \u2018muda\u2019 bacias e mapeia 1,4 mil nascentes<\/a><br \/>\n<a href=\"https:\/\/jundiai.sp.gov.br\/noticias\/2016\/02\/03\/prefeito-entrega-as-chaves-de-384-unidades-habitacionais\/\">Prefeito entrega as chaves de 384 unidades habitacionais<\/a><\/p>\n<div id=\"attachment_168275\" style=\"width: 730px\" class=\"wp-caption aligncenter\"><a href=\"https:\/\/jundiai.sp.gov.br\/noticias\/wp-content\/uploads\/sites\/32\/2016\/02\/Secretaria-de-Servi\u00e7os-P\u00fablicos-atende-pedido-de-moradores-da-Vila-Didi1.jpg\" rel=\"attachment wp-att-168275\"><img loading=\"lazy\" decoding=\"async\" aria-describedby=\"caption-attachment-168275\" class=\"size-large wp-image-168275\" src=\"https:\/\/jundiai.sp.gov.br\/noticias\/wp-content\/uploads\/sites\/32\/2016\/02\/Secretaria-de-Servi\u00e7os-P\u00fablicos-atende-pedido-de-moradores-da-Vila-Didi1-720x478.jpg\" alt=\"Secret\u00e1rio Aguinaldo Leite conversa com moradores: seguran\u00e7a\" width=\"720\" height=\"478\" srcset=\"https:\/\/jundiai.sp.gov.br\/noticias\/wp-content\/uploads\/sites\/32\/2016\/02\/Secretaria-de-Servi\u00e7os-P\u00fablicos-atende-pedido-de-moradores-da-Vila-Didi1-720x478.jpg 720w, https:\/\/jundiai.sp.gov.br\/noticias\/wp-content\/uploads\/sites\/32\/2016\/02\/Secretaria-de-Servi\u00e7os-P\u00fablicos-atende-pedido-de-moradores-da-Vila-Didi1-300x199.jpg 300w, https:\/\/jundiai.sp.gov.br\/noticias\/wp-content\/uploads\/sites\/32\/2016\/02\/Secretaria-de-Servi\u00e7os-P\u00fablicos-atende-pedido-de-moradores-da-Vila-Didi1-768x510.jpg 768w, https:\/\/jundiai.sp.gov.br\/noticias\/wp-content\/uploads\/sites\/32\/2016\/02\/Secretaria-de-Servi\u00e7os-P\u00fablicos-atende-pedido-de-moradores-da-Vila-Didi1.jpg 1240w\" sizes=\"auto, (max-width: 720px) 100vw, 720px\" \/><\/a><p id=\"caption-attachment-168275\" class=\"wp-caption-text\">Secret\u00e1rio Aguinaldo Leite conversa com moradores: seguran\u00e7a<\/p><\/div>\n<p>&#8220;\u00c9 uma <strong>obra simples<\/strong>, mas que <strong>causa um grande impacto na vida de centenas de pessoas. Temos feito muitas obras assim na cidade inteira<\/strong>\u201d, disse o prefeito, ap\u00f3s a entrega da obra, em dezembro de 2014. \u201cViemos aqui h\u00e1 alguns meses participar de uma reuni\u00e3o com os moradores e <strong>assumimos o compromisso de faz\u00ea-la<\/strong>.\u201d<\/p>\n<p>A passagem na rua Roraima, que fica sobre um c\u00f3rrego existente na divisa com V\u00e1rzea, traz <strong>riscos e inseguran\u00e7a aos moradores. &#8220;Isso vai eliminar diversos problemas. V\u00e1rias pessoas j\u00e1 ca\u00edram a\u00ed, sem falar que o local passou a servir como rota de fuga para criminosos&#8221;<\/strong>, explicou Armando das Neves. &#8220;Por isso, n\u00f3s resolvemos solicitar a remo\u00e7\u00e3o \u00e0 Prefeitura&#8221;.<\/p>\n<div id=\"attachment_168277\" style=\"width: 410px\" class=\"wp-caption alignleft\"><a href=\"https:\/\/jundiai.sp.gov.br\/noticias\/wp-content\/uploads\/sites\/32\/2016\/02\/Secretaria-de-Servi\u00e7os-P\u00fablicos-atende-pedido-de-moradores-da-Vila-Didi2.jpg\" rel=\"attachment wp-att-168277\"><img loading=\"lazy\" decoding=\"async\" aria-describedby=\"caption-attachment-168277\" class=\"size-large wp-image-168277\" src=\"https:\/\/jundiai.sp.gov.br\/noticias\/wp-content\/uploads\/sites\/32\/2016\/02\/Secretaria-de-Servi\u00e7os-P\u00fablicos-atende-pedido-de-moradores-da-Vila-Didi2-720x478.jpg\" alt=\"Ponte sob o c\u00f3rrego gerava riscos \" width=\"400\" height=\"350\" \/><\/a><p id=\"caption-attachment-168277\" class=\"wp-caption-text\">Ponte sob o c\u00f3rrego gerava riscos<\/p><\/div>\n<p>Ainda de acordo com Neves, <strong>n\u00e3o vai haver preju\u00edzo para quem necessita passar de um lado para o outro. &#8220;H\u00e1 um outro acesso, uns 300 metros \u00e0 frente. \u00c9 mais seguro para todos&#8221;<\/strong>, refor\u00e7ou.<\/p>\n<p>Para o secret\u00e1rio Aguinaldo Leite, a <strong>seguran\u00e7a dos moradores deve vir sempre em primeiro lugar<\/strong>. &#8220;N\u00e3o h\u00e1 sentido algum deixar uma ponte deste jeito aqui. J\u00e1 fiz contato com a Prefeitura de V\u00e1rzea Paulista, que tamb\u00e9m concordou com a retirada. <strong>Vamos, agora, fazer a remo\u00e7\u00e3o e fechar os dois lados deste acesso com alambrado<\/strong>&#8220;, explicou.<\/p>\n<p><strong>Aten\u00e7\u00e3o<\/strong><br \/>\nO presidente da Associa\u00e7\u00e3o dos Moradores Organizados Assistencial Beneficente do Bairro do Jardim do Lago, Claudinei Galdino, <strong>agradeceu ao secret\u00e1rio<\/strong>. &#8220;Foi um <strong>pedido feito por toda a comunidade, que procurou a associa\u00e7\u00e3o para ajudar neste contato com a Prefeitura e o secret\u00e1rio Aguinaldo Leite. Todos ficaram muito satisfeitos com a decis\u00e3o, j\u00e1 que o local gerava inseguran\u00e7a<\/strong>.&#8221;<\/p>\n<p><strong><em>Assessoria de Imprensa<br \/>\nFotos: Fot\u00f3grafos PMJ<\/em><\/strong><\/p>\n","protected":false},"excerpt":{"rendered":"<p>A pedido dos comerciantes e moradores, que n\u00e3o v\u00e3o sofrer preju\u00edzo para sua locomo\u00e7\u00e3o, medida visa \u00e0 seguran\u00e7a <\/p>\n","protected":false},"author":14,"featured_media":168339,"comment_status":"closed","ping_status":"closed","sticky":false,"template":"","format":"standard","meta":{"footnotes":""},"categories":[2],"tags":[341],"ods":[],"class_list":["post-168274","post","type-post","status-publish","format-standard","has-post-thumbnail","hentry","category-noticias","tag-servicos-publicos"],"_links":{"self":[{"href":"https:\/\/jundiai.sp.gov.br\/noticias\/wp-json\/wp\/v2\/posts\/168274","targetHints":{"allow":["GET"]}}],"collection":[{"href":"https:\/\/jundiai.sp.gov.br\/noticias\/wp-json\/wp\/v2\/posts"}],"about":[{"href":"https:\/\/jundiai.sp.gov.br\/noticias\/wp-json\/wp\/v2\/types\/post"}],"author":[{"embeddable":true,"href":"https:\/\/jundiai.sp.gov.br\/noticias\/wp-json\/wp\/v2\/users\/14"}],"replies":[{"embeddable":true,"href":"https:\/\/jundiai.sp.gov.br\/noticias\/wp-json\/wp\/v2\/comments?post=168274"}],"version-history":[{"count":12,"href":"https:\/\/jundiai.sp.gov.br\/noticias\/wp-json\/wp\/v2\/posts\/168274\/revisions"}],"predecessor-version":[{"id":168347,"href":"https:\/\/jundiai.sp.gov.br\/noticias\/wp-json\/wp\/v2\/posts\/168274\/revisions\/168347"}],"wp:featuredmedia":[{"embeddable":true,"href":"https:\/\/jundiai.sp.gov.br\/noticias\/wp-json\/wp\/v2\/media\/168339"}],"wp:attachment":[{"href":"https:\/\/jundiai.sp.gov.br\/noticias\/wp-json\/wp\/v2\/media?parent=168274"}],"wp:term":[{"taxonomy":"category","embeddable":true,"href":"https:\/\/jundiai.sp.gov.br\/noticias\/wp-json\/wp\/v2\/categories?post=168274"},{"taxonomy":"post_tag","embeddable":true,"href":"https:\/\/jundiai.sp.gov.br\/noticias\/wp-json\/wp\/v2\/tags?post=168274"},{"taxonomy":"ods","embeddable":true,"href":"https:\/\/jundiai.sp.gov.br\/noticias\/wp-json\/wp\/v2\/ods?post=168274"}],"curies":[{"name":"wp","href":"https:\/\/api.w.org\/{rel}","templated":true}]}}