{"id":168368,"date":"2016-02-15T18:21:18","date_gmt":"2016-02-15T20:21:18","guid":{"rendered":"https:\/\/jundiai.sp.gov.br\/noticias\/?p=168368"},"modified":"2016-11-04T13:12:34","modified_gmt":"2016-11-04T15:12:34","slug":"regional-de-futebol-supera-expectativa-e-inscricoes-sao-encerradas","status":"publish","type":"post","link":"https:\/\/jundiai.sp.gov.br\/noticias\/2016\/02\/15\/regional-de-futebol-supera-expectativa-e-inscricoes-sao-encerradas\/","title":{"rendered":"Campeonato supera expectativa e inscri\u00e7\u00f5es s\u00e3o encerradas"},"content":{"rendered":"<p><strong>O interesse pela disputa do 4\u00ba Campeonato Regional de Futebol, promovido pela Secretaria de Esportes e Lazer, superou a expectativa dos organizadores, que encerraram as inscri\u00e7\u00f5es nesta segunda-feira (15). A competi\u00e7\u00e3o ter\u00e1 48 equipes, n\u00famero m\u00e1ximo previsto no regulamento deste ano.<\/strong><\/p>\n<p><strong>LEIA MAIS<\/strong><br \/>\n<strong> <a href=\"https:\/\/jundiai.sp.gov.br\/noticias\/2016\/02\/15\/inscricoes-abertas-para-curso-gratuito-de-iniciacao-a-cozinha\/\" target=\"_blank\">Inscri\u00e7\u00f5es abertas para curso gratuito de Inicia\u00e7\u00e3o \u00e0 Cozinha<\/a><\/strong><\/p>\n<div id=\"attachment_168369\" style=\"width: 730px\" class=\"wp-caption aligncenter\"><a href=\"https:\/\/jundiai.sp.gov.br\/noticias\/wp-content\/uploads\/sites\/32\/2016\/02\/final_futebol_dal_santo_D50g.jpg\" rel=\"attachment wp-att-168369\"><img loading=\"lazy\" decoding=\"async\" aria-describedby=\"caption-attachment-168369\" class=\"size-large wp-image-168369\" src=\"https:\/\/jundiai.sp.gov.br\/noticias\/wp-content\/uploads\/sites\/32\/2016\/02\/final_futebol_dal_santo_D50g-720x548.jpg\" alt=\"Regional de futebol tem at\u00e9 fila de espera para a edi\u00e7\u00e3o de 2016\" width=\"720\" height=\"548\" srcset=\"https:\/\/jundiai.sp.gov.br\/noticias\/wp-content\/uploads\/sites\/32\/2016\/02\/final_futebol_dal_santo_D50g-720x548.jpg 720w, https:\/\/jundiai.sp.gov.br\/noticias\/wp-content\/uploads\/sites\/32\/2016\/02\/final_futebol_dal_santo_D50g-300x228.jpg 300w, https:\/\/jundiai.sp.gov.br\/noticias\/wp-content\/uploads\/sites\/32\/2016\/02\/final_futebol_dal_santo_D50g-768x585.jpg 768w, https:\/\/jundiai.sp.gov.br\/noticias\/wp-content\/uploads\/sites\/32\/2016\/02\/final_futebol_dal_santo_D50g.jpg 1240w\" sizes=\"auto, (max-width: 720px) 100vw, 720px\" \/><\/a><p id=\"caption-attachment-168369\" class=\"wp-caption-text\">Regional de futebol tem at\u00e9 fila de espera para a edi\u00e7\u00e3o de 2016<\/p><\/div>\n<p>De acordo com S\u00e9rgio Santos, <strong>que recebeu as inscri\u00e7\u00f5es, o prazo limite era o fim de fevereiro, mas as vagas foram preenchidas rapidamente.<\/strong> \u201cAl\u00e9m dos 48 participantes, temos outros dez em uma lista de espera\u201d, revela.<\/p>\n<p><strong>O congresso t\u00e9cnico do Regional est\u00e1 confirmado para 2 de mar\u00e7o (quarta-feira), no audit\u00f3rio do <a href=\"https:\/\/jundiai.sp.gov.br\/fundo-social-de-solidariedade\/\" target=\"_blank\">Fundo Social de Solidariedade (Funss)<\/a>, anexo ao Parque da Uva, a partir das 19h. Na oportunidade, ser\u00e3o discutidos o regulamento, forma de disputa e grupos. A competi\u00e7\u00e3o come\u00e7a no domingo, dia 13 de mar\u00e7o.<\/strong><\/p>\n<p><em><strong>Assessoria de Imprensa<\/strong><\/em><br \/>\n<em><strong> Fotos: Dorival Pinheiro Filho<\/strong><\/em><\/p>\n","protected":false},"excerpt":{"rendered":"<p>O 4\u00ba Campeonato Regional de Futebol ter\u00e1 48 equipes, n\u00famero m\u00e1ximo previsto no regulamento deste ano<\/p>\n","protected":false},"author":11,"featured_media":153511,"comment_status":"closed","ping_status":"closed","sticky":false,"template":"","format":"standard","meta":{"footnotes":""},"categories":[2],"tags":[35,99],"ods":[],"class_list":["post-168368","post","type-post","status-publish","format-standard","has-post-thumbnail","hentry","category-noticias","tag-esporte-e-lazer","tag-futebol"],"_links":{"self":[{"href":"https:\/\/jundiai.sp.gov.br\/noticias\/wp-json\/wp\/v2\/posts\/168368","targetHints":{"allow":["GET"]}}],"collection":[{"href":"https:\/\/jundiai.sp.gov.br\/noticias\/wp-json\/wp\/v2\/posts"}],"about":[{"href":"https:\/\/jundiai.sp.gov.br\/noticias\/wp-json\/wp\/v2\/types\/post"}],"author":[{"embeddable":true,"href":"https:\/\/jundiai.sp.gov.br\/noticias\/wp-json\/wp\/v2\/users\/11"}],"replies":[{"embeddable":true,"href":"https:\/\/jundiai.sp.gov.br\/noticias\/wp-json\/wp\/v2\/comments?post=168368"}],"version-history":[{"count":6,"href":"https:\/\/jundiai.sp.gov.br\/noticias\/wp-json\/wp\/v2\/posts\/168368\/revisions"}],"predecessor-version":[{"id":168375,"href":"https:\/\/jundiai.sp.gov.br\/noticias\/wp-json\/wp\/v2\/posts\/168368\/revisions\/168375"}],"wp:featuredmedia":[{"embeddable":true,"href":"https:\/\/jundiai.sp.gov.br\/noticias\/wp-json\/wp\/v2\/media\/153511"}],"wp:attachment":[{"href":"https:\/\/jundiai.sp.gov.br\/noticias\/wp-json\/wp\/v2\/media?parent=168368"}],"wp:term":[{"taxonomy":"category","embeddable":true,"href":"https:\/\/jundiai.sp.gov.br\/noticias\/wp-json\/wp\/v2\/categories?post=168368"},{"taxonomy":"post_tag","embeddable":true,"href":"https:\/\/jundiai.sp.gov.br\/noticias\/wp-json\/wp\/v2\/tags?post=168368"},{"taxonomy":"ods","embeddable":true,"href":"https:\/\/jundiai.sp.gov.br\/noticias\/wp-json\/wp\/v2\/ods?post=168368"}],"curies":[{"name":"wp","href":"https:\/\/api.w.org\/{rel}","templated":true}]}}