{"id":168742,"date":"2016-02-19T17:54:13","date_gmt":"2016-02-19T19:54:13","guid":{"rendered":"https:\/\/jundiai.sp.gov.br\/noticias\/?p=168742"},"modified":"2016-11-04T13:14:17","modified_gmt":"2016-11-04T15:14:17","slug":"cultura-abre-inscricoes-para-regente-do-coral-municipal","status":"publish","type":"post","link":"https:\/\/jundiai.sp.gov.br\/noticias\/2016\/02\/19\/cultura-abre-inscricoes-para-regente-do-coral-municipal\/","title":{"rendered":"Cultura abre inscri\u00e7\u00f5es para regente do Coral Municipal"},"content":{"rendered":"<p><strong>A <a href=\"http:\/\/cultura.jundiai.sp.gov.br\/\" target=\"_blank\">Secretaria de Cultura<\/a> est\u00e1 com inscri\u00e7\u00f5es abertas para sele\u00e7\u00e3o de regente do Coral Municipal de Jundia\u00ed na temporada de 2016.<\/strong><\/p>\n<p>O candidato deve ter <strong>forma\u00e7\u00e3o acad\u00eamica em reg\u00eancia e experi\u00eancia na fun\u00e7\u00e3o para forma\u00e7\u00e3o art\u00edstica<\/strong>. Para se inscrever basta preencher a <a href=\"http:\/\/cultura.jundiai.sp.gov.br\/wp-content\/uploads\/2016\/02\/ficha-inscricao-regente-coral.pdf\" target=\"_blank\">ficha de inscri\u00e7\u00e3o<\/a> e entregar, <strong>at\u00e9 o dia 5 de abril, na Secretaria de Administra\u00e7\u00e3o e Gest\u00e3o, 4\u00ba andar, ala Norte, do Pa\u00e7o Municipal<\/strong>, com os demais documentos descritos no <a href=\"http:\/\/cultura.jundiai.sp.gov.br\/wp-content\/uploads\/2014\/09\/edital-regente.pdf\" target=\"_blank\">edital<\/a>.<\/p>\n<p><strong>LEIA TAMB\u00c9M<\/strong><br \/>\n<a href=\"https:\/\/jundiai.sp.gov.br\/noticias\/2016\/02\/18\/idosos-do-sao-camilo-pretigiam-exposicao-no-solar-do-barao\/\">Idosos do S\u00e3o Camilo prestigiam exposi\u00e7\u00e3o no Solar<\/a><br \/>\n<a href=\"https:\/\/jundiai.sp.gov.br\/noticias\/2016\/02\/19\/contribuicao-voluntaria-do-iptu-vai-para-fundo-de-cultura\/\">Contribui\u00e7\u00e3o volunt\u00e1ria do IPTU vai ao Fundo de Cultura<\/a><br \/>\n<a href=\"https:\/\/jundiai.sp.gov.br\/noticias\/2016\/02\/16\/exposicao-apresenta-projetos-do-curso-de-arquitetura-e-urbanismo\/\">Exposi\u00e7\u00e3o apresenta projetos do curso de Arquitetura e Urbanismo<\/a><\/p>\n<div id=\"attachment_168743\" style=\"width: 730px\" class=\"wp-caption aligncenter\"><a href=\"https:\/\/jundiai.sp.gov.br\/noticias\/wp-content\/uploads\/sites\/32\/2016\/02\/Coral_Municipal_A_20g.jpg\" rel=\"attachment wp-att-168743\"><img loading=\"lazy\" decoding=\"async\" aria-describedby=\"caption-attachment-168743\" class=\"size-large wp-image-168743\" src=\"https:\/\/jundiai.sp.gov.br\/noticias\/wp-content\/uploads\/sites\/32\/2016\/02\/Coral_Municipal_A_20g-720x480.jpg\" alt=\"Inscri\u00e7\u00f5es podem ser feitas at\u00e9 o dia 5 de abril\" width=\"720\" height=\"480\" srcset=\"https:\/\/jundiai.sp.gov.br\/noticias\/wp-content\/uploads\/sites\/32\/2016\/02\/Coral_Municipal_A_20g-720x480.jpg 720w, https:\/\/jundiai.sp.gov.br\/noticias\/wp-content\/uploads\/sites\/32\/2016\/02\/Coral_Municipal_A_20g-300x200.jpg 300w, https:\/\/jundiai.sp.gov.br\/noticias\/wp-content\/uploads\/sites\/32\/2016\/02\/Coral_Municipal_A_20g-768x512.jpg 768w, https:\/\/jundiai.sp.gov.br\/noticias\/wp-content\/uploads\/sites\/32\/2016\/02\/Coral_Municipal_A_20g.jpg 1240w\" sizes=\"auto, (max-width: 720px) 100vw, 720px\" \/><\/a><p id=\"caption-attachment-168743\" class=\"wp-caption-text\">Inscri\u00e7\u00f5es podem ser feitas at\u00e9 o dia 5 de abril<\/p><\/div>\n<p><strong>A sele\u00e7\u00e3o conta com duas avalia\u00e7\u00f5es, documental e art\u00edstica, sendo a segunda conduzida em tr\u00eas etapas. A inscri\u00e7\u00e3o \u00e9 gratuita.<\/strong><\/p>\n<p><strong>CONFIRA O <a href=\"http:\/\/cultura.jundiai.sp.gov.br\/wp-content\/uploads\/2014\/09\/edital-regente.pdf\" target=\"_blank\">EDITAL<\/a> E A <a href=\"http:\/\/cultura.jundiai.sp.gov.br\/wp-content\/uploads\/2016\/02\/ficha-inscricao-regente-coral.pdf\" target=\"_blank\">FICHA DE INSCRI\u00c7\u00c3O<\/a><\/strong><\/p>\n<p><strong>O regente selecionado vai assumir diversas fun\u00e7\u00f5es, como defini\u00e7\u00e3o do repert\u00f3rio, responsabilidade pela interpreta\u00e7\u00e3o, dire\u00e7\u00e3o musical, coordena\u00e7\u00e3o dos ensaios, garantia de qualidade art\u00edstica nas apresenta\u00e7\u00f5es, sugest\u00e3o e acompanhamento das oficinas de t\u00e9cnica vocal, teoria musical e ensaios de naipe ministrados aos cantores do coral.<\/strong><\/p>\n<p>\u00c9<strong> vedada a inscri\u00e7\u00e3o de servidores p\u00fablicos, inclusive das autarquias, terceirizados ou profissionais<\/strong> que tenham v\u00ednculo de trabalho com o <strong>Munic\u00edpio, Secretaria de Cultura e Funda\u00e7\u00e3o Casa da Cultura<\/strong>.<\/p>\n<p><strong><em>Assessoria de Imprensa<br \/>\nFoto: Arquivo PMJ<\/em><\/strong><\/p>\n","protected":false},"excerpt":{"rendered":"<p>A Secretaria de Cultura est\u00e1 com inscri\u00e7\u00f5es abertas para sele\u00e7\u00e3o de regente do Coral Municipal de Jundia\u00ed na temporada de 2016. O candidato deve ter forma\u00e7\u00e3o acad\u00eamica em reg\u00eancia e experi\u00eancia na fun\u00e7\u00e3o para forma\u00e7\u00e3o art\u00edstica. Para se inscrever basta preencher a ficha de inscri\u00e7\u00e3o e entregar, at\u00e9 o dia 5 de abril, na Secretaria [&hellip;]<\/p>\n","protected":false},"author":14,"featured_media":0,"comment_status":"closed","ping_status":"closed","sticky":false,"template":"","format":"standard","meta":{"footnotes":""},"categories":[2],"tags":[504,275,29],"ods":[],"class_list":["post-168742","post","type-post","status-publish","format-standard","hentry","category-noticias","tag-administracao-e-gestao","tag-coral-municipal-de-jundiai","tag-cultura"],"_links":{"self":[{"href":"https:\/\/jundiai.sp.gov.br\/noticias\/wp-json\/wp\/v2\/posts\/168742","targetHints":{"allow":["GET"]}}],"collection":[{"href":"https:\/\/jundiai.sp.gov.br\/noticias\/wp-json\/wp\/v2\/posts"}],"about":[{"href":"https:\/\/jundiai.sp.gov.br\/noticias\/wp-json\/wp\/v2\/types\/post"}],"author":[{"embeddable":true,"href":"https:\/\/jundiai.sp.gov.br\/noticias\/wp-json\/wp\/v2\/users\/14"}],"replies":[{"embeddable":true,"href":"https:\/\/jundiai.sp.gov.br\/noticias\/wp-json\/wp\/v2\/comments?post=168742"}],"version-history":[{"count":3,"href":"https:\/\/jundiai.sp.gov.br\/noticias\/wp-json\/wp\/v2\/posts\/168742\/revisions"}],"predecessor-version":[{"id":168746,"href":"https:\/\/jundiai.sp.gov.br\/noticias\/wp-json\/wp\/v2\/posts\/168742\/revisions\/168746"}],"wp:attachment":[{"href":"https:\/\/jundiai.sp.gov.br\/noticias\/wp-json\/wp\/v2\/media?parent=168742"}],"wp:term":[{"taxonomy":"category","embeddable":true,"href":"https:\/\/jundiai.sp.gov.br\/noticias\/wp-json\/wp\/v2\/categories?post=168742"},{"taxonomy":"post_tag","embeddable":true,"href":"https:\/\/jundiai.sp.gov.br\/noticias\/wp-json\/wp\/v2\/tags?post=168742"},{"taxonomy":"ods","embeddable":true,"href":"https:\/\/jundiai.sp.gov.br\/noticias\/wp-json\/wp\/v2\/ods?post=168742"}],"curies":[{"name":"wp","href":"https:\/\/api.w.org\/{rel}","templated":true}]}}