{"id":168881,"date":"2016-02-22T16:22:51","date_gmt":"2016-02-22T19:22:51","guid":{"rendered":"https:\/\/jundiai.sp.gov.br\/noticias\/?p=168881"},"modified":"2016-11-04T13:16:11","modified_gmt":"2016-11-04T15:16:11","slug":"gestao-de-residuos-e-tema-de-palestra-em-feira-do-empreendedor","status":"publish","type":"post","link":"https:\/\/jundiai.sp.gov.br\/noticias\/2016\/02\/22\/gestao-de-residuos-e-tema-de-palestra-em-feira-do-empreendedor\/","title":{"rendered":"Gest\u00e3o de res\u00edduos \u00e9 tema de palestra em Feira do Empreendedor"},"content":{"rendered":"<p><strong>O secret\u00e1rio de Servi\u00e7os P\u00fablicos, Aguinaldo Leite, \u00e9 um dos palestrantes do encerramento da <a href=\"http:\/\/feiradoempreendedor.sebraesp.com.br\/\" target=\"_blank\">Feira do Empreendedor 2016, do Sebrae<\/a>, no Anhembi, nesta ter\u00e7a-feira (23), em S\u00e3o Paulo.<\/strong><\/p>\n<p><strong>LEIA TAMB\u00c9M<\/strong><br \/>\n<a href=\"https:\/\/jundiai.sp.gov.br\/noticias\/2016\/02\/22\/centro-tem-investimentos-em-mobilidade-seguranca-e-cultura\/\">Centro recebe obras vi\u00e1rias, de seguran\u00e7a e de cultura<\/a><br \/>\n<a href=\"https:\/\/jundiai.sp.gov.br\/noticias\/2016\/02\/03\/prefeito-entrega-as-chaves-de-384-unidades-habitacionais\/\">Prefeito entrega as chaves de 384 unidades habitacionais<\/a><br \/>\n<a href=\"https:\/\/jundiai.sp.gov.br\/noticias\/2016\/02\/12\/secretaria-de-servicos-publicos-atende-pedido-de-moradores-da-vila-didi-2\/\">Secretaria de Servi\u00e7os P\u00fablicos vai remover ponte na Vila Didi<\/a><\/p>\n<div id=\"attachment_168882\" style=\"width: 410px\" class=\"wp-caption alignleft\"><a href=\"https:\/\/jundiai.sp.gov.br\/noticias\/wp-content\/uploads\/sites\/32\/2016\/02\/Aguinaldo-Leite-falar\u00e1-do-trabalho-de-gest\u00e3o-de-res\u00edduos-na-cidade.jpg\" rel=\"attachment wp-att-168882\"><img loading=\"lazy\" decoding=\"async\" aria-describedby=\"caption-attachment-168882\" class=\"size-large wp-image-168882\" src=\"https:\/\/jundiai.sp.gov.br\/noticias\/wp-content\/uploads\/sites\/32\/2016\/02\/Aguinaldo-Leite-falar\u00e1-do-trabalho-de-gest\u00e3o-de-res\u00edduos-na-cidade-720x524.jpg\" alt=\"Aguinaldo Leite falar\u00e1 do trabalho de gest\u00e3o de res\u00edduos na cidade \" width=\"400\" height=\"350\" \/><\/a><p id=\"caption-attachment-168882\" class=\"wp-caption-text\">Aguinaldo Leite falar\u00e1 do trabalho de gest\u00e3o de res\u00edduos na cidade<\/p><\/div>\n<p>A palestra est\u00e1 marcada para as <strong>17h, no Espa\u00e7o do Conhecimento, um dos maiores atrativos da feira<\/strong>. A \u00e1rea \u00e9 destinada a <strong>encontros e debates que apresentam o que h\u00e1 de mais inspirador, moderno e atual no universo dos pequenos neg\u00f3cios<\/strong>. \u201cA ideia \u00e9 falar sobre o <a href=\"https:\/\/jundiai.sp.gov.br\/servicos-publicos\/projeto-i-nopa\/\">Projeto I-NoPa<\/a> e como ele trouxe <strong>inova\u00e7\u00e3o para a gest\u00e3o ecoeficiente de res\u00edduos s\u00f3lidos na Prefeitura<\/strong>. Al\u00e9m disso, vou destacar <strong>op\u00e7\u00f5es de neg\u00f3cios e alternativas p\u00f3s gera\u00e7\u00e3o de res\u00edduos<\/strong>\u201d, comentou.<\/p>\n<p>A <a href=\"http:\/\/feiradoempreendedor.sebraesp.com.br\/\" target=\"_blank\">5\u00aa edi\u00e7\u00e3o da Feira do Empreendedor do Sebrae-SP<\/a> come\u00e7ou nesse s\u00e1bado (20) e deve atingir um <strong>p\u00fablico de 120 mil pessoas no total<\/strong>. O evento oferece aos <strong>donos ou futuros donos de micro e pequenas empresas orienta\u00e7\u00e3o completa para uma boa gest\u00e3o<\/strong>.<\/p>\n<p>O p\u00fablico tamb\u00e9m pode conhecer <strong>tend\u00eancias e novidades em \u00e1reas como marketing, finan\u00e7as, inova\u00e7\u00e3o e exporta\u00e7\u00e3o, saber mais sobre linhas de cr\u00e9dito e se informar sobre como formalizar o empreendimento<\/strong>.<\/p>\n<p>At\u00e9 ter\u00e7a, devem ser realizadas <strong>mais de 50 mil capacita\u00e7\u00f5es<\/strong> nas chamadas Salas de Conhecimento e movimentados <strong>R$ 8 milh\u00f5es em neg\u00f3cios, um crescimento de 10% na compara\u00e7\u00e3o com o ano passado<\/strong>.<\/p>\n<p><strong>Sobre a Feira<\/strong><br \/>\n<strong>A entrada na Feira e todos os servi\u00e7os oferecidos s\u00e3o gratuitos.<\/strong> Por se tratar de um espa\u00e7o de neg\u00f3cios, <strong>menores de 14 anos n\u00e3o podem entrar<\/strong>. Para se inscrever, basta <a href=\"http:\/\/feiradoempreendedor.sebraesp.com.br\/\" target=\"_blank\">acessar o site da Feira<\/a> ou ligar para 0800 570 0800.<\/p>\n<p>A Feira funciona no <strong>Pavilh\u00e3o de Exposi\u00e7\u00f5es do Anhembi (avenida Olavo Fontoura, 1209) das 10h \u00e0s 21h<\/strong>.<\/p>\n<p><strong><em>Assessoria de Imprensa<br \/>\nFoto: Fot\u00f3grafos PMJ<\/em><\/strong><\/p>\n","protected":false},"excerpt":{"rendered":"<p>O secret\u00e1rio de Servi\u00e7os P\u00fablicos, Aguinaldo Leite, \u00e9 um dos palestrantes do encerramento da Feira do Empreendedor 2016, do Sebrae, no Anhembi, nesta ter\u00e7a-feira (23), em S\u00e3o Paulo. LEIA TAMB\u00c9M Centro recebe obras vi\u00e1rias, de seguran\u00e7a e de cultura Prefeito entrega as chaves de 384 unidades habitacionais Secretaria de Servi\u00e7os P\u00fablicos vai remover ponte na [&hellip;]<\/p>\n","protected":false},"author":14,"featured_media":0,"comment_status":"closed","ping_status":"closed","sticky":false,"template":"","format":"standard","meta":{"footnotes":""},"categories":[2],"tags":[535,401,341],"ods":[],"class_list":["post-168881","post","type-post","status-publish","format-standard","hentry","category-noticias","tag-i-nopa","tag-residuos-solidos","tag-servicos-publicos"],"_links":{"self":[{"href":"https:\/\/jundiai.sp.gov.br\/noticias\/wp-json\/wp\/v2\/posts\/168881","targetHints":{"allow":["GET"]}}],"collection":[{"href":"https:\/\/jundiai.sp.gov.br\/noticias\/wp-json\/wp\/v2\/posts"}],"about":[{"href":"https:\/\/jundiai.sp.gov.br\/noticias\/wp-json\/wp\/v2\/types\/post"}],"author":[{"embeddable":true,"href":"https:\/\/jundiai.sp.gov.br\/noticias\/wp-json\/wp\/v2\/users\/14"}],"replies":[{"embeddable":true,"href":"https:\/\/jundiai.sp.gov.br\/noticias\/wp-json\/wp\/v2\/comments?post=168881"}],"version-history":[{"count":5,"href":"https:\/\/jundiai.sp.gov.br\/noticias\/wp-json\/wp\/v2\/posts\/168881\/revisions"}],"predecessor-version":[{"id":168887,"href":"https:\/\/jundiai.sp.gov.br\/noticias\/wp-json\/wp\/v2\/posts\/168881\/revisions\/168887"}],"wp:attachment":[{"href":"https:\/\/jundiai.sp.gov.br\/noticias\/wp-json\/wp\/v2\/media?parent=168881"}],"wp:term":[{"taxonomy":"category","embeddable":true,"href":"https:\/\/jundiai.sp.gov.br\/noticias\/wp-json\/wp\/v2\/categories?post=168881"},{"taxonomy":"post_tag","embeddable":true,"href":"https:\/\/jundiai.sp.gov.br\/noticias\/wp-json\/wp\/v2\/tags?post=168881"},{"taxonomy":"ods","embeddable":true,"href":"https:\/\/jundiai.sp.gov.br\/noticias\/wp-json\/wp\/v2\/ods?post=168881"}],"curies":[{"name":"wp","href":"https:\/\/api.w.org\/{rel}","templated":true}]}}