{"id":168915,"date":"2016-02-22T17:11:31","date_gmt":"2016-02-22T20:11:31","guid":{"rendered":"https:\/\/jundiai.sp.gov.br\/noticias\/?p=168915"},"modified":"2016-11-04T13:23:20","modified_gmt":"2016-11-04T15:23:20","slug":"saude-apresenta-prestacao-de-contas-de-2015-na-segunda-29","status":"publish","type":"post","link":"https:\/\/jundiai.sp.gov.br\/noticias\/2016\/02\/22\/saude-apresenta-prestacao-de-contas-de-2015-na-segunda-29\/","title":{"rendered":"Sa\u00fade apresenta presta\u00e7\u00e3o de contas de 2015 na segunda (29)"},"content":{"rendered":"<p><strong>A Secretaria de Sa\u00fade faz, na pr\u00f3xima segunda-feira (29), audi\u00eancia p\u00fablica para presta\u00e7\u00e3o de contas referente ao 3\u00ba quadrimestre de 2015. A audi\u00eancia vai ser na <a href=\"http:\/\/www.jundiai.sp.leg.br\/\" target=\"_blank\">C\u00e2mara Municipal<\/a>, a partir das 19h, e \u00e9 aberta para todos os interessados. V\u00e3o ser apresentados aos vereadores e \u00e0 popula\u00e7\u00e3o presentes o balan\u00e7o financeiro e as a\u00e7\u00f5es da Secretaria em 2015.<\/strong><\/p>\n<p><strong>LEIA TAMB\u00c9M<\/strong><br \/>\n<a href=\"https:\/\/jundiai.sp.gov.br\/noticias\/2016\/02\/18\/idosos-do-sao-camilo-pretigiam-exposicao-no-solar-do-barao\/\">Idosos do S\u00e3o Camilo prestigiam exposi\u00e7\u00e3o no Solar<\/a><br \/>\n<a href=\"https:\/\/jundiai.sp.gov.br\/noticias\/2016\/02\/18\/aedes-aegypti-comite-municipal-articula-novas-acoes\/\">Aedes aegypti: comit\u00ea municipal articula novas a\u00e7\u00f5es<\/a><br \/>\n<a href=\"https:\/\/jundiai.sp.gov.br\/noticias\/2016\/02\/17\/prefeitura-alerta-sobre-mensagem-falsa-no-whatsapp-e-redes-sociais\/\">Prefeitura alerta sobre mensagem falsa no WhatsApp e redes sociais<\/a><\/p>\n<div id=\"attachment_168916\" style=\"width: 410px\" class=\"wp-caption alignright\"><a href=\"https:\/\/jundiai.sp.gov.br\/noticias\/wp-content\/uploads\/sites\/32\/2016\/02\/audiencia_saudeg.jpg\" rel=\"attachment wp-att-168916\"><img loading=\"lazy\" decoding=\"async\" aria-describedby=\"caption-attachment-168916\" class=\"size-large wp-image-168916\" src=\"https:\/\/jundiai.sp.gov.br\/noticias\/wp-content\/uploads\/sites\/32\/2016\/02\/audiencia_saudeg-720x483.jpg\" alt=\"Audi\u00eancia \u00e9 realizada na C\u00e2mara Municipal\" width=\"400\" height=\"350\" \/><\/a><p id=\"caption-attachment-168916\" class=\"wp-caption-text\">Audi\u00eancia \u00e9 realizada na C\u00e2mara Municipal<\/p><\/div>\n<p><strong>A presta\u00e7\u00e3o de contas est\u00e1 prevista na <a href=\"http:\/\/www.planalto.gov.br\/ccivil_03\/leis\/LCP\/Lcp141.htm\" target=\"_blank\">lei federal complementar 141, de 13 de janeiro de 2012<\/a>, que determinou os valores m\u00ednimos a serem aplicados anualmente pelos governos do Pa\u00eds em a\u00e7\u00f5es e servi\u00e7os p\u00fablicos de sa\u00fade, assim como a avalia\u00e7\u00e3o e controle de despesas.<\/strong><\/p>\n<p>A lei prev\u00ea que o <strong>m\u00ednimo de gasto em sa\u00fade deve ser de 15% do or\u00e7amento municipal. Em 2015, a Prefeitura de Jundia\u00ed aplicou 26,43% na sa\u00fade<\/strong>. Do total de gastos com sa\u00fade, <strong>quase 80% foram financiados com recursos pr\u00f3prios do munic\u00edpio e pouco mais de 20% pelo Governo Federal<\/strong>.<\/p>\n<p><strong><em>Assessoria de Imprensa<br \/>\nFoto: Arquivo PMJ<\/em><\/strong><\/p>\n","protected":false},"excerpt":{"rendered":"<p>A Secretaria de Sa\u00fade faz, na pr\u00f3xima segunda-feira (29), audi\u00eancia p\u00fablica para presta\u00e7\u00e3o de contas referente ao 3\u00ba quadrimestre de 2015. A audi\u00eancia vai ser na C\u00e2mara Municipal, a partir das 19h, e \u00e9 aberta para todos os interessados. V\u00e3o ser apresentados aos vereadores e \u00e0 popula\u00e7\u00e3o presentes o balan\u00e7o financeiro e as a\u00e7\u00f5es da [&hellip;]<\/p>\n","protected":false},"author":14,"featured_media":0,"comment_status":"closed","ping_status":"closed","sticky":false,"template":"","format":"standard","meta":{"footnotes":""},"categories":[2],"tags":[428,3],"ods":[],"class_list":["post-168915","post","type-post","status-publish","format-standard","hentry","category-noticias","tag-camara-municipal","tag-saude"],"_links":{"self":[{"href":"https:\/\/jundiai.sp.gov.br\/noticias\/wp-json\/wp\/v2\/posts\/168915","targetHints":{"allow":["GET"]}}],"collection":[{"href":"https:\/\/jundiai.sp.gov.br\/noticias\/wp-json\/wp\/v2\/posts"}],"about":[{"href":"https:\/\/jundiai.sp.gov.br\/noticias\/wp-json\/wp\/v2\/types\/post"}],"author":[{"embeddable":true,"href":"https:\/\/jundiai.sp.gov.br\/noticias\/wp-json\/wp\/v2\/users\/14"}],"replies":[{"embeddable":true,"href":"https:\/\/jundiai.sp.gov.br\/noticias\/wp-json\/wp\/v2\/comments?post=168915"}],"version-history":[{"count":5,"href":"https:\/\/jundiai.sp.gov.br\/noticias\/wp-json\/wp\/v2\/posts\/168915\/revisions"}],"predecessor-version":[{"id":168921,"href":"https:\/\/jundiai.sp.gov.br\/noticias\/wp-json\/wp\/v2\/posts\/168915\/revisions\/168921"}],"wp:attachment":[{"href":"https:\/\/jundiai.sp.gov.br\/noticias\/wp-json\/wp\/v2\/media?parent=168915"}],"wp:term":[{"taxonomy":"category","embeddable":true,"href":"https:\/\/jundiai.sp.gov.br\/noticias\/wp-json\/wp\/v2\/categories?post=168915"},{"taxonomy":"post_tag","embeddable":true,"href":"https:\/\/jundiai.sp.gov.br\/noticias\/wp-json\/wp\/v2\/tags?post=168915"},{"taxonomy":"ods","embeddable":true,"href":"https:\/\/jundiai.sp.gov.br\/noticias\/wp-json\/wp\/v2\/ods?post=168915"}],"curies":[{"name":"wp","href":"https:\/\/api.w.org\/{rel}","templated":true}]}}