{"id":168931,"date":"2016-02-22T17:33:44","date_gmt":"2016-02-22T20:33:44","guid":{"rendered":"https:\/\/jundiai.sp.gov.br\/noticias\/?p=168931"},"modified":"2016-11-04T13:17:07","modified_gmt":"2016-11-04T15:17:07","slug":"lancamento-do-album-coro-de-cabra-traz-shows-gratuitos","status":"publish","type":"post","link":"https:\/\/jundiai.sp.gov.br\/noticias\/2016\/02\/22\/lancamento-do-album-coro-de-cabra-traz-shows-gratuitos\/","title":{"rendered":"Lan\u00e7amento do \u00e1lbum &#8216;Coro de Cabra&#8217; traz shows gratuitos"},"content":{"rendered":"<p><strong>A <a href=\"http:\/\/cultura.jundiai.sp.gov.br\/\" target=\"_blank\">Secretaria de Cultura<\/a> anuncia o lan\u00e7amento do CD &#8220;Coro de Cabra&#8221;, do cantor jundiaiense Siqueira, em dois shows gratuitos na Pra\u00e7a Floriano Peixoto (atr\u00e1s da Igreja Matriz), neste s\u00e1bado (27), \u00e0s 11h30, e no Centro Esportivo Jos\u00e9 Brenna, o Sororoca, neste domingo (28), \u00e0s 14h30.<\/strong><\/p>\n<p>O evento faz parte da <strong>contrapartida prevista no Programa Est\u00edmulo \u00e0 Cultura, que defende a valoriza\u00e7\u00e3o dos artistas locais e democratiza\u00e7\u00e3o do acesso \u00e0 cultura<\/strong>.<\/p>\n<p><strong>LEIA TAMB\u00c9M<\/strong><br \/>\n<a href=\"https:\/\/jundiai.sp.gov.br\/noticias\/2016\/02\/22\/centro-tem-investimentos-em-mobilidade-seguranca-e-cultura\/\">Centro recebe obras vi\u00e1rias, de seguran\u00e7a e de cultura<\/a><br \/>\n<a href=\"https:\/\/jundiai.sp.gov.br\/noticias\/2016\/02\/19\/contribuicao-voluntaria-do-iptu-vai-para-fundo-de-cultura\/\">Contribui\u00e7\u00e3o volunt\u00e1ria do IPTU vai ao Fundo de Cultura<\/a><br \/>\n<a href=\"https:\/\/jundiai.sp.gov.br\/noticias\/2016\/02\/22\/deficientes-visuais-participam-de-atividade-inedita-na-pinacoteca\/\">Deficientes visuais participam de atividade in\u00e9dita na Pinacoteca<\/a><br \/>\n<a href=\"https:\/\/jundiai.sp.gov.br\/noticias\/2016\/02\/22\/bruxas-da-escocia-e-atracao-gratuita-no-polytheama-nesta-sexta-26\/\">\u2018Bruxas da Esc\u00f3cia\u2019 \u00e9 atra\u00e7\u00e3o gratuita no Polytheama nesta sexta (26)<\/a><\/p>\n<p><div id=\"attachment_168993\" style=\"width: 410px\" class=\"wp-caption alignleft\"><a href=\"https:\/\/jundiai.sp.gov.br\/noticias\/wp-content\/uploads\/sites\/32\/2016\/02\/FLYER_show-de-lan\u00e7amento.jpg\" rel=\"attachment wp-att-168993\"><img loading=\"lazy\" decoding=\"async\" aria-describedby=\"caption-attachment-168993\" src=\"https:\/\/jundiai.sp.gov.br\/noticias\/wp-content\/uploads\/sites\/32\/2016\/02\/FLYER_show-de-lan\u00e7amento-720x523.jpg\" alt=\"O evento \u00e9 gratuito em contrapartida ao Programa Est\u00edmulo \u00e0 Cultura\" width=\"400\" height=\"350\" class=\"size-large wp-image-168993\" \/><\/a><p id=\"caption-attachment-168993\" class=\"wp-caption-text\">O evento \u00e9 gratuito em contrapartida ao Programa Est\u00edmulo \u00e0 Cultura<\/p><\/div>Como m\u00fasico profissional Siqueira j\u00e1 participou da grava\u00e7\u00e3o de CDs e DVDs de bandas e artistas como: Elementos da Terra (RAP); Sapiranga (MPB) e Renato Oliveira (POP ROCK). Com o projeto social Zunidos do Monte Azul gravou o v\u00eddeo clipe da m\u00fasica &#8220;Maracatu da Lata&#8221;, al\u00e9m de atuar por tr\u00eas anos como arte educador e m\u00fasico em apresenta\u00e7\u00f5es no MIS na Virada Cultural de S\u00e3o Paulo (2007), SESCs Pompeia e Santo Amaro, Senac Lapa.<\/p>\n<p>Este \u00e9\u00a0o primeiro disco do m\u00fasico, que traz ao p\u00fablico <strong>composi\u00e7\u00f5es pr\u00f3prias, com conte\u00fado regional como elemento cultural caracter\u00edstico<\/strong>. Em sua <strong>obra musical inusitada e criativa<\/strong> explora <strong>palavras, melodias, ritmos e principalmente sentimentos que fazem parte do \u201cimagin\u00e1rio popular brasileiro\u201d<\/strong>, revelando a <strong>ess\u00eancia interiorana do compositor em resson\u00e2ncia com diversos g\u00eaneros e estilos musicais<\/strong>, que por ele foram incorporados ao longo de seu trabalho como m\u00fasico instrumentista.<\/p>\n<p>Entre os parceiros nas composi\u00e7\u00f5es est\u00e3o Ernesto Valen\u00e7a, Leandro Triervailer e Alan Carvalho; al\u00e9m de Renato Oliveira (guitarras), Victor Busquets (Bateria) e Pedro Dona (Baixo El\u00e9trico).<\/p>\n<p>Quem assina a produ\u00e7\u00e3o \u00e9 Alexandre Fontanetti, que j\u00e1 produziu discos de Rita Lee, Ana Ca\u00f1as e Luiz Tatit.<\/p>\n<p><strong><em>Assessoria de Imprensa<br \/>\nFoto: Divulga\u00e7\u00e3o<\/em><\/strong><\/p>\n","protected":false},"excerpt":{"rendered":"<p>A Secretaria de Cultura anuncia o lan\u00e7amento do CD &#8220;Coro de Cabra&#8221;, do cantor jundiaiense Siqueira, em dois shows gratuitos na Pra\u00e7a Floriano Peixoto (atr\u00e1s da Igreja Matriz), neste s\u00e1bado (27), \u00e0s 11h30, e no Centro Esportivo Jos\u00e9 Brenna, o Sororoca, neste domingo (28), \u00e0s 14h30. O evento faz parte da contrapartida prevista no Programa [&hellip;]<\/p>\n","protected":false},"author":14,"featured_media":0,"comment_status":"closed","ping_status":"closed","sticky":false,"template":"","format":"standard","meta":{"footnotes":""},"categories":[2],"tags":[29,632],"ods":[],"class_list":["post-168931","post","type-post","status-publish","format-standard","hentry","category-noticias","tag-cultura","tag-programa-estimulo-a-cultura"],"_links":{"self":[{"href":"https:\/\/jundiai.sp.gov.br\/noticias\/wp-json\/wp\/v2\/posts\/168931","targetHints":{"allow":["GET"]}}],"collection":[{"href":"https:\/\/jundiai.sp.gov.br\/noticias\/wp-json\/wp\/v2\/posts"}],"about":[{"href":"https:\/\/jundiai.sp.gov.br\/noticias\/wp-json\/wp\/v2\/types\/post"}],"author":[{"embeddable":true,"href":"https:\/\/jundiai.sp.gov.br\/noticias\/wp-json\/wp\/v2\/users\/14"}],"replies":[{"embeddable":true,"href":"https:\/\/jundiai.sp.gov.br\/noticias\/wp-json\/wp\/v2\/comments?post=168931"}],"version-history":[{"count":5,"href":"https:\/\/jundiai.sp.gov.br\/noticias\/wp-json\/wp\/v2\/posts\/168931\/revisions"}],"predecessor-version":[{"id":168994,"href":"https:\/\/jundiai.sp.gov.br\/noticias\/wp-json\/wp\/v2\/posts\/168931\/revisions\/168994"}],"wp:attachment":[{"href":"https:\/\/jundiai.sp.gov.br\/noticias\/wp-json\/wp\/v2\/media?parent=168931"}],"wp:term":[{"taxonomy":"category","embeddable":true,"href":"https:\/\/jundiai.sp.gov.br\/noticias\/wp-json\/wp\/v2\/categories?post=168931"},{"taxonomy":"post_tag","embeddable":true,"href":"https:\/\/jundiai.sp.gov.br\/noticias\/wp-json\/wp\/v2\/tags?post=168931"},{"taxonomy":"ods","embeddable":true,"href":"https:\/\/jundiai.sp.gov.br\/noticias\/wp-json\/wp\/v2\/ods?post=168931"}],"curies":[{"name":"wp","href":"https:\/\/api.w.org\/{rel}","templated":true}]}}