{"id":168947,"date":"2016-02-23T12:09:40","date_gmt":"2016-02-23T15:09:40","guid":{"rendered":"https:\/\/jundiai.sp.gov.br\/noticias\/?p=168947"},"modified":"2016-11-04T13:17:42","modified_gmt":"2016-11-04T15:17:42","slug":"pat-de-jundiai-abre-inscricoes-para-programa-aprendiz-da-mahle","status":"publish","type":"post","link":"https:\/\/jundiai.sp.gov.br\/noticias\/2016\/02\/23\/pat-de-jundiai-abre-inscricoes-para-programa-aprendiz-da-mahle\/","title":{"rendered":"PAT de Jundia\u00ed abre inscri\u00e7\u00f5es para Programa Aprendiz da Mahle"},"content":{"rendered":"<p><strong>Uma das mais importantes e reconhecidas fabricantes de componentes automobil\u00edsticos do mundo, a multinacional alem\u00e3 Mahle abre diversas vagas para mais um Programa Aprendiz Formare \u2013 canal da empresa para capta\u00e7\u00e3o, treinamento e absor\u00e7\u00e3o de m\u00e3o de obra de jovens na regi\u00e3o.<\/strong><\/p>\n<p>Como j\u00e1 ocorrido em outras ocasi\u00f5es, <strong>o Posto de Atendimento ao Trabalhador (PAT) de Jundia\u00ed \u00e9 um dos endere\u00e7os em que os interessados j\u00e1 podem fazer a inscri\u00e7\u00e3o, que segue at\u00e9 4 de mar\u00e7o<\/strong>. Os candidatos, no entanto, devem ficar atentos \u00e0s <strong>condi\u00e7\u00f5es<\/strong> solicitadas pela contratante.<\/p>\n<p><strong>LEIA TAMB\u00c9M<\/strong><br \/>\n<a href=\"https:\/\/jundiai.sp.gov.br\/noticias\/2016\/02\/04\/prefeito-inaugura-espaco-conectado-no-jardim-novo-horizonte\/\">Prefeito inaugura \u2018Espa\u00e7o Conectado\u2019 no Jardim Novo Horizonte<\/a><br \/>\n<a href=\"https:\/\/jundiai.sp.gov.br\/noticias\/2016\/02\/18\/conselho-de-ciencia-tecnologia-e-inovacao-elege-diretoria-de-2016\/\">Conselho de Ci\u00eancia, Tecnologia e Inova\u00e7\u00e3o elege diretoria de 2016<\/a><\/p>\n<p>Os pretendentes devem ter <strong>de 18 a 20 anos completos at\u00e9 30 de abril de 2016, ensino m\u00e9dio conclu\u00eddo ou cursando, declarar renda de, no m\u00e1ximo, um sal\u00e1rio m\u00ednimo por membro da fam\u00edlia, morar em Jundia\u00ed, Cajamar, V\u00e1rzea Paulista ou Campo Limpo Paulista, n\u00e3o possuir v\u00ednculos familiares ou ser dependente de colaborador da marca e, por fim, n\u00e3o ser ex-aluno ou ex-participante do Programa de Aprendiz ou de qualquer outro processo de aprendizagem j\u00e1 realizado pela Mahle<\/strong>.<\/p>\n<p>O <strong>PAT de Jundia\u00ed vai ser o \u00fanico das cidades descritas com autoriza\u00e7\u00e3o para receber os jovens e fazer a inscri\u00e7\u00e3o<\/strong>. Ap\u00f3s processo de triagem, os selecionados recebem <strong>registro em carteira de trabalho dentro do regime CLT, remunera\u00e7\u00e3o de R$ 954,56 mensais, seguro de vida, assist\u00eancia m\u00e9dica, transporte, refei\u00e7\u00e3o na empresa, material did\u00e1tico e uniforme<\/strong>.<\/p>\n<p>O PAT de Jundia\u00ed funciona <strong>de segunda a sexta-feira, das 8h \u00e0s 16h30, na rua Zacarias de G\u00f3es, 530, Centro<\/strong>. Em m\u00e3os, <strong>documentos pessoais, comprovante de resid\u00eancia e, se tiver, carteira de trabalho<\/strong>. Mais informa\u00e7\u00f5es pelo<strong> (11) 4586 2731<\/strong>.<\/p>\n<p><strong>Programa Aprendiz Formare <\/strong><br \/>\nO programa oferece <strong>curso gratuito de forma\u00e7\u00e3o profissional para jovens com baixa renda<\/strong>. Durante um ano, os alunos recebem <strong>aulas te\u00f3ricas e pr\u00e1ticas<\/strong> ministradas por colaboradores volunt\u00e1rios nas pr\u00f3prias instala\u00e7\u00f5es da f\u00e1brica, \u00e0s margens da rodovia Anhanguera, em Jundia\u00ed.<\/p>\n<p>Bra\u00e7o social da Mahle Metal Leve, a iniciativa prev\u00ea a f<strong>orma\u00e7\u00e3o e capacita\u00e7\u00e3o profissional de jovens de baixa renda<\/strong>, valendo-se como <strong>est\u00edmulo \u00e0 entrada dessa m\u00e3o de obra no mercado de trabalho atual<\/strong>.<\/p>\n<p><strong><em>Thiago Secco<\/em><\/strong><\/p>\n","protected":false},"excerpt":{"rendered":"<p>O PAT funciona de segunda a sexta-feira, das 8h \u00e0s 16h30, na rua Zacarias de G\u00f3es, 530, Centro, e inscri\u00e7\u00e3o segue at\u00e9 4 de mar\u00e7o<\/p>\n","protected":false},"author":14,"featured_media":112984,"comment_status":"closed","ping_status":"closed","sticky":false,"template":"","format":"standard","meta":{"footnotes":""},"categories":[2],"tags":[365,480,187],"ods":[],"class_list":["post-168947","post","type-post","status-publish","format-standard","has-post-thumbnail","hentry","category-noticias","tag-desenvolvimento-economico-ciencia-e-tecnologia","tag-emprego","tag-posto-de-atendimento-ao-trabalhador-pat"],"_links":{"self":[{"href":"https:\/\/jundiai.sp.gov.br\/noticias\/wp-json\/wp\/v2\/posts\/168947","targetHints":{"allow":["GET"]}}],"collection":[{"href":"https:\/\/jundiai.sp.gov.br\/noticias\/wp-json\/wp\/v2\/posts"}],"about":[{"href":"https:\/\/jundiai.sp.gov.br\/noticias\/wp-json\/wp\/v2\/types\/post"}],"author":[{"embeddable":true,"href":"https:\/\/jundiai.sp.gov.br\/noticias\/wp-json\/wp\/v2\/users\/14"}],"replies":[{"embeddable":true,"href":"https:\/\/jundiai.sp.gov.br\/noticias\/wp-json\/wp\/v2\/comments?post=168947"}],"version-history":[{"count":8,"href":"https:\/\/jundiai.sp.gov.br\/noticias\/wp-json\/wp\/v2\/posts\/168947\/revisions"}],"predecessor-version":[{"id":171908,"href":"https:\/\/jundiai.sp.gov.br\/noticias\/wp-json\/wp\/v2\/posts\/168947\/revisions\/171908"}],"wp:featuredmedia":[{"embeddable":true,"href":"https:\/\/jundiai.sp.gov.br\/noticias\/wp-json\/wp\/v2\/media\/112984"}],"wp:attachment":[{"href":"https:\/\/jundiai.sp.gov.br\/noticias\/wp-json\/wp\/v2\/media?parent=168947"}],"wp:term":[{"taxonomy":"category","embeddable":true,"href":"https:\/\/jundiai.sp.gov.br\/noticias\/wp-json\/wp\/v2\/categories?post=168947"},{"taxonomy":"post_tag","embeddable":true,"href":"https:\/\/jundiai.sp.gov.br\/noticias\/wp-json\/wp\/v2\/tags?post=168947"},{"taxonomy":"ods","embeddable":true,"href":"https:\/\/jundiai.sp.gov.br\/noticias\/wp-json\/wp\/v2\/ods?post=168947"}],"curies":[{"name":"wp","href":"https:\/\/api.w.org\/{rel}","templated":true}]}}