{"id":169006,"date":"2016-02-23T16:21:11","date_gmt":"2016-02-23T19:21:11","guid":{"rendered":"https:\/\/jundiai.sp.gov.br\/noticias\/?p=169006"},"modified":"2016-11-04T13:14:30","modified_gmt":"2016-11-04T15:14:30","slug":"educacao-apresenta-texto-base-das-diretrizes-curriculares-da-creche","status":"publish","type":"post","link":"https:\/\/jundiai.sp.gov.br\/noticias\/2016\/02\/23\/educacao-apresenta-texto-base-das-diretrizes-curriculares-da-creche\/","title":{"rendered":"Educa\u00e7\u00e3o apresenta texto-base das diretrizes curriculares da creche"},"content":{"rendered":"<p><strong>A Secretaria de Educa\u00e7\u00e3o apresentou, nesta ter\u00e7a-feira (23), para mais de 250 profissionais da pasta, entre diretores, coordenadores, professores e agentes de desenvolvimento infantil, o texto-base das propostas curriculares da Educa\u00e7\u00e3o Infantil 1 (0 a 3 anos). Pela primeira vez, o documento \u00e9 formulado de maneira coletiva.<\/strong><\/p>\n<p>Ao todo, foram <strong>79 encontros para debates com uma comiss\u00e3o formada por 136 profissionais, palestras e atividades diversas de forma\u00e7\u00e3o<\/strong>. A discuss\u00e3o foi iniciada em 2013 e a <strong>previs\u00e3o<\/strong> \u00e9 que a proposta curricular seja <strong>publicada ainda neste semestre<\/strong>.<\/p>\n<p><strong>LEIA TAMB\u00c9M<\/strong><br \/>\n<a href=\"https:\/\/jundiai.sp.gov.br\/noticias\/2016\/02\/20\/emeb-joao-fumacchi-volta-a-funcionar-depois-de-15-anos-fechada\/\">Emeb volta a funcionar depois de 15 anos fechada<\/a><br \/>\n<a href=\"https:\/\/jundiai.sp.gov.br\/noticias\/2016\/02\/22\/prefeitura-promove-serie-de-palestras-para-dia-da-mulher\/\">Prefeitura promove s\u00e9rie de palestras para Dia da Mulher<\/a><br \/>\n<a href=\"https:\/\/jundiai.sp.gov.br\/noticias\/2016\/02\/23\/encontro-pedagogico-reune-educadores-da-rede-municipal-no-polytheama\/\">Encontro pedag\u00f3gico re\u00fane cerca de 600 educadores da rede municipal<\/a><\/p>\n<div id=\"attachment_169007\" style=\"width: 410px\" class=\"wp-caption alignleft\"><a href=\"https:\/\/jundiai.sp.gov.br\/noticias\/wp-content\/uploads\/sites\/32\/2016\/02\/Educa\u00e7\u00e3o_G.jpg\" rel=\"attachment wp-att-169007\"><img loading=\"lazy\" decoding=\"async\" aria-describedby=\"caption-attachment-169007\" class=\"size-large wp-image-169007\" src=\"https:\/\/jundiai.sp.gov.br\/noticias\/wp-content\/uploads\/sites\/32\/2016\/02\/Educa\u00e7\u00e3o_G-720x449.jpg\" alt=\"O secret\u00e1rio Jos\u00e9 Renato Polli durante a apresenta\u00e7\u00e3o\" width=\"400\" height=\"350\" \/><\/a><p id=\"caption-attachment-169007\" class=\"wp-caption-text\">O secret\u00e1rio Jos\u00e9 Renato Polli durante a apresenta\u00e7\u00e3o<\/p><\/div>\n<p>\u201cEste \u00e9 o documento que vai <strong>nortear o trabalho nas nossas creches<\/strong>. Ap\u00f3s essa apresenta\u00e7\u00e3o, o texto-base <strong>segue para as escolas para que todos possam fazer indica\u00e7\u00f5es<\/strong>. Quando retornar, ele vai ser <strong>finalizado e publicado<\/strong>\u201d, destaca a supervisora da Educa\u00e7\u00e3o Infantil 1, Angela Roveri, satisfeita com a participa\u00e7\u00e3o da rede. \u201cO diferencial \u00e9 que <strong>todos se envolveram. Foi uma participa\u00e7\u00e3o gratificante e importante, porque as pessoas estudaram autores que falam do tema, ampliaram seus olhares para a proposta de curr\u00edculo voltada para as crian\u00e7as de 0 a 3 anos<\/strong>.\u201d<\/p>\n<p>O secret\u00e1rio de Educa\u00e7\u00e3o, Jos\u00e9 Renato Polli, que participou da apresenta\u00e7\u00e3o no audit\u00f3rio Elis Regina, no Complexo Argos, tamb\u00e9m ressaltou a<strong> import\u00e2ncia do envolvimento dos educadores. \u201cFoi um processo participativo que vem ao encontro da proposta da Secretaria de Educa\u00e7\u00e3o. Fico feliz em ver o resultado.\u201d<\/strong><\/p>\n<p>Os demais segmentos \u2013 <strong>Educa\u00e7\u00e3o Infantil 2 e Ensino Fundamental \u2013 tamb\u00e9m preparam novas propostas curriculares<\/strong>.<\/p>\n<p><strong><em>Roberta de S\u00e1<br \/>\nFoto: Fot\u00f3grafos PMJ<\/em><\/strong><\/p>\n","protected":false},"excerpt":{"rendered":"<p>A Secretaria de Educa\u00e7\u00e3o apresentou, nesta ter\u00e7a-feira (23), para mais de 250 profissionais da pasta, entre diretores, coordenadores, professores e agentes de desenvolvimento infantil, o texto-base das propostas curriculares da Educa\u00e7\u00e3o Infantil 1 (0 a 3 anos). Pela primeira vez, o documento \u00e9 formulado de maneira coletiva. Ao todo, foram 79 encontros para debates com [&hellip;]<\/p>\n","protected":false},"author":14,"featured_media":0,"comment_status":"closed","ping_status":"closed","sticky":false,"template":"","format":"standard","meta":{"footnotes":""},"categories":[2],"tags":[6],"ods":[],"class_list":["post-169006","post","type-post","status-publish","format-standard","hentry","category-noticias","tag-educacao"],"_links":{"self":[{"href":"https:\/\/jundiai.sp.gov.br\/noticias\/wp-json\/wp\/v2\/posts\/169006","targetHints":{"allow":["GET"]}}],"collection":[{"href":"https:\/\/jundiai.sp.gov.br\/noticias\/wp-json\/wp\/v2\/posts"}],"about":[{"href":"https:\/\/jundiai.sp.gov.br\/noticias\/wp-json\/wp\/v2\/types\/post"}],"author":[{"embeddable":true,"href":"https:\/\/jundiai.sp.gov.br\/noticias\/wp-json\/wp\/v2\/users\/14"}],"replies":[{"embeddable":true,"href":"https:\/\/jundiai.sp.gov.br\/noticias\/wp-json\/wp\/v2\/comments?post=169006"}],"version-history":[{"count":5,"href":"https:\/\/jundiai.sp.gov.br\/noticias\/wp-json\/wp\/v2\/posts\/169006\/revisions"}],"predecessor-version":[{"id":169013,"href":"https:\/\/jundiai.sp.gov.br\/noticias\/wp-json\/wp\/v2\/posts\/169006\/revisions\/169013"}],"wp:attachment":[{"href":"https:\/\/jundiai.sp.gov.br\/noticias\/wp-json\/wp\/v2\/media?parent=169006"}],"wp:term":[{"taxonomy":"category","embeddable":true,"href":"https:\/\/jundiai.sp.gov.br\/noticias\/wp-json\/wp\/v2\/categories?post=169006"},{"taxonomy":"post_tag","embeddable":true,"href":"https:\/\/jundiai.sp.gov.br\/noticias\/wp-json\/wp\/v2\/tags?post=169006"},{"taxonomy":"ods","embeddable":true,"href":"https:\/\/jundiai.sp.gov.br\/noticias\/wp-json\/wp\/v2\/ods?post=169006"}],"curies":[{"name":"wp","href":"https:\/\/api.w.org\/{rel}","templated":true}]}}