{"id":169033,"date":"2016-02-23T18:59:26","date_gmt":"2016-02-23T21:59:26","guid":{"rendered":"https:\/\/jundiai.sp.gov.br\/noticias\/?p=169033"},"modified":"2016-11-04T13:20:59","modified_gmt":"2016-11-04T15:20:59","slug":"prefeito-da-posse-aos-novos-integrantes-do-conselho-do-idoso","status":"publish","type":"post","link":"https:\/\/jundiai.sp.gov.br\/noticias\/2016\/02\/23\/prefeito-da-posse-aos-novos-integrantes-do-conselho-do-idoso\/","title":{"rendered":"Prefeito d\u00e1 posse aos membros do Conselho do Idoso"},"content":{"rendered":"<p><strong>Em uma cerim\u00f4nia festiva, com apresenta\u00e7\u00f5es dos corais do Centro de Refer\u00eancia do Idoso de Jundia\u00ed (Criju) e da Associa\u00e7\u00e3o dos Aposentados e Pensionistas de Jundia\u00ed e Regi\u00e3o, o \u201cCoral M\u00fasica \u00e9 Vida\u201d, os novos integrantes do <a href=\"http:\/\/comdipi.jundiai.sp.gov.br\/\" target=\"_blank\">Conselho Municipal dos Direitos da Pessoa Idosa (Comdipi)<\/a> tomaram posse na tarde desta ter\u00e7a-feira (23).<\/strong><\/p>\n<p><strong>O prefeito participou da cerim\u00f4nia e deu posse aos novos conselheiros \u2013 titulares e suplentes, representantes da sociedade civil e do Poder P\u00fablico<\/strong>. Ele destacou algumas <strong>conquistas nos \u00faltimos anos, especialmente a cria\u00e7\u00e3o do Fundo Municipal do Idoso. \u201cIsso \u00e9 muito importante, pois o conselho passa a auxiliar o poder p\u00fablico nas a\u00e7\u00f5es para o idoso\u201d<\/strong>, disse.<\/p>\n<p><strong>LEIA TAMB\u00c9M<\/strong><br \/>\n<a href=\"https:\/\/jundiai.sp.gov.br\/noticias\/2016\/02\/18\/idosos-do-sao-camilo-pretigiam-exposicao-no-solar-do-barao\/\">Idosos do S\u00e3o Camilo prestigiam exposi\u00e7\u00e3o no Solar<\/a><br \/>\n<a href=\"https:\/\/jundiai.sp.gov.br\/noticias\/2016\/02\/18\/aedes-aegypti-comite-municipal-articula-novas-acoes\/\">Aedes aegypti: comit\u00ea municipal articula novas a\u00e7\u00f5es<\/a><br \/>\n<a href=\"https:\/\/jundiai.sp.gov.br\/noticias\/2016\/02\/22\/saude-apresenta-prestacao-de-contas-de-2015-na-segunda-29\/\">Sa\u00fade apresenta presta\u00e7\u00e3o de contas de 2015 na segunda (29)<\/a><\/p>\n<div id=\"attachment_169035\" style=\"width: 730px\" class=\"wp-caption aligncenter\"><a href=\"https:\/\/jundiai.sp.gov.br\/noticias\/wp-content\/uploads\/sites\/32\/2016\/02\/posse_conselho_idoso_D109g.jpg\" rel=\"attachment wp-att-169035\"><img loading=\"lazy\" decoding=\"async\" aria-describedby=\"caption-attachment-169035\" class=\"size-large wp-image-169035\" src=\"https:\/\/jundiai.sp.gov.br\/noticias\/wp-content\/uploads\/sites\/32\/2016\/02\/posse_conselho_idoso_D109g-720x501.jpg\" alt=\"Novos conselheiros tomaram posse nesta ter\u00e7a-feira (23)\" width=\"720\" height=\"501\" srcset=\"https:\/\/jundiai.sp.gov.br\/noticias\/wp-content\/uploads\/sites\/32\/2016\/02\/posse_conselho_idoso_D109g-720x501.jpg 720w, https:\/\/jundiai.sp.gov.br\/noticias\/wp-content\/uploads\/sites\/32\/2016\/02\/posse_conselho_idoso_D109g-300x209.jpg 300w, https:\/\/jundiai.sp.gov.br\/noticias\/wp-content\/uploads\/sites\/32\/2016\/02\/posse_conselho_idoso_D109g-768x534.jpg 768w, https:\/\/jundiai.sp.gov.br\/noticias\/wp-content\/uploads\/sites\/32\/2016\/02\/posse_conselho_idoso_D109g.jpg 1240w\" sizes=\"auto, (max-width: 720px) 100vw, 720px\" \/><\/a><p id=\"caption-attachment-169035\" class=\"wp-caption-text\">Novos conselheiros tomaram posse nesta ter\u00e7a-feira (23)<\/p><\/div>\n<p>Presidente do Comdipi no bi\u00eanio 2014-2015, Milton Calzavara lembrou que a aprova\u00e7\u00e3o da <a href=\"http:\/\/comdipi.jundiai.sp.gov.br\/wp-content\/uploads\/2014\/11\/Lei-8129-2013.pdf\" target=\"_blank\">lei municipal 8.129, de 26 de dezembro 2013<\/a>, <strong>revitalizou o conselho, tornando-o deliberativo e fiscalizador<\/strong>. \u201cA lei <strong>aumentou a autonomia do conselho e possibilitou a cria\u00e7\u00e3o do Fundo para capta\u00e7\u00e3o de recursos<\/strong>, que v\u00e3o ser <strong>investidos em projetos voltados para os idosos<\/strong>\u201d, explicou Milton, que continua integrando o conselho, representando a Ordem dos Advogados do Brasil (OAB) Jundia\u00ed.<\/p>\n<p>O ex-presidente tamb\u00e9m listou algumas <strong>a\u00e7\u00f5es<\/strong> do conselho, como a <strong>constitui\u00e7\u00e3o do regimento interno, a cria\u00e7\u00e3o de comiss\u00f5es permanentes em v\u00e1rias \u00e1reas, o 1\u00ba Semin\u00e1rio de Pol\u00edticas P\u00fablicas e a Confer\u00eancia Municipal do Idoso, quando foram feitas 55 propostas e 6 mo\u00e7\u00f5es, al\u00e9m da participa\u00e7\u00e3o na Confer\u00eancia Estadual<\/strong>.<\/p>\n<div id=\"attachment_169037\" style=\"width: 410px\" class=\"wp-caption alignright\"><a href=\"https:\/\/jundiai.sp.gov.br\/noticias\/wp-content\/uploads\/sites\/32\/2016\/02\/posse_conselho_idoso_D57g.jpg\" rel=\"attachment wp-att-169037\"><img loading=\"lazy\" decoding=\"async\" aria-describedby=\"caption-attachment-169037\" class=\"size-large wp-image-169037\" src=\"https:\/\/jundiai.sp.gov.br\/noticias\/wp-content\/uploads\/sites\/32\/2016\/02\/posse_conselho_idoso_D57g-720x478.jpg\" alt=\"Bigardi destacou conquistas dos \u00faltimos anos \" width=\"400\" height=\"350\" \/><\/a><p id=\"caption-attachment-169037\" class=\"wp-caption-text\">O prefeito destacou conquistas dos \u00faltimos anos<\/p><\/div>\n<p>\u201cFoi um per\u00edodo de <strong>muito trabalho e parcerias<\/strong> com outras institui\u00e7\u00f5es, como a <strong>Coordenadoria do Idoso, a <a href=\"http:\/\/www.jundiai.sp.leg.br\/\" target=\"_blank\">C\u00e2mara Municipal<\/a> e Promotoria do Idoso<\/strong>. O conselho \u00e9 <strong>cogestor com o poder p\u00fablico<\/strong> e isso \u00e9 um <strong>avan\u00e7o na participa\u00e7\u00e3o democr\u00e1tica<\/strong>. Aos novos conselheiros, convido-os a se engajar nessa luta\u201d, completou.<\/p>\n<p>A titular da Coordenadoria do Idoso, Cl\u00e1udia Sartori, ressaltou que a <strong>Coordenadoria continua de portas abertas para parcerias e a\u00e7\u00f5es de valoriza\u00e7\u00e3o da pessoa idosa<\/strong>. \u201cVamos continuar presentes tamb\u00e9m nas reuni\u00f5es do Conselho, <strong>apoiando e participando<\/strong>.\u201d<\/p>\n<p>Participaram ainda da cerim\u00f4nia os vereadores Marilena Negro, representando a C\u00e2mara Municipal, M\u00e1rcio Pentecostes e Paulo Malerba; o secret\u00e1rio da Secretaria de Assist\u00eancia e Desenvolvimento Social (Semads), Rodrigo Mendes Pereira; e o respons\u00e1vel pela Coordenadoria do Trabalho, Emprego e Renda, Vitor Machado.<\/p>\n<p>A primeira reuni\u00e3o do Conselho com os novos integrantes vai ser no <strong>dia 1\u00ba de mar\u00e7o, quando vai ser eleita a mesa-diretora para o pr\u00f3ximo bi\u00eanio.<\/strong><\/p>\n<p><strong>Novos conselheiros titulares:<\/strong><\/p>\n<table style=\"font-size: 14px;\">\n<tbody>\n<tr>\n<td><em>F\u00e9 Juncal<\/em><br \/>\n<em> Jonas Fernandes Brescansin<\/em><br \/>\n<em> Juliana Oliveira Martinelli<\/em><br \/>\n<em> Milton Calzavara<\/em><br \/>\n<em> Edilson Luiz da Costa<\/em><br \/>\n<em> Antonio Zebber Filho<\/em><br \/>\n<em> Rosemary Hanai<\/em><br \/>\n<em> D\u00eanis Fernando Berni<\/em><\/td>\n<td><em>Claudia Regina Martins de Oliveira<\/em><br \/>\n<em> Maria Irene Cassoli David<\/em><br \/>\n<em> Elaine Pilon<\/em><br \/>\n<em> Margareth Lessi<\/em><br \/>\n<em> Alexandre Augusto Martins<\/em><br \/>\n<em> V\u00e2nia Aparecida Gomes Roveri<\/em><br \/>\n<em> Jos\u00e9 Eduardo Martinelli<\/em><\/td>\n<\/tr>\n<\/tbody>\n<\/table>\n<p><strong><em>Niza Souza<br \/>\nFotos: Dorival Pinheiro Filho<\/em><\/strong><\/p>\n","protected":false},"excerpt":{"rendered":"<p>Prefeito destacou algumas conquistas nos \u00faltimos anos, especialmente a cria\u00e7\u00e3o do Fundo Municipal do Idoso<\/p>\n","protected":false},"author":14,"featured_media":169045,"comment_status":"closed","ping_status":"closed","sticky":false,"template":"","format":"standard","meta":{"footnotes":""},"categories":[2],"tags":[374,87,58,3,73],"ods":[],"class_list":["post-169033","post","type-post","status-publish","format-standard","has-post-thumbnail","hentry","category-noticias","tag-conselho-da-pessoa-idosa","tag-coordenadoria-do-idoso","tag-prefeito","tag-saude","tag-secretaria-de-assistencia-e-desenvolvimento-social-semads"],"_links":{"self":[{"href":"https:\/\/jundiai.sp.gov.br\/noticias\/wp-json\/wp\/v2\/posts\/169033","targetHints":{"allow":["GET"]}}],"collection":[{"href":"https:\/\/jundiai.sp.gov.br\/noticias\/wp-json\/wp\/v2\/posts"}],"about":[{"href":"https:\/\/jundiai.sp.gov.br\/noticias\/wp-json\/wp\/v2\/types\/post"}],"author":[{"embeddable":true,"href":"https:\/\/jundiai.sp.gov.br\/noticias\/wp-json\/wp\/v2\/users\/14"}],"replies":[{"embeddable":true,"href":"https:\/\/jundiai.sp.gov.br\/noticias\/wp-json\/wp\/v2\/comments?post=169033"}],"version-history":[{"count":29,"href":"https:\/\/jundiai.sp.gov.br\/noticias\/wp-json\/wp\/v2\/posts\/169033\/revisions"}],"predecessor-version":[{"id":177624,"href":"https:\/\/jundiai.sp.gov.br\/noticias\/wp-json\/wp\/v2\/posts\/169033\/revisions\/177624"}],"wp:featuredmedia":[{"embeddable":true,"href":"https:\/\/jundiai.sp.gov.br\/noticias\/wp-json\/wp\/v2\/media\/169045"}],"wp:attachment":[{"href":"https:\/\/jundiai.sp.gov.br\/noticias\/wp-json\/wp\/v2\/media?parent=169033"}],"wp:term":[{"taxonomy":"category","embeddable":true,"href":"https:\/\/jundiai.sp.gov.br\/noticias\/wp-json\/wp\/v2\/categories?post=169033"},{"taxonomy":"post_tag","embeddable":true,"href":"https:\/\/jundiai.sp.gov.br\/noticias\/wp-json\/wp\/v2\/tags?post=169033"},{"taxonomy":"ods","embeddable":true,"href":"https:\/\/jundiai.sp.gov.br\/noticias\/wp-json\/wp\/v2\/ods?post=169033"}],"curies":[{"name":"wp","href":"https:\/\/api.w.org\/{rel}","templated":true}]}}