{"id":169497,"date":"2016-02-27T11:53:59","date_gmt":"2016-02-27T14:53:59","guid":{"rendered":"https:\/\/jundiai.sp.gov.br\/noticias\/?p=169497"},"modified":"2016-11-04T13:12:52","modified_gmt":"2016-11-04T15:12:52","slug":"clube-28-festeja-placa-historica-de-tombamento-imaterial","status":"publish","type":"post","link":"https:\/\/jundiai.sp.gov.br\/noticias\/2016\/02\/27\/clube-28-festeja-placa-historica-de-tombamento-imaterial\/","title":{"rendered":"Clube 28 festeja placa hist\u00f3rica de tombamento imaterial"},"content":{"rendered":"<p><strong>A bandeira verde, branca e amarela hasteada na fachada do im\u00f3vel de n\u00famero de 363 da rua Petronilha Antunes dava o tom do evento a quem chegava por ali. A noite de sexta-feira (26) seria de celebra\u00e7\u00e3o. A ocasi\u00e3o marcou a entrega e o descerramento da placa comemorativa que confere ao centen\u00e1rio Clube 28 de Setembro a posi\u00e7\u00e3o de patrim\u00f4nio imaterial, visto seu reconhecido legado cultural a Jundia\u00ed e regi\u00e3o.<\/p>\n<p>O prefeito Pedro Bigardi marcou presen\u00e7a da solenidade e fez quest\u00e3o, durante sua fala, de lembrar que o tombamento imaterial \u201ctem um significado muitas vezes at\u00e9 maior que o material, j\u00e1 que celebra a hist\u00f3ria das pessoas, a cultura legada, valoriza a edifica\u00e7\u00e3o humana e a vida em sociedade\u201d.<\/strong><\/p>\n<p><strong>LEIA TAMB\u00c9M<br \/>\n<a href=\"https:\/\/jundiai.sp.gov.br\/noticias\/2016\/02\/23\/cultura-promove-mais-uma-edicao-da-viagem-fantastica-pelo-polytheama\/\" target=\"_blank\"><strong>Cultura promove \u2018Viagem Fant\u00e1stica pelo Polytheama\u2019<\/strong><\/a><br \/>\n<a href=\"https:\/\/jundiai.sp.gov.br\/noticias\/2016\/02\/24\/deficientes-visuais-visitam-exposicao-avessos-na-pinacoteca\/\" target=\"_blank\">Deficientes visuais visitam exposi\u00e7\u00e3o \u2018Avessos\u2019 na Pinacoteca<\/strong><\/a><\/p>\n<div id=\"attachment_169498\" style=\"width: 730px\" class=\"wp-caption aligncenter\"><a href=\"https:\/\/jundiai.sp.gov.br\/noticias\/wp-content\/uploads\/sites\/32\/2016\/02\/clube_28_tombamento_imaterial_P5G.jpg\" rel=\"attachment wp-att-169498\"><img loading=\"lazy\" decoding=\"async\" aria-describedby=\"caption-attachment-169498\" src=\"https:\/\/jundiai.sp.gov.br\/noticias\/wp-content\/uploads\/sites\/32\/2016\/02\/clube_28_tombamento_imaterial_P5G-720x494.jpg\" alt=\"Pedro Bigardi: &quot;celebra\u00e7\u00e3o da hist\u00f3ria das pessoas&quot;\" width=\"720\" height=\"494\" class=\"size-large wp-image-169498\" srcset=\"https:\/\/jundiai.sp.gov.br\/noticias\/wp-content\/uploads\/sites\/32\/2016\/02\/clube_28_tombamento_imaterial_P5G-720x494.jpg 720w, https:\/\/jundiai.sp.gov.br\/noticias\/wp-content\/uploads\/sites\/32\/2016\/02\/clube_28_tombamento_imaterial_P5G-300x206.jpg 300w, https:\/\/jundiai.sp.gov.br\/noticias\/wp-content\/uploads\/sites\/32\/2016\/02\/clube_28_tombamento_imaterial_P5G-768x527.jpg 768w, https:\/\/jundiai.sp.gov.br\/noticias\/wp-content\/uploads\/sites\/32\/2016\/02\/clube_28_tombamento_imaterial_P5G.jpg 1240w\" sizes=\"auto, (max-width: 720px) 100vw, 720px\" \/><\/a><p id=\"caption-attachment-169498\" class=\"wp-caption-text\">Pedro Bigardi: &#8220;celebra\u00e7\u00e3o da hist\u00f3ria das pessoas&#8221;<\/p><\/div>\n<p>A titula\u00e7\u00e3o foi conquistada ap\u00f3s aprova\u00e7\u00e3o do processo \u2013 origin\u00e1rio da C\u00e2mara Municipal em forma de lei &#8211; pelo Conselho Municipal do Patrim\u00f4nio Art\u00edstico e Cultural (Compac), ligado \u00e0 secretaria de Cultura.<\/p>\n<p>O secret\u00e1rio da pasta, T\u00e9rcio Marinho, fez quest\u00e3o de agradecer pelo \u201c<strong>legado cultural gigantesco que esse povo t\u00e3o aguerrido trouxe para nossa sociedade, tornando-a mais plural e colorida<\/strong>\u201d.<\/p>\n<p>\u201c\u00c9 um reconhecimento por toda nossa hist\u00f3ria, nossa luta. Agora, como patrim\u00f4nio imaterial, <strong>o Clube ganha for\u00e7a para buscar recursos junto \u00e0s esferas Estadual e Federal<\/strong>. Essa noite vai entrar para hist\u00f3ria\u201d, definiu o presidente da institui\u00e7\u00e3o, Edval Francisco Hon\u00f3rio.<\/p>\n<p>Vale lembrar que o Conselho de Defesa do Patrim\u00f4nio Hist\u00f3rico, Arqueol\u00f3gico, Art\u00edstico e Tur\u00edstico (Condephaat) tamb\u00e9m <a href=\"https:\/\/jundiai.sp.gov.br\/noticias\/2014\/06\/08\/especial-condephaat-estuda-tombamento-do-clube-28\/\" target=\"_blank\">estuda o tombamento do local em n\u00edvel estadual<\/a>. N\u00e3o \u00e0 toa, a hist\u00f3ria do Clube 28 de Setembro chega aos 120 anos \u2013 os primeiros dias remetem ao ano de 1895, pouco depois da aboli\u00e7\u00e3o da escravatura no pa\u00eds, quando os negros eram impedidos de frequentar clubes de brancos.<\/p>\n<p><div id=\"attachment_169499\" style=\"width: 410px\" class=\"wp-caption alignleft\"><a href=\"https:\/\/jundiai.sp.gov.br\/noticias\/wp-content\/uploads\/sites\/32\/2016\/02\/clube_28_tombamento_imaterial_P6G.jpg\" rel=\"attachment wp-att-169499\"><img loading=\"lazy\" decoding=\"async\" aria-describedby=\"caption-attachment-169499\" src=\"https:\/\/jundiai.sp.gov.br\/noticias\/wp-content\/uploads\/sites\/32\/2016\/02\/clube_28_tombamento_imaterial_P6G-720x479.jpg\" alt=\"Descerramento da placa foi um dos pontos altos da noite\" width=\"400\" height=\"400\" class=\"size-large wp-image-169499\" \/><\/a><p id=\"caption-attachment-169499\" class=\"wp-caption-text\">Descerramento da placa foi um dos pontos altos da noite<\/p><\/div>\u201c\u00c9 o clube social negro mais antigo do Estado e um dos tr\u00eas mais antigos do Brasil\u201d, lembrou o diretor jur\u00eddico, Eginaldo Hon\u00f3rio, que definiu o espa\u00e7o como \u201ca casa onde eu praticamente fui criado\u201d.<\/p>\n<p>Tamb\u00e9m participaram do ato o assessor de gabinete para assunto das coordenadorias, Vanderlei Victorino, e \u2013 representando a C\u00e2mara Municipal, o vereador Jos\u00e9 Galv\u00e3o Braga Campos, o Tico.<\/p>\n<p><em><strong>Thiago Secco<br \/>\nFotos: Paulo Gr\u00e9gio <\/strong><\/em><\/p>\n","protected":false},"excerpt":{"rendered":"<p>A bandeira verde, branca e amarela hasteada na fachada do im\u00f3vel de n\u00famero de 363 da rua Petronilha Antunes dava o tom do evento a quem chegava por ali. A noite de sexta-feira (26) seria de celebra\u00e7\u00e3o. A ocasi\u00e3o marcou a entrega e o descerramento da placa comemorativa que confere ao centen\u00e1rio Clube 28 de [&hellip;]<\/p>\n","protected":false},"author":10,"featured_media":0,"comment_status":"closed","ping_status":"closed","sticky":false,"template":"","format":"standard","meta":{"footnotes":""},"categories":[2],"tags":[256,29,800],"ods":[],"class_list":["post-169497","post","type-post","status-publish","format-standard","hentry","category-noticias","tag-conselho-do-patrimonio-cultural-compac","tag-cultura","tag-patrimonio-historico-e-cultural"],"_links":{"self":[{"href":"https:\/\/jundiai.sp.gov.br\/noticias\/wp-json\/wp\/v2\/posts\/169497","targetHints":{"allow":["GET"]}}],"collection":[{"href":"https:\/\/jundiai.sp.gov.br\/noticias\/wp-json\/wp\/v2\/posts"}],"about":[{"href":"https:\/\/jundiai.sp.gov.br\/noticias\/wp-json\/wp\/v2\/types\/post"}],"author":[{"embeddable":true,"href":"https:\/\/jundiai.sp.gov.br\/noticias\/wp-json\/wp\/v2\/users\/10"}],"replies":[{"embeddable":true,"href":"https:\/\/jundiai.sp.gov.br\/noticias\/wp-json\/wp\/v2\/comments?post=169497"}],"version-history":[{"count":7,"href":"https:\/\/jundiai.sp.gov.br\/noticias\/wp-json\/wp\/v2\/posts\/169497\/revisions"}],"predecessor-version":[{"id":169506,"href":"https:\/\/jundiai.sp.gov.br\/noticias\/wp-json\/wp\/v2\/posts\/169497\/revisions\/169506"}],"wp:attachment":[{"href":"https:\/\/jundiai.sp.gov.br\/noticias\/wp-json\/wp\/v2\/media?parent=169497"}],"wp:term":[{"taxonomy":"category","embeddable":true,"href":"https:\/\/jundiai.sp.gov.br\/noticias\/wp-json\/wp\/v2\/categories?post=169497"},{"taxonomy":"post_tag","embeddable":true,"href":"https:\/\/jundiai.sp.gov.br\/noticias\/wp-json\/wp\/v2\/tags?post=169497"},{"taxonomy":"ods","embeddable":true,"href":"https:\/\/jundiai.sp.gov.br\/noticias\/wp-json\/wp\/v2\/ods?post=169497"}],"curies":[{"name":"wp","href":"https:\/\/api.w.org\/{rel}","templated":true}]}}