{"id":169563,"date":"2016-02-29T17:00:21","date_gmt":"2016-02-29T20:00:21","guid":{"rendered":"https:\/\/jundiai.sp.gov.br\/noticias\/?p=169563"},"modified":"2016-11-04T13:23:21","modified_gmt":"2016-11-04T15:23:21","slug":"saude-faz-capacitacao-de-danca-circular-para-profissionais-da-rede","status":"publish","type":"post","link":"https:\/\/jundiai.sp.gov.br\/noticias\/2016\/02\/29\/saude-faz-capacitacao-de-danca-circular-para-profissionais-da-rede\/","title":{"rendered":"Sa\u00fade faz capacita\u00e7\u00e3o de dan\u00e7a circular para profissionais da rede"},"content":{"rendered":"<p><strong>Cuidar da sa\u00fade da popula\u00e7\u00e3o, e n\u00e3o apenas da doen\u00e7a. \u00c9 com esse foco que a Secretaria de Sa\u00fade vem trabalhando para reformular e intensificar as a\u00e7\u00f5es e servi\u00e7os oferecidos na rede de aten\u00e7\u00e3o b\u00e1sica da cidade. Dentro dessa pol\u00edtica, o apoio das chamadas Pr\u00e1ticas Integrativas e Complementares em Sa\u00fade (Pics) \u00e9 fundamental.<\/strong><\/p>\n<p><strong>LEIA MAIS<\/strong><br \/>\n<strong><a class=\"titulo-lista\" title=\"M\u00e9dicos do S\u00e3o Vicente fazem show beneficente\" href=\"https:\/\/jundiai.sp.gov.br\/noticias\/2016\/02\/29\/medicos-do-sao-vicente-fazem-show-beneficente\/\" rel=\"bookmark\">M\u00e9dicos do S\u00e3o Vicente fazem show beneficente<\/a><\/strong><br \/>\n<strong><a class=\"titulo-lista\" title=\"Obras de sa\u00fade, educa\u00e7\u00e3o e mobilidade avan\u00e7am na regi\u00e3o Sul\" href=\"https:\/\/jundiai.sp.gov.br\/noticias\/2016\/02\/26\/obras-de-saude-educacao-e-mobilidade-avancam-na-regiao-sul\/\" rel=\"bookmark\">Obras de sa\u00fade, educa\u00e7\u00e3o e mobilidade avan\u00e7am na regi\u00e3o Sul<\/a><\/strong><\/p>\n<div id=\"attachment_169564\" style=\"width: 730px\" class=\"wp-caption aligncenter\"><a href=\"https:\/\/jundiai.sp.gov.br\/noticias\/wp-content\/uploads\/sites\/32\/2016\/02\/CDA4382_G.jpg\" rel=\"attachment wp-att-169564\"><img loading=\"lazy\" decoding=\"async\" aria-describedby=\"caption-attachment-169564\" class=\"size-large wp-image-169564\" src=\"https:\/\/jundiai.sp.gov.br\/noticias\/wp-content\/uploads\/sites\/32\/2016\/02\/CDA4382_G-720x520.jpg\" alt=\"Dan\u00e7a integra as Pr\u00e1ticas Integrativas e Complementares em Sa\u00fade\" width=\"720\" height=\"520\" srcset=\"https:\/\/jundiai.sp.gov.br\/noticias\/wp-content\/uploads\/sites\/32\/2016\/02\/CDA4382_G-720x520.jpg 720w, https:\/\/jundiai.sp.gov.br\/noticias\/wp-content\/uploads\/sites\/32\/2016\/02\/CDA4382_G-300x217.jpg 300w, https:\/\/jundiai.sp.gov.br\/noticias\/wp-content\/uploads\/sites\/32\/2016\/02\/CDA4382_G-768x555.jpg 768w, https:\/\/jundiai.sp.gov.br\/noticias\/wp-content\/uploads\/sites\/32\/2016\/02\/CDA4382_G.jpg 1240w\" sizes=\"auto, (max-width: 720px) 100vw, 720px\" \/><\/a><p id=\"caption-attachment-169564\" class=\"wp-caption-text\">Dan\u00e7a integra as Pr\u00e1ticas Integrativas e Complementares em Sa\u00fade<\/p><\/div>\n<p><strong>Para envolver e incentivar os profissionais da rede a mudar a cultura dos moradores de procurar a unidade b\u00e1sica apenas para cuidar da doen\u00e7a, a Diretoria de Aten\u00e7\u00e3o \u00e0 Sa\u00fade promove, a partir de quarta-feira (2), um curso de dan\u00e7as circulares.<\/strong> \u201cO objetivo \u00e9 capacitar profissionais de sa\u00fade para as dan\u00e7as como recurso de promo\u00e7\u00e3o da sa\u00fade, na perspectiva da preven\u00e7\u00e3o, voltada para o cuidado integral\u201d, destaca a refer\u00eancia t\u00e9cnica das Pics, Siane Benachio.<\/p>\n<p>A dan\u00e7a circular, explica Siane, \u00e9 uma das estrat\u00e9gias que visam melhorar a qualidade de vida, a inclus\u00e3o social e a pr\u00e1tica de educa\u00e7\u00e3o e sa\u00fade, al\u00e9m de atuar em parceria com projetos terap\u00eauticos singulares (conjunto de propostas e condutas terap\u00eauticas articuladas em discuss\u00e3o coletiva interdisciplinar).<\/p>\n<p><strong>A capacita\u00e7\u00e3o \u00e9 voltada para profissionais da rede municipal de sa\u00fade que atuam na aten\u00e7\u00e3o prim\u00e1ria, em especial equipes multiprofissionais da Estrat\u00e9gia Sa\u00fade da Fam\u00edlia (ESF), Programa Academia de Sa\u00fade (PAS) e N\u00facleo de Apoio \u00e0 Sa\u00fade da Fam\u00edlia (Nasf).<\/strong><\/p>\n<p><strong>Ao todo, ser\u00e3o oito encontros, sempre \u00e0s quartas-feiras, das 8h \u00e0s 12h, at\u00e9 20 de abril.<\/strong> \u201cO curso ser\u00e1 certificado e contar\u00e1 com material de apoio para forma\u00e7\u00e3o de grupos de dan\u00e7a circular nos equipamentos da rede de sa\u00fade. A ideia \u00e9 que esses profissionais incluam a atividade na programa\u00e7\u00e3o da unidade\u201d, diz Siane.<\/p>\n<p><strong>O curso conta com o apoio da <a href=\"http:\/\/escoladegoverno.jundiai.sp.gov.br\/\" target=\"_blank\">Escola de Governo e Gest\u00e3o<\/a>, onde ser\u00e3o ministradas as aulas, e da Unidade de Desenvolvimento Ambiental (Unidam).<\/strong><\/p>\n<p><em><strong>Niza Souza<\/strong><\/em><br \/>\n<em><strong> Foto: Arquivo PMJ<\/strong><\/em><\/p>\n","protected":false},"excerpt":{"rendered":"<p>Cuidar da sa\u00fade da popula\u00e7\u00e3o, e n\u00e3o apenas da doen\u00e7a. \u00c9 com esse foco que a Secretaria de Sa\u00fade vem trabalhando para reformular e intensificar as a\u00e7\u00f5es e servi\u00e7os oferecidos na rede de aten\u00e7\u00e3o b\u00e1sica da cidade. Dentro dessa pol\u00edtica, o apoio das chamadas Pr\u00e1ticas Integrativas e Complementares em Sa\u00fade (Pics) \u00e9 fundamental. LEIA MAIS [&hellip;]<\/p>\n","protected":false},"author":11,"featured_media":0,"comment_status":"closed","ping_status":"closed","sticky":false,"template":"","format":"standard","meta":{"footnotes":""},"categories":[2],"tags":[308,3,742],"ods":[],"class_list":["post-169563","post","type-post","status-publish","format-standard","hentry","category-noticias","tag-escola-de-governo-e-gestao","tag-saude","tag-unidade-de-desenvolvimento-ambiental-unidam"],"_links":{"self":[{"href":"https:\/\/jundiai.sp.gov.br\/noticias\/wp-json\/wp\/v2\/posts\/169563","targetHints":{"allow":["GET"]}}],"collection":[{"href":"https:\/\/jundiai.sp.gov.br\/noticias\/wp-json\/wp\/v2\/posts"}],"about":[{"href":"https:\/\/jundiai.sp.gov.br\/noticias\/wp-json\/wp\/v2\/types\/post"}],"author":[{"embeddable":true,"href":"https:\/\/jundiai.sp.gov.br\/noticias\/wp-json\/wp\/v2\/users\/11"}],"replies":[{"embeddable":true,"href":"https:\/\/jundiai.sp.gov.br\/noticias\/wp-json\/wp\/v2\/comments?post=169563"}],"version-history":[{"count":2,"href":"https:\/\/jundiai.sp.gov.br\/noticias\/wp-json\/wp\/v2\/posts\/169563\/revisions"}],"predecessor-version":[{"id":169587,"href":"https:\/\/jundiai.sp.gov.br\/noticias\/wp-json\/wp\/v2\/posts\/169563\/revisions\/169587"}],"wp:attachment":[{"href":"https:\/\/jundiai.sp.gov.br\/noticias\/wp-json\/wp\/v2\/media?parent=169563"}],"wp:term":[{"taxonomy":"category","embeddable":true,"href":"https:\/\/jundiai.sp.gov.br\/noticias\/wp-json\/wp\/v2\/categories?post=169563"},{"taxonomy":"post_tag","embeddable":true,"href":"https:\/\/jundiai.sp.gov.br\/noticias\/wp-json\/wp\/v2\/tags?post=169563"},{"taxonomy":"ods","embeddable":true,"href":"https:\/\/jundiai.sp.gov.br\/noticias\/wp-json\/wp\/v2\/ods?post=169563"}],"curies":[{"name":"wp","href":"https:\/\/api.w.org\/{rel}","templated":true}]}}