{"id":169579,"date":"2016-02-29T17:50:00","date_gmt":"2016-02-29T20:50:00","guid":{"rendered":"https:\/\/jundiai.sp.gov.br\/noticias\/?p=169579"},"modified":"2016-11-04T11:38:15","modified_gmt":"2016-11-04T13:38:15","slug":"viagem-fantastica-conta-a-historia-do-teatro-polytheama","status":"publish","type":"post","link":"https:\/\/jundiai.sp.gov.br\/noticias\/2016\/02\/29\/viagem-fantastica-conta-a-historia-do-teatro-polytheama\/","title":{"rendered":"Viagem Fant\u00e1stica conta a hist\u00f3ria do Teatro Polytheama"},"content":{"rendered":"<p><iframe loading=\"lazy\" class=\"alignright\" width=\"420\" height=\"315\" src=\"https:\/\/www.youtube.com\/embed\/WU8n0daFHm8\" frameborder=\"0\" allowfullscreen><\/iframe><strong>Aos 104 anos, o Teatro Polytheama guarda hist\u00f3rias pouco conhecidas do p\u00fablico que frequenta a sala de espet\u00e1culos Deolinda Copelli. Neste mais de um s\u00e9culo de vida, o espa\u00e7o passou por v\u00e1rias transforma\u00e7\u00f5es, descritas com riqueza de detalhes pelas atrizes Carol Ungaro e Carol Ferretti na Viagem Fant\u00e1stica, projeto promovido pela Secretaria Municipal de Cultura, que iniciou a temporada 2016 nesta segunda-feira (29). Participaram da primeira \u2018viagem\u2019 do ano um grupo de estudantes da Fatec Jundia\u00ed.<\/strong><\/p>\n<p><strong>\u201cEste projeto tem um vi\u00e9s diferente. N\u00e3o \u00e9 uma simples visita monitorada. Ele cria um v\u00ednculo afetivo entre teatro e quem participa da \u2018viagem\u2019, que narra os mais de cem anos do Polytheama\u201d<\/strong>, destaca a diretora dos Teatros Helo\u00edsa Oliveira.<\/p>\n<p>Baseada em minuciosa pesquisa hist\u00f3rica, a Viagem Fant\u00e1stica come\u00e7a em 1911, ano de funda\u00e7\u00e3o do teatro, na \u00e9poca chamado de \u201cPavilh\u00e3o Polytheama\u201d. Da\u00ed em diante, as \u2018Car\u00f3is\u2019 contam a hist\u00f3ria e percorrem todo o espa\u00e7o utilizando-se de recursos da dramaturgia para prender a aten\u00e7\u00e3o dos participantes.<\/p>\n<p><strong>LEIA MAIS<\/strong><br \/>\n<strong><a class=\"titulo-lista\" title=\"Cultura participa do lan\u00e7amento dos Concertos Astra-Finamax\" href=\"https:\/\/jundiai.sp.gov.br\/noticias\/2016\/02\/24\/cultura-participa-do-lancamento-dos-concertos-astra-finamax\/\" rel=\"bookmark\">Cultura participa do lan\u00e7amento dos Concertos Astra-Finamax<\/a><\/strong><\/p>\n<div id=\"attachment_169580\" style=\"width: 730px\" class=\"wp-caption aligncenter\"><a href=\"https:\/\/jundiai.sp.gov.br\/noticias\/wp-content\/uploads\/sites\/32\/2016\/02\/Viagem-Fantastica-Polytheama_c_2G.jpg\" rel=\"attachment wp-att-169580\"><img loading=\"lazy\" decoding=\"async\" aria-describedby=\"caption-attachment-169580\" class=\"size-large wp-image-169580\" src=\"https:\/\/jundiai.sp.gov.br\/noticias\/wp-content\/uploads\/sites\/32\/2016\/02\/Viagem-Fantastica-Polytheama_c_2G-720x537.jpg\" alt=\"Atrizes utilizam recursos da dramaturgia para prender a aten\u00e7\u00e3o dos participantes\" width=\"720\" height=\"537\" srcset=\"https:\/\/jundiai.sp.gov.br\/noticias\/wp-content\/uploads\/sites\/32\/2016\/02\/Viagem-Fantastica-Polytheama_c_2G-720x537.jpg 720w, https:\/\/jundiai.sp.gov.br\/noticias\/wp-content\/uploads\/sites\/32\/2016\/02\/Viagem-Fantastica-Polytheama_c_2G-300x224.jpg 300w, https:\/\/jundiai.sp.gov.br\/noticias\/wp-content\/uploads\/sites\/32\/2016\/02\/Viagem-Fantastica-Polytheama_c_2G-768x572.jpg 768w, https:\/\/jundiai.sp.gov.br\/noticias\/wp-content\/uploads\/sites\/32\/2016\/02\/Viagem-Fantastica-Polytheama_c_2G.jpg 1240w\" sizes=\"auto, (max-width: 720px) 100vw, 720px\" \/><\/a><p id=\"caption-attachment-169580\" class=\"wp-caption-text\">Atrizes utilizam recursos da dramaturgia para prender a aten\u00e7\u00e3o dos participantes<\/p><\/div>\n<p>Entre as curiosidades est\u00e3o a reinaugura\u00e7\u00e3o do pr\u00e9dio em 1928 como cineteatro, shows com estrelas da Jovem Guarda, como Jair Rodrigues e o rei Roberto Carlos na d\u00e9cada de 60, o fechamento em 1975, a aquisi\u00e7\u00e3o do teatro pelo munic\u00edpio na gest\u00e3o do ent\u00e3o prefeito Pedro F\u00e1varo, em 1980, o projeto da arquiteta italiana Lina Bo Bardi, em 1985, e a reinaugura\u00e7\u00e3o do teatro reformado em 1996.<\/p>\n<p>\u201c\u00c9 a primeira vez que entro no Teatro Polytheama, n\u00e3o conhecia sua hist\u00f3ria, \u00e9 realmente fant\u00e1stica. Quero vir no pr\u00f3ximo espet\u00e1culo que tiver\u201d, afirmou a estudante de Eventos, Ariane Gon\u00e7alves, de 23 anos, moradora de Itupeva.<\/p>\n<p>Para a maquiadora Eliane Alves, de 33 anos, participar da Viagem Fant\u00e1stica mudou a forma de ver o teatro. \u201cTive a oportunidade de maquiar artistas que passaram pelo Polytheama e fiquei emocionada ao conhecer sua hist\u00f3ria por meio deste projeto t\u00e3o interessante.\u201d<\/p>\n<p><strong>As \u2018viagens\u2019 t\u00eam dura\u00e7\u00e3o de 50 minutos e os grupos s\u00e3o divididos em, no m\u00e1ximo, 35 pessoas. Os interessados em participar podem fazer o agendamento pelos telefones (11) 99673-4542 com Carol, (11) 4586-2472 com Maria Antonia ou pelo email viagempolytheama@gmail.com.<\/strong><\/p>\n<p><em><strong>Viviane Rodrigues<\/strong><\/em><br \/>\n<em><strong> Fotos: Cleber de Almeida<\/strong><\/em><\/p>\n","protected":false},"excerpt":{"rendered":"<p>Aos 104 anos, o Teatro Polytheama guarda hist\u00f3rias pouco conhecidas do p\u00fablico que frequenta a sala de espet\u00e1culos Deolinda Copelli. Neste mais de um s\u00e9culo de vida, o espa\u00e7o passou por v\u00e1rias transforma\u00e7\u00f5es, descritas com riqueza de detalhes pelas atrizes Carol Ungaro e Carol Ferretti na Viagem Fant\u00e1stica, projeto promovido pela Secretaria Municipal de Cultura, [&hellip;]<\/p>\n","protected":false},"author":11,"featured_media":0,"comment_status":"closed","ping_status":"closed","sticky":false,"template":"","format":"standard","meta":{"footnotes":""},"categories":[2],"tags":[29,98],"ods":[],"class_list":["post-169579","post","type-post","status-publish","format-standard","hentry","category-noticias","tag-cultura","tag-teatro-polytheama"],"_links":{"self":[{"href":"https:\/\/jundiai.sp.gov.br\/noticias\/wp-json\/wp\/v2\/posts\/169579","targetHints":{"allow":["GET"]}}],"collection":[{"href":"https:\/\/jundiai.sp.gov.br\/noticias\/wp-json\/wp\/v2\/posts"}],"about":[{"href":"https:\/\/jundiai.sp.gov.br\/noticias\/wp-json\/wp\/v2\/types\/post"}],"author":[{"embeddable":true,"href":"https:\/\/jundiai.sp.gov.br\/noticias\/wp-json\/wp\/v2\/users\/11"}],"replies":[{"embeddable":true,"href":"https:\/\/jundiai.sp.gov.br\/noticias\/wp-json\/wp\/v2\/comments?post=169579"}],"version-history":[{"count":3,"href":"https:\/\/jundiai.sp.gov.br\/noticias\/wp-json\/wp\/v2\/posts\/169579\/revisions"}],"predecessor-version":[{"id":170533,"href":"https:\/\/jundiai.sp.gov.br\/noticias\/wp-json\/wp\/v2\/posts\/169579\/revisions\/170533"}],"wp:attachment":[{"href":"https:\/\/jundiai.sp.gov.br\/noticias\/wp-json\/wp\/v2\/media?parent=169579"}],"wp:term":[{"taxonomy":"category","embeddable":true,"href":"https:\/\/jundiai.sp.gov.br\/noticias\/wp-json\/wp\/v2\/categories?post=169579"},{"taxonomy":"post_tag","embeddable":true,"href":"https:\/\/jundiai.sp.gov.br\/noticias\/wp-json\/wp\/v2\/tags?post=169579"},{"taxonomy":"ods","embeddable":true,"href":"https:\/\/jundiai.sp.gov.br\/noticias\/wp-json\/wp\/v2\/ods?post=169579"}],"curies":[{"name":"wp","href":"https:\/\/api.w.org\/{rel}","templated":true}]}}