{"id":169641,"date":"2016-03-01T16:50:32","date_gmt":"2016-03-01T19:50:32","guid":{"rendered":"https:\/\/jundiai.sp.gov.br\/noticias\/?p=169641"},"modified":"2016-11-04T11:38:17","modified_gmt":"2016-11-04T13:38:17","slug":"jundiai-participa-de-encontro-de-gestores-de-cultura-em-brasilia","status":"publish","type":"post","link":"https:\/\/jundiai.sp.gov.br\/noticias\/2016\/03\/01\/jundiai-participa-de-encontro-de-gestores-de-cultura-em-brasilia\/","title":{"rendered":"Jundia\u00ed participa de encontro de gestores de Cultura em Bras\u00edlia"},"content":{"rendered":"<div id=\"attachment_169644\" style=\"width: 410px\" class=\"wp-caption alignleft\"><a href=\"https:\/\/jundiai.sp.gov.br\/noticias\/wp-content\/uploads\/sites\/32\/2016\/03\/encontro-sul_G.jpg\" rel=\"attachment wp-att-169644\"><img loading=\"lazy\" decoding=\"async\" aria-describedby=\"caption-attachment-169644\" class=\"size-large wp-image-169644\" src=\"https:\/\/jundiai.sp.gov.br\/noticias\/wp-content\/uploads\/sites\/32\/2016\/03\/encontro-sul_G-720x554.jpg\" alt=\"T\u00e9rcio j\u00e1 participou da edi\u00e7\u00e3o anterior do Encontro de Gestores Municipais de Cultura\" width=\"400\" height=\"350\" \/><\/a><p id=\"caption-attachment-169644\" class=\"wp-caption-text\">T\u00e9rcio j\u00e1 participou da edi\u00e7\u00e3o anterior do Encontro de Gestores Municipais de Cultura<\/p><\/div>\n<p><strong>O secret\u00e1rio de <a href=\"http:\/\/cultura.jundiai.sp.gov.br\/\" target=\"_blank\">Cultura<\/a>, T\u00e9rcio Marinho, participa, nesta quarta-feira (2), do 2\u00ba Encontro Nacional de Gestores Municipais de Cultura, no Centro de Conven\u00e7\u00f5es Ulysses Guimar\u00e3es em Bras\u00edlia \u2013 DF, pela Associa\u00e7\u00e3o Brasileira de Munic\u00edpios (ABM).<\/strong><\/p>\n<p>O representante jundiaiense vai fazer uma <strong>palestra, a partir das 15h, sobre a organiza\u00e7\u00e3o dos gestores municipais de cultura na regi\u00e3o de Jundia\u00ed<\/strong>. S\u00e3o dez minutos de palestra e mais 20 de perguntas.<\/p>\n<p>Tamb\u00e9m convidado pela ABM, o Ministro da Cultura, Juca Ferreira, leva sua<strong> hist\u00f3rica contribui\u00e7\u00e3o no cen\u00e1rio cultural brasileiro para a discuss\u00e3o desta nova etapa de encontros<\/strong>, que visa \u00e0\u00a0<strong>efetiva constru\u00e7\u00e3o de pol\u00edticas culturais para as cidades e suas futuras possibilidades de investimentos<\/strong>.<\/p>\n<p><strong>LEIA TAMB\u00c9M<\/strong><br \/>\n<a href=\"https:\/\/jundiai.sp.gov.br\/noticias\/2016\/02\/29\/viagem-fantastica-conta-a-historia-do-teatro-polytheama\/\">Viagem Fant\u00e1stica conta a hist\u00f3ria do Teatro Polytheama<\/a><br \/>\n<a href=\"https:\/\/jundiai.sp.gov.br\/noticias\/2016\/02\/27\/clube-28-festeja-placa-historica-de-tombamento-imaterial\/\">Clube 28 festeja placa hist\u00f3rica de tombamento imaterial<\/a><br \/>\n<a href=\"https:\/\/jundiai.sp.gov.br\/noticias\/2016\/03\/01\/doutores-da-alegria-levam-espetaculo-gratuito-ao-polytheama-nesta-quinta-3\/\">Polytheama recebe pe\u00e7a dos \u2018Doutores da Alegria\u2019 na quinta (3)<\/a><\/p>\n<div id=\"attachment_169646\" style=\"width: 410px\" class=\"wp-caption alignright\"><a href=\"https:\/\/jundiai.sp.gov.br\/noticias\/wp-content\/uploads\/sites\/32\/2016\/03\/logo_G.jpg\" rel=\"attachment wp-att-169646\"><img loading=\"lazy\" decoding=\"async\" aria-describedby=\"caption-attachment-169646\" class=\"size-large wp-image-169646\" src=\"https:\/\/jundiai.sp.gov.br\/noticias\/wp-content\/uploads\/sites\/32\/2016\/03\/logo_G-720x513.jpg\" alt=\"Encontro visa \u00e0 discuss\u00e3o para amplitude de a\u00e7\u00f5es culturais nos munic\u00edpios brasileiros\" width=\"400\" height=\"350\" \/><\/a><p id=\"caption-attachment-169646\" class=\"wp-caption-text\">Encontro visa \u00e0 discuss\u00e3o para amplitude de a\u00e7\u00f5es culturais nos munic\u00edpios brasileiros<\/p><\/div>\n<p><strong>Avan\u00e7os<\/strong><br \/>\nResultado dos encontros em 2015, um documento vai ser entregue ao Ministro da Cultura, contendo: <strong>manifesto oficial de Bras\u00edlia dos gestores municipais das cidades de pequeno e m\u00e9dio porte do Brasil; proposta de cria\u00e7\u00e3o de um programa nacional destinado \u00e0 forma\u00e7\u00e3o de gestores de Cultura; e o pedido dos munic\u00edpios rumo a consolida\u00e7\u00e3o do Sistema Nacional de Cultura<\/strong>.<\/p>\n<p><strong>Mais<\/strong><br \/>\nNo dia seguinte, <strong>quinta-feira (3), \u00e9 a vez do 2\u00ba Encontro de Munic\u00edpios \u2013 Elei\u00e7\u00f5es<\/strong>, com a participa\u00e7\u00e3o confirmada dos ministros Gilberto Kassab, Juca Ferreira, Marcelo Castro, Ricardo Berzoini, George Hilton, Aloizio Mercadante e Helder Barbalho.<\/p>\n<p><strong><em>Assessoria de Imprensa<br \/>\nFoto: Arquivo PMJ<\/em><\/strong><\/p>\n","protected":false},"excerpt":{"rendered":"<p>O secret\u00e1rio de Cultura, T\u00e9rcio Marinho, participa, nesta quarta-feira (2), do 2\u00ba Encontro Nacional de Gestores Municipais de Cultura, no Centro de Conven\u00e7\u00f5es Ulysses Guimar\u00e3es em Bras\u00edlia \u2013 DF, pela Associa\u00e7\u00e3o Brasileira de Munic\u00edpios (ABM). O representante jundiaiense vai fazer uma palestra, a partir das 15h, sobre a organiza\u00e7\u00e3o dos gestores municipais de cultura na [&hellip;]<\/p>\n","protected":false},"author":14,"featured_media":0,"comment_status":"closed","ping_status":"closed","sticky":false,"template":"","format":"standard","meta":{"footnotes":""},"categories":[2],"tags":[29],"ods":[],"class_list":["post-169641","post","type-post","status-publish","format-standard","hentry","category-noticias","tag-cultura"],"_links":{"self":[{"href":"https:\/\/jundiai.sp.gov.br\/noticias\/wp-json\/wp\/v2\/posts\/169641","targetHints":{"allow":["GET"]}}],"collection":[{"href":"https:\/\/jundiai.sp.gov.br\/noticias\/wp-json\/wp\/v2\/posts"}],"about":[{"href":"https:\/\/jundiai.sp.gov.br\/noticias\/wp-json\/wp\/v2\/types\/post"}],"author":[{"embeddable":true,"href":"https:\/\/jundiai.sp.gov.br\/noticias\/wp-json\/wp\/v2\/users\/14"}],"replies":[{"embeddable":true,"href":"https:\/\/jundiai.sp.gov.br\/noticias\/wp-json\/wp\/v2\/comments?post=169641"}],"version-history":[{"count":6,"href":"https:\/\/jundiai.sp.gov.br\/noticias\/wp-json\/wp\/v2\/posts\/169641\/revisions"}],"predecessor-version":[{"id":169651,"href":"https:\/\/jundiai.sp.gov.br\/noticias\/wp-json\/wp\/v2\/posts\/169641\/revisions\/169651"}],"wp:attachment":[{"href":"https:\/\/jundiai.sp.gov.br\/noticias\/wp-json\/wp\/v2\/media?parent=169641"}],"wp:term":[{"taxonomy":"category","embeddable":true,"href":"https:\/\/jundiai.sp.gov.br\/noticias\/wp-json\/wp\/v2\/categories?post=169641"},{"taxonomy":"post_tag","embeddable":true,"href":"https:\/\/jundiai.sp.gov.br\/noticias\/wp-json\/wp\/v2\/tags?post=169641"},{"taxonomy":"ods","embeddable":true,"href":"https:\/\/jundiai.sp.gov.br\/noticias\/wp-json\/wp\/v2\/ods?post=169641"}],"curies":[{"name":"wp","href":"https:\/\/api.w.org\/{rel}","templated":true}]}}