{"id":169789,"date":"2016-03-03T15:31:18","date_gmt":"2016-03-03T18:31:18","guid":{"rendered":"https:\/\/jundiai.sp.gov.br\/noticias\/?p=169789"},"modified":"2016-11-04T13:20:50","modified_gmt":"2016-11-04T15:20:50","slug":"plano-diretor-participativo-desenha-uma-jundiai-acessivel-para-todos","status":"publish","type":"post","link":"https:\/\/jundiai.sp.gov.br\/noticias\/2016\/03\/03\/plano-diretor-participativo-desenha-uma-jundiai-acessivel-para-todos\/","title":{"rendered":"Plano Diretor desenha uma Jundia\u00ed acess\u00edvel para todos"},"content":{"rendered":"<p><strong>A Prefeitura vem trabalhando na busca de novas medidas de acessibilidade no seu desenho urbano. Dessa forma, n\u00e3o apenas pessoas com defici\u00eancia mas tamb\u00e9m idosos, gestantes, m\u00e3es com carrinhos de beb\u00ea ou moradores com carrinho de supermercado, entre outras, v\u00e3o poder se beneficiar com a mobilidade.<\/strong><\/p>\n<p>\u201c\u00c9 um <strong>trabalho intenso<\/strong> que temos buscado desde o in\u00edcio da gest\u00e3o, que <strong>criou um espa\u00e7o pr\u00f3prio para esse tema<\/strong>. E <strong>envolve muitas quest\u00f5es al\u00e9m das rampas, que s\u00e3o parte da acessibilidade f\u00edsica<\/strong>\u201d, afirma o titular da <a href=\"https:\/\/www.facebook.com\/Coordenadoria-dos-Direitos-das-Pessoas-com-Defici%C3%AAncia-de-Jundia%C3%AD-1441418992774268\/?fref=ts\" target=\"_blank\">Coordenadoria dos Direitos das Pessoas com Defici\u00eancia<\/a>, Reinaldo Fernandes.<\/p>\n<p>Ele destaca que, mesmo <strong>com quase 400 anos, a cidade n\u00e3o teve mais do que algumas a\u00e7\u00f5es pontuais em tempos anteriores<\/strong>. Entre as a\u00e7\u00f5es de curto prazo est\u00e3o a <strong>implementa\u00e7\u00e3o de 60 quil\u00f4metros de roteiros acess\u00edveis com rampas, faixas e cal\u00e7adas e as reformas do Centro das Artes (Sala Gl\u00f3ria Rocha) e do Escad\u00e3o (Esplanada Monte Castelo)<\/strong>, ambas em fase final, e, a longo prazo, as discuss\u00f5es em torno dos pr\u00f3ximos dez anos para o <a href=\"http:\/\/planodiretor.jundiai.sp.gov.br\/\" target=\"_blank\">Plano Diretor Participativo<\/a>, tamb\u00e9m em <strong>fase final<\/strong> de sua etapa no Executivo e que contou com a participa\u00e7\u00e3o desse setor e de conselheiros do ramo.<\/p>\n<p><strong>LEIA TAMB\u00c9M<\/strong><br \/>\n<a href=\"https:\/\/jundiai.sp.gov.br\/noticias\/2016\/02\/27\/reunioes-de-dialogo-reduzem-conflitos-no-plano-diretor\/\">Reuni\u00f5es de di\u00e1logo reduzem conflitos no Plano Diretor<\/a><br \/>\n<a href=\"https:\/\/jundiai.sp.gov.br\/noticias\/2016\/02\/29\/prefeitura-registra-boletim-de-ocorrencia-de-pichacao-na-ponte-torta\/\">Prefeitura registra boletim de ocorr\u00eancia de picha\u00e7\u00e3o na Ponte Torta<\/a><\/p>\n<div id=\"attachment_169794\" style=\"width: 730px\" class=\"wp-caption aligncenter\"><a href=\"https:\/\/jundiai.sp.gov.br\/noticias\/wp-content\/uploads\/sites\/32\/2016\/03\/daniela_e_decio_visita_obras_escadao_P-60G.jpg\" rel=\"attachment wp-att-169794\"><img loading=\"lazy\" decoding=\"async\" aria-describedby=\"caption-attachment-169794\" class=\"size-large wp-image-169794\" src=\"https:\/\/jundiai.sp.gov.br\/noticias\/wp-content\/uploads\/sites\/32\/2016\/03\/daniela_e_decio_visita_obras_escadao_P-60G-720x524.jpg\" alt=\"As obras das novas rampas no Escad\u00e3o, durante visita t\u00e9cnica da secret\u00e1ria Daniela da Camara\" width=\"720\" height=\"524\" srcset=\"https:\/\/jundiai.sp.gov.br\/noticias\/wp-content\/uploads\/sites\/32\/2016\/03\/daniela_e_decio_visita_obras_escadao_P-60G-720x524.jpg 720w, https:\/\/jundiai.sp.gov.br\/noticias\/wp-content\/uploads\/sites\/32\/2016\/03\/daniela_e_decio_visita_obras_escadao_P-60G-300x218.jpg 300w, https:\/\/jundiai.sp.gov.br\/noticias\/wp-content\/uploads\/sites\/32\/2016\/03\/daniela_e_decio_visita_obras_escadao_P-60G-768x559.jpg 768w, https:\/\/jundiai.sp.gov.br\/noticias\/wp-content\/uploads\/sites\/32\/2016\/03\/daniela_e_decio_visita_obras_escadao_P-60G.jpg 1240w\" sizes=\"auto, (max-width: 720px) 100vw, 720px\" \/><\/a><p id=\"caption-attachment-169794\" class=\"wp-caption-text\">As obras das novas rampas no Escad\u00e3o, durante visita t\u00e9cnica da secret\u00e1ria Daniela da Camara<\/p><\/div>\n<p>Para a secret\u00e1ria de Planejamento e Meio Ambiente, Daniela da Camara Sutti, essa <strong>preocupa\u00e7\u00e3o colocada com o tema como parte do pr\u00f3prio desenho universal da cidade \u00e9 essencial<\/strong>. \u201cCom isso tivemos um <strong>apoio na pr\u00f3pria tend\u00eancia atual do urbanismo de buscar cidades para as pessoas<\/strong>\u201d, afirma.<\/p>\n<p><strong>Grupo t\u00e9cnico<\/strong><br \/>\nA passagem do <strong>eixo que sempre privilegiou apenas carros e projetos imobili\u00e1rios<\/strong> para esse <strong>desenho mais acess\u00edvel \u00e9 lenta<\/strong> &#8211; e mesmo os <strong>terminais de \u00f4nibus do sistema integrado (Situ) foram constru\u00eddos anteriormente sem padr\u00f5es adequados de rampas ou banheiros<\/strong>.<\/p>\n<p>Mas as <strong>mudan\u00e7as est\u00e3o sendo feitas<\/strong>. O fato de que a <strong>cal\u00e7ada n\u00e3o \u00e9 um acesso \u00e0 casa ou estabelecimento, mas uma parte da via destinada aos pedestres<\/strong> (o \u201cpasseio p\u00fablico\u201d) \u00e9 refor\u00e7ado pela nova <a href=\"http:\/\/www.planalto.gov.br\/ccivil_03\/_Ato2015-2018\/2015\/Lei\/L13146.htm\" target=\"_blank\">Lei Brasileira de Inclus\u00e3o<\/a>, que entrou em vigor no m\u00eas de janeiro e est\u00e1 ganhando um<strong> grupo de trabalho em Jundia\u00ed formado por representantes de Servi\u00e7os P\u00fablicos, Planejamento e Meio Ambiente, Neg\u00f3cios Jur\u00eddicos, Obras e da Coordenadoria<\/strong>.<\/p>\n<p><strong>Adapta\u00e7\u00f5es<\/strong><br \/>\nAs <strong>novas constru\u00e7\u00f5es v\u00e3o ser orientadas pelo novo Plano Diretor a buscarem o desenho universal<\/strong>, mas o <strong>atraso<\/strong> na preocupa\u00e7\u00e3o com o tema em d\u00e9cadas anteriores vai exigir outros tipos de <strong>interven\u00e7\u00e3o<\/strong>. Um dos casos apontados para essa diferen\u00e7a, pouco notada pelos moradores, est\u00e1 em detalhes f\u00edsicos do <a href=\"http:\/\/parquedacidade.jundiai.sp.gov.br\/\" target=\"_blank\">Parque da Cidade<\/a> (2004) e com maiores recursos no <a href=\"https:\/\/jundiai.sp.gov.br\/noticias\/2015\/11\/29\/prefeitura-entrega-parque-de-173-mil-metros-quadrados\/\">Parque do Engordadouro<\/a> (2015).<\/p>\n<div id=\"attachment_169817\" style=\"width: 410px\" class=\"wp-caption alignright\"><a href=\"https:\/\/jundiai.sp.gov.br\/noticias\/wp-content\/uploads\/sites\/32\/2016\/03\/Cafe-Sensorial-Sincomerciarios_c_107G.jpg\" rel=\"attachment wp-att-169817\"><img loading=\"lazy\" decoding=\"async\" aria-describedby=\"caption-attachment-169817\" class=\"size-large wp-image-169817\" src=\"https:\/\/jundiai.sp.gov.br\/noticias\/wp-content\/uploads\/sites\/32\/2016\/03\/Cafe-Sensorial-Sincomerciarios_c_107G-720x553.jpg\" alt=\"Para Reinaldo Fernandes, o legado das a\u00e7\u00f5es vai ser uma cidade mais acess\u00edvel a todos\" width=\"400\" height=\"350\" \/><\/a><p id=\"caption-attachment-169817\" class=\"wp-caption-text\">Para Reinaldo Fernandes, o legado das a\u00e7\u00f5es vai ser uma cidade mais acess\u00edvel a todos<\/p><\/div>\n<p>\u201cTemos avan\u00e7ado tamb\u00e9m em <strong>estudos sobre como adequar constru\u00e7\u00f5es hist\u00f3ricas<\/strong>\u00a0para a <strong>conex\u00e3o com o desenho universal<\/strong>, pois, \u00e0 medida em que a <strong>acessibilidade coloca pessoas a conviver com os mais diversos espa\u00e7os, abre-se uma demanda a adequ\u00e1-los cada vez mais<\/strong>\u201d, diz a presidente do Conselho do Patrim\u00f4nio Art\u00edstico e Cultural (Compac),\u00a0Maria Ang\u00e9lica Ribeiro.<\/p>\n<p>Nesse sentido adaptativo, o <strong>novo Plano Diretor deve trazer mais instrumentos para a fiscaliza\u00e7\u00e3o de cal\u00e7adas<\/strong>, por exemplo. Mas os t\u00e9cnicos envolvidos na passagem para um novo modelo de governan\u00e7a para as vias de pedestres preveem esse trabalho como um \u201cprocesso\u201d de m\u00e9dio prazo, como ocorre com o fim de escadas em <strong>projetos como do futuro BRT (\u00f4nibus de tr\u00e2nsito r\u00e1pido)<\/strong>.<\/p>\n<p><strong>Abrangente<\/strong><br \/>\nO debate sobre o <strong>desenho universal<\/strong>, que envolve desde a <strong>acessibilidade<\/strong> de todas as pessoas at\u00e9 aspectos como <strong>sinaliza\u00e7\u00e3o pr\u00f3pria e conforto para pedestres<\/strong> (o que envolve a presen\u00e7a de vida ativa na parte t\u00e9rrea dos pr\u00e9dios, por exemplo), tamb\u00e9m h\u00e1\u00a0muitos aspectos diferentes em casos espec\u00edficos de pessoas com defici\u00eancia.<\/p>\n<p>Al\u00e9m da <strong>acessibilidade f\u00edsica em si<\/strong> (como as rampas) esse setor envolve quest\u00f5es como o <strong>acesso tem\u00e1tico<\/strong>, seja para uma pessoa com defici\u00eancia auditiva acessar informa\u00e7\u00f5es ou para uma pessoa com defici\u00eancia visual desfrutar de um evento cultural como o teatro. Novas parcerias podem gerar a <strong>Central de Interpreta\u00e7\u00e3o de Libras<\/strong>, por exemplo, ou <strong>ampliar a presen\u00e7a de piso t\u00e1til ou card\u00e1pios em braile e assim por diante<\/strong>.<\/p>\n<p>Em resumo, a <strong>busca da cidade com desenho universal, bastante presente no projeto do novo Plano Diretor, \u00e9 tamb\u00e9m a busca de uma cidade mais democr\u00e1tica, inclusiva e sustent\u00e1vel<\/strong>.<\/p>\n<p><strong><em>Jos\u00e9 Arnaldo de oliveira<br \/>\nFoto: Arquivo PMJ<\/em><\/strong><\/p>\n","protected":false},"excerpt":{"rendered":"<p>Busca da cidade com desenho universal \u00e9 tamb\u00e9m a busca por uma cidade mais democr\u00e1tica, inclusiva e sustent\u00e1vel<\/p>\n","protected":false},"author":14,"featured_media":169825,"comment_status":"closed","ping_status":"closed","sticky":false,"template":"","format":"standard","meta":{"footnotes":""},"categories":[2],"tags":[256,509,32,559],"ods":[],"class_list":["post-169789","post","type-post","status-publish","format-standard","has-post-thumbnail","hentry","category-noticias","tag-conselho-do-patrimonio-cultural-compac","tag-coordenadoria-dos-direitos-das-pessoas-com-deficiencia","tag-planejamento-e-meio-ambiente","tag-plano-diretor-participativo"],"_links":{"self":[{"href":"https:\/\/jundiai.sp.gov.br\/noticias\/wp-json\/wp\/v2\/posts\/169789","targetHints":{"allow":["GET"]}}],"collection":[{"href":"https:\/\/jundiai.sp.gov.br\/noticias\/wp-json\/wp\/v2\/posts"}],"about":[{"href":"https:\/\/jundiai.sp.gov.br\/noticias\/wp-json\/wp\/v2\/types\/post"}],"author":[{"embeddable":true,"href":"https:\/\/jundiai.sp.gov.br\/noticias\/wp-json\/wp\/v2\/users\/14"}],"replies":[{"embeddable":true,"href":"https:\/\/jundiai.sp.gov.br\/noticias\/wp-json\/wp\/v2\/comments?post=169789"}],"version-history":[{"count":12,"href":"https:\/\/jundiai.sp.gov.br\/noticias\/wp-json\/wp\/v2\/posts\/169789\/revisions"}],"predecessor-version":[{"id":169886,"href":"https:\/\/jundiai.sp.gov.br\/noticias\/wp-json\/wp\/v2\/posts\/169789\/revisions\/169886"}],"wp:featuredmedia":[{"embeddable":true,"href":"https:\/\/jundiai.sp.gov.br\/noticias\/wp-json\/wp\/v2\/media\/169825"}],"wp:attachment":[{"href":"https:\/\/jundiai.sp.gov.br\/noticias\/wp-json\/wp\/v2\/media?parent=169789"}],"wp:term":[{"taxonomy":"category","embeddable":true,"href":"https:\/\/jundiai.sp.gov.br\/noticias\/wp-json\/wp\/v2\/categories?post=169789"},{"taxonomy":"post_tag","embeddable":true,"href":"https:\/\/jundiai.sp.gov.br\/noticias\/wp-json\/wp\/v2\/tags?post=169789"},{"taxonomy":"ods","embeddable":true,"href":"https:\/\/jundiai.sp.gov.br\/noticias\/wp-json\/wp\/v2\/ods?post=169789"}],"curies":[{"name":"wp","href":"https:\/\/api.w.org\/{rel}","templated":true}]}}