{"id":169834,"date":"2016-03-03T15:46:53","date_gmt":"2016-03-03T18:46:53","guid":{"rendered":"https:\/\/jundiai.sp.gov.br\/noticias\/?p=169834"},"modified":"2016-11-04T13:24:14","modified_gmt":"2016-11-04T15:24:14","slug":"seletiva-de-futebol-feminino-e-neste-sabado-5","status":"publish","type":"post","link":"https:\/\/jundiai.sp.gov.br\/noticias\/2016\/03\/03\/seletiva-de-futebol-feminino-e-neste-sabado-5\/","title":{"rendered":"Seletiva de Futebol Feminino \u00e9 neste s\u00e1bado (5)"},"content":{"rendered":"<div id=\"attachment_169836\" style=\"width: 340px\" class=\"wp-caption alignright\"><a href=\"https:\/\/jundiai.sp.gov.br\/noticias\/wp-content\/uploads\/sites\/32\/2016\/03\/cartazG.jpg\" rel=\"attachment wp-att-169836\"><img loading=\"lazy\" decoding=\"async\" aria-describedby=\"caption-attachment-169836\" class=\"size-large wp-image-169836\" src=\"https:\/\/jundiai.sp.gov.br\/noticias\/wp-content\/uploads\/sites\/32\/2016\/03\/cartazG-679x960.jpg\" alt=\"A avalia\u00e7\u00e3o vai ter como base os fundamentos da modalidade e jogos\" width=\"330\" height=\"370\" \/><\/a><p id=\"caption-attachment-169836\" class=\"wp-caption-text\">A avalia\u00e7\u00e3o vai ter como base os fundamentos da modalidade e jogos<\/p><\/div>\n<p><strong>A seletiva de futebol feminino, neste s\u00e1bado (5), \u00e0s 14h, no Est\u00e1dio Dr. Jayme Cintra busca atletas da regi\u00e3o. Quem tem a partir de 12 anos, gosta e tem habilidade com a bola nos p\u00e9s, n\u00e3o deve perder essa oportunidade, afinal futebol tamb\u00e9m \u00e9 coisa de menina.<\/strong><\/p>\n<p><strong>LEIA TAMB\u00c9M<\/strong><br \/>\n<a href=\"https:\/\/jundiai.sp.gov.br\/noticias\/2016\/03\/02\/energiza-jundiai-realiza-sonho-de-pessoas-conhecerem-a-serra-do-japi\/\">\u2018Energiza Jundia\u00ed\u2019 leva pessoas \u00e0 Serra<\/a><br \/>\n<a href=\"https:\/\/jundiai.sp.gov.br\/noticias\/2016\/03\/03\/campeonato-regional-resgata-charme-de-competicoes-do-passado\/\">Regional resgata charme das competi\u00e7\u00f5es<\/a><br \/>\n<a href=\"https:\/\/jundiai.sp.gov.br\/noticias\/2016\/03\/02\/jundiai-sedia-a-primeira-etapa-da-temporada-2016-do-arena-cross\/\">Jundia\u00ed sedia a primeira etapa do Arena Cross<\/a><\/p>\n<p>As <strong>inscri\u00e7\u00f5es devem ser feitas no dia da seletiva<\/strong>. Para participar, basta levar um <strong>documento de identidade com foto<\/strong>.<strong> Quem tiver menos de 18 anos<\/strong>, se poss\u00edvel, deve se apresentar <strong>acompanhada dos pais ou respons\u00e1vel<\/strong>.<\/p>\n<p>O objetivo da seletiva, al\u00e9m de <strong>encontrar refor\u00e7os para o elenco<\/strong> da atual equipe jundiaiense, \u00e9 <strong>divulgar a modalidade na cidade e regi\u00e3o, mostrando a for\u00e7a feminina no futebol<\/strong>.<\/p>\n<p>A avalia\u00e7\u00e3o vai ter como base os <strong>fundamentos da modalidade e jogos<\/strong>. As participantes v\u00e3o ser encaminhadas conforme <strong>n\u00edvel t\u00e9cnico e t\u00e1tico<\/strong> para as equipes de competi\u00e7\u00e3o ou escolinha, compondo as <strong>categorias sub15, sub17, sub19 e adulto<\/strong> de Jundia\u00ed.<\/p>\n<p><strong><em>Assessoria de Imprensa<\/em><\/strong><\/p>\n","protected":false},"excerpt":{"rendered":"<p>A seletiva de futebol feminino, neste s\u00e1bado (5), \u00e0s 14h, no Est\u00e1dio Dr. Jayme Cintra busca atletas da regi\u00e3o. Quem tem a partir de 12 anos, gosta e tem habilidade com a bola nos p\u00e9s, n\u00e3o deve perder essa oportunidade, afinal futebol tamb\u00e9m \u00e9 coisa de menina. LEIA TAMB\u00c9M \u2018Energiza Jundia\u00ed\u2019 leva pessoas \u00e0 Serra [&hellip;]<\/p>\n","protected":false},"author":14,"featured_media":0,"comment_status":"closed","ping_status":"closed","sticky":false,"template":"","format":"standard","meta":{"footnotes":""},"categories":[2],"tags":[35,144,99,398],"ods":[],"class_list":["post-169834","post","type-post","status-publish","format-standard","hentry","category-noticias","tag-esporte-e-lazer","tag-estadio-dr-jayme-cintra","tag-futebol","tag-futebol-feminino"],"_links":{"self":[{"href":"https:\/\/jundiai.sp.gov.br\/noticias\/wp-json\/wp\/v2\/posts\/169834","targetHints":{"allow":["GET"]}}],"collection":[{"href":"https:\/\/jundiai.sp.gov.br\/noticias\/wp-json\/wp\/v2\/posts"}],"about":[{"href":"https:\/\/jundiai.sp.gov.br\/noticias\/wp-json\/wp\/v2\/types\/post"}],"author":[{"embeddable":true,"href":"https:\/\/jundiai.sp.gov.br\/noticias\/wp-json\/wp\/v2\/users\/14"}],"replies":[{"embeddable":true,"href":"https:\/\/jundiai.sp.gov.br\/noticias\/wp-json\/wp\/v2\/comments?post=169834"}],"version-history":[{"count":6,"href":"https:\/\/jundiai.sp.gov.br\/noticias\/wp-json\/wp\/v2\/posts\/169834\/revisions"}],"predecessor-version":[{"id":169843,"href":"https:\/\/jundiai.sp.gov.br\/noticias\/wp-json\/wp\/v2\/posts\/169834\/revisions\/169843"}],"wp:attachment":[{"href":"https:\/\/jundiai.sp.gov.br\/noticias\/wp-json\/wp\/v2\/media?parent=169834"}],"wp:term":[{"taxonomy":"category","embeddable":true,"href":"https:\/\/jundiai.sp.gov.br\/noticias\/wp-json\/wp\/v2\/categories?post=169834"},{"taxonomy":"post_tag","embeddable":true,"href":"https:\/\/jundiai.sp.gov.br\/noticias\/wp-json\/wp\/v2\/tags?post=169834"},{"taxonomy":"ods","embeddable":true,"href":"https:\/\/jundiai.sp.gov.br\/noticias\/wp-json\/wp\/v2\/ods?post=169834"}],"curies":[{"name":"wp","href":"https:\/\/api.w.org\/{rel}","templated":true}]}}