{"id":170126,"date":"2016-03-07T14:35:55","date_gmt":"2016-03-07T17:35:55","guid":{"rendered":"https:\/\/jundiai.sp.gov.br\/noticias\/?p=170126"},"modified":"2016-11-04T13:11:16","modified_gmt":"2016-11-04T15:11:16","slug":"jundiai-feito-a-mao-vem-em-dose-dupla-nesta-sexta-feira-11","status":"publish","type":"post","link":"https:\/\/jundiai.sp.gov.br\/noticias\/2016\/03\/07\/jundiai-feito-a-mao-vem-em-dose-dupla-nesta-sexta-feira-11\/","title":{"rendered":"&#8216;Jundia\u00ed Feito \u00e0 M\u00e3o&#8217; vem em dose dupla nesta sexta-feira (11)"},"content":{"rendered":"<p><strong>O artesanato de Jundia\u00ed forma uma atra\u00e7\u00e3o dupla na cidade nesta sexta-feira (11), promovendo o &#8220;Especial Centro&#8221; durante o dia e o <a href=\"https:\/\/jundiai.sp.gov.br\/noticias\/2016\/03\/03\/sexta-no-centro-retorna-a-programacao-cultural-de-jundiai-na-sexta-11\/\">evento &#8220;Sexta no Centro&#8221; do entardecer at\u00e9 o fim da\u00a0noite<\/a>. Ambos ocorrem em pra\u00e7as do centro hist\u00f3rico.<\/strong><\/p>\n<p>No <strong>Especial Centro<\/strong>, <strong>das 9h \u00e0s 17h<\/strong>, as <strong>12<\/strong> barracas fixas da <strong>Feira de Artesanato, na pra\u00e7a Tib\u00farcio Estevam de Siqueira (F\u00f3rum)<\/strong>, passam a ser <strong>29 barracas<\/strong> com os refor\u00e7os desse programa especial que convida outros 17 artes\u00e3os para <strong>enriquecer os atrativos para a comunidade e visitantes<\/strong>.<\/p>\n<p><strong>LEIA TAMB\u00c9M<\/strong><br \/>\n<a href=\"https:\/\/jundiai.sp.gov.br\/noticias\/2016\/03\/04\/programa-recolhe-embalagens-de-agrotoxicos-no-dia-22\/\">Programa recolhe embalagens de agrot\u00f3xicos na ter\u00e7a (22)<\/a><br \/>\n<a href=\"https:\/\/jundiai.sp.gov.br\/noticias\/2016\/03\/03\/sexta-no-centro-retorna-a-programacao-cultural-de-jundiai-na-sexta-11\/\">\u2018Sexta no Centro\u2019 retorna \u00e0 programa\u00e7\u00e3o cultural de Jundia\u00ed<\/a><\/p>\n<div id=\"attachment_170127\" style=\"width: 730px\" class=\"wp-caption aligncenter\"><a href=\"https:\/\/jundiai.sp.gov.br\/noticias\/wp-content\/uploads\/sites\/32\/2016\/03\/feira_artesanato_praca_forum_P3G.jpg\" rel=\"attachment wp-att-170127\"><img loading=\"lazy\" decoding=\"async\" aria-describedby=\"caption-attachment-170127\" class=\"size-large wp-image-170127\" src=\"https:\/\/jundiai.sp.gov.br\/noticias\/wp-content\/uploads\/sites\/32\/2016\/03\/feira_artesanato_praca_forum_P3G-720x469.jpg\" alt=\"Criatividade e simpatia esperam os visitantes em dose dupla nesta sexta (11) \" width=\"720\" height=\"469\" srcset=\"https:\/\/jundiai.sp.gov.br\/noticias\/wp-content\/uploads\/sites\/32\/2016\/03\/feira_artesanato_praca_forum_P3G-720x469.jpg 720w, https:\/\/jundiai.sp.gov.br\/noticias\/wp-content\/uploads\/sites\/32\/2016\/03\/feira_artesanato_praca_forum_P3G-300x195.jpg 300w, https:\/\/jundiai.sp.gov.br\/noticias\/wp-content\/uploads\/sites\/32\/2016\/03\/feira_artesanato_praca_forum_P3G-768x500.jpg 768w, https:\/\/jundiai.sp.gov.br\/noticias\/wp-content\/uploads\/sites\/32\/2016\/03\/feira_artesanato_praca_forum_P3G.jpg 1240w\" sizes=\"auto, (max-width: 720px) 100vw, 720px\" \/><\/a><p id=\"caption-attachment-170127\" class=\"wp-caption-text\">Criatividade e simpatia esperam os visitantes em dose dupla nesta sexta (11)<\/p><\/div>\n<p>Mais tarde, <strong>das 17h30 \u00e0s 22h<\/strong>, ser\u00e3o <strong>15 barracas de artes\u00e3os e artes\u00e3s<\/strong> que formam parte das atra\u00e7\u00f5es do evento <strong>Sexta no Centro, na pra\u00e7a Governador Pedro de Toledo (Largo da Matriz)<\/strong>. De acordo com a Secretaria de Agricultura, Abastecimento e Turismo, que coordena esse programa tur\u00edstico e cultural, a <strong>variedade de trabalhos \u00e9 a principal caracter\u00edstica<\/strong>.<\/p>\n<p>Neste evento tamb\u00e9m v\u00e3o estar presentes <strong>14 barracas de alimenta\u00e7\u00e3o<\/strong>, integrantes do padr\u00e3o de qualidade do <strong>programa Varej\u00e3o Noturno<\/strong>.<\/p>\n<p><strong>Identidade jundiaiense<\/strong><br \/>\nAl\u00e9m da produ\u00e7\u00e3o artesanal garantida por monitoramento t\u00e9cnico do <a href=\"http:\/\/turismo.jundiai.sp.gov.br\/atrativos\/artesanato-jundiai-feito-a-mao\/\" target=\"_blank\">Programa Jundia\u00ed Feito \u00e0 M\u00e3o<\/a>, marcada nos dois eventos de sexta-feira (11), no caso do &#8220;Sexta no Centro&#8221; o trabalho \u00e9 feito em parceria com a Secretaria de <a href=\"http:\/\/cultura.jundiai.sp.gov.br\/\" target=\"_blank\">Cultura<\/a>.<\/p>\n<p>Entre as suas atra\u00e7\u00f5es do dia, <strong>o forr\u00f3 p\u00e9 de serra da banda Serelepe marca tamb\u00e9m o lan\u00e7amento de seu disco viabilizado pelo Programa Est\u00edmulo de Cultura<\/strong>, que usa na capa uma imagem estilizada da <a href=\"http:\/\/pontetorta.jundiai.sp.gov.br\/\" target=\"_blank\">Ponte Torta<\/a>, outro s\u00edmbolo da cidade de 130 anos e <a href=\"https:\/\/jundiai.sp.gov.br\/noticias\/2015\/12\/14\/ponte-torta-recebe-afeto-e-elogios-de-moradores\/\">recentemente restaurado como monumento hist\u00f3rico e social<\/a>.<\/p>\n<p><strong><em>Jos\u00e9 Arnaldo de Oliveira<br \/>\nFoto: Arquivo PMJ<\/em><\/strong><\/p>\n","protected":false},"excerpt":{"rendered":"<p>Os artes\u00e3os do programa marcam presen\u00e7a no &#8220;Especial Centro&#8221; na feira da pra\u00e7a do F\u00f3rum e no &#8220;Sexta no Centro&#8221; na pra\u00e7a da Matriz<\/p>\n","protected":false},"author":14,"featured_media":163601,"comment_status":"closed","ping_status":"closed","sticky":false,"template":"","format":"standard","meta":{"footnotes":""},"categories":[2],"tags":[41,29,293,427,632,294,320],"ods":[],"class_list":["post-170126","post","type-post","status-publish","format-standard","has-post-thumbnail","hentry","category-noticias","tag-agricultura-abastecimento-e-turismo","tag-cultura","tag-jundiai-feito-a-mao","tag-ponte-torta","tag-programa-estimulo-a-cultura","tag-sexta-no-centro","tag-varejao-noturno"],"_links":{"self":[{"href":"https:\/\/jundiai.sp.gov.br\/noticias\/wp-json\/wp\/v2\/posts\/170126","targetHints":{"allow":["GET"]}}],"collection":[{"href":"https:\/\/jundiai.sp.gov.br\/noticias\/wp-json\/wp\/v2\/posts"}],"about":[{"href":"https:\/\/jundiai.sp.gov.br\/noticias\/wp-json\/wp\/v2\/types\/post"}],"author":[{"embeddable":true,"href":"https:\/\/jundiai.sp.gov.br\/noticias\/wp-json\/wp\/v2\/users\/14"}],"replies":[{"embeddable":true,"href":"https:\/\/jundiai.sp.gov.br\/noticias\/wp-json\/wp\/v2\/comments?post=170126"}],"version-history":[{"count":9,"href":"https:\/\/jundiai.sp.gov.br\/noticias\/wp-json\/wp\/v2\/posts\/170126\/revisions"}],"predecessor-version":[{"id":170137,"href":"https:\/\/jundiai.sp.gov.br\/noticias\/wp-json\/wp\/v2\/posts\/170126\/revisions\/170137"}],"wp:featuredmedia":[{"embeddable":true,"href":"https:\/\/jundiai.sp.gov.br\/noticias\/wp-json\/wp\/v2\/media\/163601"}],"wp:attachment":[{"href":"https:\/\/jundiai.sp.gov.br\/noticias\/wp-json\/wp\/v2\/media?parent=170126"}],"wp:term":[{"taxonomy":"category","embeddable":true,"href":"https:\/\/jundiai.sp.gov.br\/noticias\/wp-json\/wp\/v2\/categories?post=170126"},{"taxonomy":"post_tag","embeddable":true,"href":"https:\/\/jundiai.sp.gov.br\/noticias\/wp-json\/wp\/v2\/tags?post=170126"},{"taxonomy":"ods","embeddable":true,"href":"https:\/\/jundiai.sp.gov.br\/noticias\/wp-json\/wp\/v2\/ods?post=170126"}],"curies":[{"name":"wp","href":"https:\/\/api.w.org\/{rel}","templated":true}]}}