{"id":170182,"date":"2016-03-07T17:20:21","date_gmt":"2016-03-07T20:20:21","guid":{"rendered":"https:\/\/jundiai.sp.gov.br\/noticias\/?p=170182"},"modified":"2016-11-04T13:14:18","modified_gmt":"2016-11-04T15:14:18","slug":"cultura-discute-futuro-intercambio-com-alunos-da-fatec","status":"publish","type":"post","link":"https:\/\/jundiai.sp.gov.br\/noticias\/2016\/03\/07\/cultura-discute-futuro-intercambio-com-alunos-da-fatec\/","title":{"rendered":"Cultura discute futuro interc\u00e2mbio com alunos da Fatec"},"content":{"rendered":"<p><strong>A Secretaria de <a href=\"http:\/\/cultura.jundiai.sp.gov.br\/\" target=\"_blank\">Cultura<\/a> levou parte de sua equipe e diretorias, na \u00faltima sexta-feira (4), \u00e0 <a href=\"http:\/\/cultura.jundiai.sp.gov.br\/espacos-culturais\/pinacoteca-diogenes-duarte-paes\/\" target=\"_blank\">Pinacoteca Di\u00f3genes Duarte Paes<\/a> para uma conversa\u00e7\u00e3o com os alunos do curso de Eventos da <a href=\"http:\/\/www.fatecjd.edu.br\/site\/\" target=\"_blank\">Fatec de Jundia\u00ed<\/a>, na proposta singular sobre interc\u00e2mbio na produ\u00e7\u00e3o cultural da cidade.<\/strong><\/p>\n<p>O encontro proporcionou a <strong>apresenta\u00e7\u00e3o dos avan\u00e7os da pasta na atual administra\u00e7\u00e3o e aproximou os futuros profissionais \u00e0s possibilidades que o poder p\u00fablico oferece<\/strong>, como, a <strong>interatividade nos grandes eventos, a valoriza\u00e7\u00e3o dos artistas regionais e a revitaliza\u00e7\u00e3o do Centro Hist\u00f3rico de Jundia\u00ed com o \u201cSexta no Centro\u201d<\/strong>, programa de fomento \u00e0 vida noturna na regi\u00e3o central.<\/p>\n<p><strong>LEIA TAMB\u00c9M<\/strong><br \/>\n<a href=\"https:\/\/jundiai.sp.gov.br\/noticias\/2016\/03\/04\/cultura-realiza-encontro-de-coletivos-com-celio-turino\/\">Cultura realiza Encontro de Coletivos com C\u00e9lio Turino<\/a><br \/>\n<a href=\"https:\/\/jundiai.sp.gov.br\/noticias\/2016\/03\/07\/jundiai-feito-a-mao-vem-em-dose-dupla-nesta-sexta-feira-11\/\">\u2018Jundia\u00ed Feito \u00e0 M\u00e3o\u2019 vem em dose dupla nesta sexta-feira (11)<\/a><br \/>\n<a href=\"https:\/\/jundiai.sp.gov.br\/noticias\/2016\/03\/04\/jundiai-participa-de-manifesto-de-gestores-culturais-em-brasilia\/\">Jundia\u00ed participa de manifesto de gestores culturais em Bras\u00edlia<\/a><\/p>\n<p>Para o secret\u00e1rio de Cultura, T\u00e9rcio Marinho, o <strong>encontro marca uma etapa importante na cria\u00e7\u00e3o de oportunidades para atua\u00e7\u00e3o na \u00e1rea de produ\u00e7\u00e3o cultural<\/strong>. \u201cNosso desejo \u00e9 que possamos <strong>contribuir com a forma\u00e7\u00e3o de novos produtores culturais<\/strong> atrav\u00e9s de um <strong>futuro interc\u00e2mbio<\/strong>, que certamente se dar\u00e1 entre as institui\u00e7\u00f5es\u201d, destaca.<\/p>\n<p>O projeto para interc\u00e2mbio dos envolvidos ainda est\u00e1 em estudo. Contudo, em virtude do <strong>crescimento das iniciativas culturais pelo poder p\u00fablico, no \u00faltimo per\u00edodo de pol\u00edtica cultural dentro da gest\u00e3o Pedro Bigardi<\/strong>, a proposta caminha para ser efetivada.<\/p>\n<div id=\"attachment_170187\" style=\"width: 730px\" class=\"wp-caption aligncenter\"><a href=\"https:\/\/jundiai.sp.gov.br\/noticias\/wp-content\/uploads\/sites\/32\/2016\/03\/culturafatectercio.jpg\" rel=\"attachment wp-att-170187\"><img loading=\"lazy\" decoding=\"async\" aria-describedby=\"caption-attachment-170187\" src=\"https:\/\/jundiai.sp.gov.br\/noticias\/wp-content\/uploads\/sites\/32\/2016\/03\/culturafatectercio-720x480.jpg\" alt=\"Secret\u00e1rio apresentou os atuais programas de fomento \u00e0 Cultura em Jundia\u00ed\" width=\"720\" height=\"480\" class=\"size-large wp-image-170187\" srcset=\"https:\/\/jundiai.sp.gov.br\/noticias\/wp-content\/uploads\/sites\/32\/2016\/03\/culturafatectercio-720x480.jpg 720w, https:\/\/jundiai.sp.gov.br\/noticias\/wp-content\/uploads\/sites\/32\/2016\/03\/culturafatectercio-300x200.jpg 300w, https:\/\/jundiai.sp.gov.br\/noticias\/wp-content\/uploads\/sites\/32\/2016\/03\/culturafatectercio-768x512.jpg 768w, https:\/\/jundiai.sp.gov.br\/noticias\/wp-content\/uploads\/sites\/32\/2016\/03\/culturafatectercio.jpg 1240w\" sizes=\"auto, (max-width: 720px) 100vw, 720px\" \/><\/a><p id=\"caption-attachment-170187\" class=\"wp-caption-text\">Secret\u00e1rio apresentou os atuais programas de fomento \u00e0 Cultura em Jundia\u00ed<\/p><\/div>\n<p><strong><em>Assessoria de Imprensa<br \/>\nFoto: Fot\u00f3grafos PMJ<\/em><\/strong><\/p>\n","protected":false},"excerpt":{"rendered":"<p>A Secretaria de Cultura levou parte de sua equipe e diretorias, na \u00faltima sexta-feira (4), \u00e0 Pinacoteca Di\u00f3genes Duarte Paes para uma conversa\u00e7\u00e3o com os alunos do curso de Eventos da Fatec de Jundia\u00ed, na proposta singular sobre interc\u00e2mbio na produ\u00e7\u00e3o cultural da cidade. O encontro proporcionou a apresenta\u00e7\u00e3o dos avan\u00e7os da pasta na atual [&hellip;]<\/p>\n","protected":false},"author":14,"featured_media":0,"comment_status":"closed","ping_status":"closed","sticky":false,"template":"","format":"standard","meta":{"footnotes":""},"categories":[2],"tags":[29,159,370],"ods":[],"class_list":["post-170182","post","type-post","status-publish","format-standard","hentry","category-noticias","tag-cultura","tag-fatec","tag-pinacoteca-municipal-diogenes-duarte-paes"],"_links":{"self":[{"href":"https:\/\/jundiai.sp.gov.br\/noticias\/wp-json\/wp\/v2\/posts\/170182","targetHints":{"allow":["GET"]}}],"collection":[{"href":"https:\/\/jundiai.sp.gov.br\/noticias\/wp-json\/wp\/v2\/posts"}],"about":[{"href":"https:\/\/jundiai.sp.gov.br\/noticias\/wp-json\/wp\/v2\/types\/post"}],"author":[{"embeddable":true,"href":"https:\/\/jundiai.sp.gov.br\/noticias\/wp-json\/wp\/v2\/users\/14"}],"replies":[{"embeddable":true,"href":"https:\/\/jundiai.sp.gov.br\/noticias\/wp-json\/wp\/v2\/comments?post=170182"}],"version-history":[{"count":4,"href":"https:\/\/jundiai.sp.gov.br\/noticias\/wp-json\/wp\/v2\/posts\/170182\/revisions"}],"predecessor-version":[{"id":170188,"href":"https:\/\/jundiai.sp.gov.br\/noticias\/wp-json\/wp\/v2\/posts\/170182\/revisions\/170188"}],"wp:attachment":[{"href":"https:\/\/jundiai.sp.gov.br\/noticias\/wp-json\/wp\/v2\/media?parent=170182"}],"wp:term":[{"taxonomy":"category","embeddable":true,"href":"https:\/\/jundiai.sp.gov.br\/noticias\/wp-json\/wp\/v2\/categories?post=170182"},{"taxonomy":"post_tag","embeddable":true,"href":"https:\/\/jundiai.sp.gov.br\/noticias\/wp-json\/wp\/v2\/tags?post=170182"},{"taxonomy":"ods","embeddable":true,"href":"https:\/\/jundiai.sp.gov.br\/noticias\/wp-json\/wp\/v2\/ods?post=170182"}],"curies":[{"name":"wp","href":"https:\/\/api.w.org\/{rel}","templated":true}]}}