{"id":170262,"date":"2016-03-08T14:50:56","date_gmt":"2016-03-08T17:50:56","guid":{"rendered":"https:\/\/jundiai.sp.gov.br\/noticias\/?p=170262"},"modified":"2016-11-04T13:24:17","modified_gmt":"2016-11-04T15:24:17","slug":"serra-do-japi-guarda-municipal-anuncia-reforcos-na-protecao","status":"publish","type":"post","link":"https:\/\/jundiai.sp.gov.br\/noticias\/2016\/03\/08\/serra-do-japi-guarda-municipal-anuncia-reforcos-na-protecao\/","title":{"rendered":"Serra do Japi: Guarda Municipal anuncia refor\u00e7os na prote\u00e7\u00e3o"},"content":{"rendered":"<p><strong>Um encontro de integrantes da Divis\u00e3o Florestal, unidade da Guarda Municipal que atua no territ\u00f3rio de gest\u00e3o da <a href=\"http:\/\/serradojapi.jundiai.sp.gov.br\/\">Serra do Japi<\/a>, marcou, nesta ter\u00e7a-feira (8), a entrega dos novos uniformes do grupo e mais uma s\u00e9rie de novidades no trabalho desenvolvido no aspecto da prote\u00e7\u00e3o ambiental. As medidas foram adotadas com prioridade, atendendo a um pedido do prefeito Pedro Bigardi.<\/strong><\/p>\n<p>\u201c<strong>Est\u00e1vamos h\u00e1 18 anos esperando esse equipamento. \u00c9 importante aumentarmos a seguran\u00e7a dos guardas dentro da mata<\/strong>, porque, se na cidade \u00e9 poss\u00edvel chamar refor\u00e7os, dentro da Serra \u00e9 dif\u00edcil passarmos uma localiza\u00e7\u00e3o exata\u201d, explica o subcomandante Paulo Vicente Soares, que participou do evento mesmo ainda convalescente de imprevistos de sa\u00fade.<\/p>\n<p><strong>MAIS SERRA DO JAPI<\/strong><br \/>\n<a href=\"https:\/\/jundiai.sp.gov.br\/noticias\/2016\/03\/08\/serra-do-japi-guarda-municipal-anuncia-reforcos-na-protecao\/\">Guarda Municipal anuncia refor\u00e7os na prote\u00e7\u00e3o<\/a><br \/>\n<a href=\"https:\/\/jundiai.sp.gov.br\/noticias\/2016\/03\/08\/serra-do-japi-fundacao-lanca-portal-na-internet-e-novas-acoes\/\">Funda\u00e7\u00e3o lan\u00e7a portal na internet e novas a\u00e7\u00f5es<\/a><br \/>\n<a href=\"https:\/\/jundiai.sp.gov.br\/noticias\/2016\/03\/08\/serra-do-japi-grupos-do-energiza-jundiai-celebram-tombamento\/\">Grupos do \u2018Energiza Jundia\u00ed\u2019 celebram tombamento<\/a><br \/>\n<a href=\"https:\/\/jundiai.sp.gov.br\/noticias\/2016\/03\/07\/fundacao-serra-do-japi-prepara-novos-circuitos-de-trilhas\/\">Funda\u00e7\u00e3o Serra do Japi prepara novos circuitos de trilhas para visitantes<\/a><\/p>\n<div id=\"attachment_170268\" style=\"width: 730px\" class=\"wp-caption aligncenter\"><a href=\"https:\/\/jundiai.sp.gov.br\/noticias\/wp-content\/uploads\/sites\/32\/2016\/03\/novo_uniforme_gm_-31G.jpg\" rel=\"attachment wp-att-170268\"><img loading=\"lazy\" decoding=\"async\" aria-describedby=\"caption-attachment-170268\" src=\"https:\/\/jundiai.sp.gov.br\/noticias\/wp-content\/uploads\/sites\/32\/2016\/03\/novo_uniforme_gm_-31G.jpg\" alt=\"Guardas apresentam os uniformes que receberam para o trabalho de prote\u00e7\u00e3o \u00e0 Serra do Japi\" width=\"720\" height=\"513\" class=\"size-full wp-image-170268\" \/><\/a><p id=\"caption-attachment-170268\" class=\"wp-caption-text\">Guardas apresentam os uniformes que receberam para o trabalho de prote\u00e7\u00e3o \u00e0 Serra do Japi<\/p><\/div>\n<p><strong>O pacote tamb\u00e9m \u00e9 integrado por uma nova c\u00e2mera de videomonitoramento no chamado posto de vigil\u00e2ncia 1 (levando para dois os equipamentos de vigil\u00e2ncia de inc\u00eandios) e testes de um aparelho extra capaz de detectar bal\u00e3o de tocha acesa a 500 metros de altura acima dele. Duas novas viaturas \u2013 um jipe Troller e uma caminhonete 4&#215;4 equipada para o combate a inc\u00eandios &#8211; tamb\u00e9m refor\u00e7am o trabalho do grupo.<\/strong><\/p>\n<p>\u201c<strong>A conserva\u00e7\u00e3o da Serra do Japi \u00e9 uma das prioridades do governo<\/strong>, que apenas regularizou duas \u00e1reas previstas desde 2002. Mas, com o novo <a href=\"http:\/\/planodiretor.jundiai.sp.gov.br\/\">Plano Diretor<\/a> essa prote\u00e7\u00e3o, vai se estender de um lado com mais cuidados, com o Ribeir\u00e3o Caxambu, e de outro lado, com a Serra dos Cristais, na regi\u00e3o do Castanho. A zona rural e de mananciais tamb\u00e9m fica mais definida, cuidando dessa forma do cintur\u00e3o verde de Jundia\u00ed que garante qualidade de vida e do meio ambiente\u201d, citou o diretor Marcelo Pilon, da Secretaria de Planejamento e Meio Ambiente.<\/p>\n<p><strong>Um conv\u00eanio entre Guarda Municipal e Funda\u00e7\u00e3o Serra do Japi, de acordo com o comandante Jos\u00e9 Roberto Ferraz, \u00e9 um outro passo em prepara\u00e7\u00e3o para melhorar a capacidade de fiscaliza\u00e7\u00e3o do setor p\u00fablico<\/strong>. \u201cMas \u00e9 preciso lembrar que a Serra, embora com grande m\u00e9rito dos jundiaienses em sua preserva\u00e7\u00e3o, n\u00e3o \u00e9 de apenas uma cidade. Vamos refor\u00e7ar a busca de coopera\u00e7\u00e3o nos pr\u00f3ximos encontros do comit\u00ea intermunicipal\u201d, afirmou lembrando que Cabre\u00fava, Cajamar e Pirapora do Bom Jesus tamb\u00e9m possuem partes da Serra do Japi.<\/p>\n<p><strong>A Guarda Municipal tamb\u00e9m deve refor\u00e7ar novamente este ano as campanhas de conscientiza\u00e7\u00e3o de moradores da Serra e do entorno.<br \/>\n<\/strong><br \/>\n<em><strong>Jos\u00e9 Arnaldo de Oliveira<br \/>\nFoto: Fot\u00f3grafos PMJ<\/strong><\/em><\/p>\n","protected":false},"excerpt":{"rendered":"<p>Um encontro de integrantes da Divis\u00e3o Florestal, unidade da Guarda Municipal que atua no territ\u00f3rio de gest\u00e3o da Serra do Japi, marcou, nesta ter\u00e7a-feira (8), a entrega dos novos uniformes do grupo e mais uma s\u00e9rie de novidades no trabalho desenvolvido no aspecto da prote\u00e7\u00e3o ambiental. As medidas foram adotadas com prioridade, atendendo a um [&hellip;]<\/p>\n","protected":false},"author":21,"featured_media":0,"comment_status":"closed","ping_status":"closed","sticky":false,"template":"","format":"standard","meta":{"footnotes":""},"categories":[2],"tags":[80,574,31,32,559,323],"ods":[],"class_list":["post-170262","post","type-post","status-publish","format-standard","hentry","category-noticias","tag-divisao-florestal","tag-fundacao-serra-do-japi","tag-guarda-municipal","tag-planejamento-e-meio-ambiente","tag-plano-diretor-participativo","tag-serra-do-japi"],"_links":{"self":[{"href":"https:\/\/jundiai.sp.gov.br\/noticias\/wp-json\/wp\/v2\/posts\/170262","targetHints":{"allow":["GET"]}}],"collection":[{"href":"https:\/\/jundiai.sp.gov.br\/noticias\/wp-json\/wp\/v2\/posts"}],"about":[{"href":"https:\/\/jundiai.sp.gov.br\/noticias\/wp-json\/wp\/v2\/types\/post"}],"author":[{"embeddable":true,"href":"https:\/\/jundiai.sp.gov.br\/noticias\/wp-json\/wp\/v2\/users\/21"}],"replies":[{"embeddable":true,"href":"https:\/\/jundiai.sp.gov.br\/noticias\/wp-json\/wp\/v2\/comments?post=170262"}],"version-history":[{"count":6,"href":"https:\/\/jundiai.sp.gov.br\/noticias\/wp-json\/wp\/v2\/posts\/170262\/revisions"}],"predecessor-version":[{"id":170304,"href":"https:\/\/jundiai.sp.gov.br\/noticias\/wp-json\/wp\/v2\/posts\/170262\/revisions\/170304"}],"wp:attachment":[{"href":"https:\/\/jundiai.sp.gov.br\/noticias\/wp-json\/wp\/v2\/media?parent=170262"}],"wp:term":[{"taxonomy":"category","embeddable":true,"href":"https:\/\/jundiai.sp.gov.br\/noticias\/wp-json\/wp\/v2\/categories?post=170262"},{"taxonomy":"post_tag","embeddable":true,"href":"https:\/\/jundiai.sp.gov.br\/noticias\/wp-json\/wp\/v2\/tags?post=170262"},{"taxonomy":"ods","embeddable":true,"href":"https:\/\/jundiai.sp.gov.br\/noticias\/wp-json\/wp\/v2\/ods?post=170262"}],"curies":[{"name":"wp","href":"https:\/\/api.w.org\/{rel}","templated":true}]}}