{"id":170394,"date":"2016-03-08T18:44:04","date_gmt":"2016-03-08T21:44:04","guid":{"rendered":"https:\/\/jundiai.sp.gov.br\/noticias\/?p=170394"},"modified":"2016-11-04T13:23:16","modified_gmt":"2016-11-04T15:23:16","slug":"riquezas-da-serra-do-japi-exigem-novas-acoes-diz-evento","status":"publish","type":"post","link":"https:\/\/jundiai.sp.gov.br\/noticias\/2016\/03\/08\/riquezas-da-serra-do-japi-exigem-novas-acoes-diz-evento\/","title":{"rendered":"Riquezas da Serra do Japi exigem novas a\u00e7\u00f5es, diz evento"},"content":{"rendered":"<p><strong>Com grande representa\u00e7\u00e3o de segmentos da cidade, um alerta foi dado no evento dos 33 anos de tombamento da Serra do Japi, que contou com especialistas, nesta ter\u00e7a-feira (8), no audit\u00f3rio do Pa\u00e7o Municipal. O mais importante deles foi dado pelo bi\u00f3logo Jo\u00e3o Vasconcellos-Neto, da Universidade Estadual de Campinas (Unicamp) e um dos criadores da Base Ecol\u00f3gica, sobre o futuro da conex\u00e3o da serra com outras \u00e1reas naturais.<\/strong><\/p>\n<p>\u201cTemos uma <strong>import\u00e2ncia essencial<\/strong> nesta data e temos um paralelo entre a <strong>mobiliza\u00e7\u00e3o pela Serra h\u00e1 mais de tr\u00eas d\u00e9cadas e nossa preocupa\u00e7\u00e3o com a conserva\u00e7\u00e3o da \u00e1rea rural e de mananciais hoje<\/strong>, onde temos a <strong>\u00e1gua como um crit\u00e9rio central<\/strong>\u201d, afirmou a secret\u00e1ria de Planejamento e Meio Ambiente, Daniela da Camara Sutti, em refer\u00eancia ao novo <a href=\"http:\/\/planodiretor.jundiai.sp.gov.br\/\" target=\"_blank\">Plano Diretor Participativo<\/a>.<\/p>\n<p><strong>MAIS SERRA DO JAPI<\/strong><br \/>\n<a href=\"https:\/\/jundiai.sp.gov.br\/noticias\/2016\/03\/08\/serra-do-japi-guarda-municipal-anuncia-reforcos-na-protecao\/\">Guarda Municipal anuncia refor\u00e7os na prote\u00e7\u00e3o<\/a><br \/>\n<a href=\"https:\/\/jundiai.sp.gov.br\/noticias\/2016\/03\/08\/serra-do-japi-fundacao-lanca-portal-na-internet-e-novas-acoes\/\">Funda\u00e7\u00e3o lan\u00e7a portal na internet e novas a\u00e7\u00f5es<\/a><br \/>\n<a href=\"https:\/\/jundiai.sp.gov.br\/noticias\/2016\/03\/08\/serra-do-japi-grupos-do-energiza-jundiai-celebram-tombamento\/\">Grupos do \u2018Energiza Jundia\u00ed\u2019 celebram tombamento<\/a><br \/>\n<a href=\"https:\/\/jundiai.sp.gov.br\/noticias\/2016\/03\/07\/fundacao-serra-do-japi-prepara-novos-circuitos-de-trilhas\/\">Funda\u00e7\u00e3o Serra do Japi prepara novos circuitos de trilhas para visitantes<\/a><\/p>\n<div id=\"attachment_170402\" style=\"width: 730px\" class=\"wp-caption aligncenter\"><a href=\"https:\/\/jundiai.sp.gov.br\/noticias\/wp-content\/uploads\/sites\/32\/2016\/03\/33_anos_tombamento_serra_japi_P-15G.jpg\" rel=\"attachment wp-att-170402\"><img loading=\"lazy\" decoding=\"async\" aria-describedby=\"caption-attachment-170402\" class=\"size-large wp-image-170402\" src=\"https:\/\/jundiai.sp.gov.br\/noticias\/wp-content\/uploads\/sites\/32\/2016\/03\/33_anos_tombamento_serra_japi_P-15G-720x448.jpg\" alt=\"Evento ocupou o audit\u00f3rio do Pa\u00e7o: luta correta de Jundia\u00ed h\u00e1 33 anos \" width=\"720\" height=\"448\" srcset=\"https:\/\/jundiai.sp.gov.br\/noticias\/wp-content\/uploads\/sites\/32\/2016\/03\/33_anos_tombamento_serra_japi_P-15G-720x448.jpg 720w, https:\/\/jundiai.sp.gov.br\/noticias\/wp-content\/uploads\/sites\/32\/2016\/03\/33_anos_tombamento_serra_japi_P-15G-300x187.jpg 300w, https:\/\/jundiai.sp.gov.br\/noticias\/wp-content\/uploads\/sites\/32\/2016\/03\/33_anos_tombamento_serra_japi_P-15G-768x478.jpg 768w, https:\/\/jundiai.sp.gov.br\/noticias\/wp-content\/uploads\/sites\/32\/2016\/03\/33_anos_tombamento_serra_japi_P-15G.jpg 1240w\" sizes=\"auto, (max-width: 720px) 100vw, 720px\" \/><\/a><p id=\"caption-attachment-170402\" class=\"wp-caption-text\">Evento ocupou o audit\u00f3rio do Pa\u00e7o: luta correta de Jundia\u00ed h\u00e1 33 anos<\/p><\/div>\n<p>Para Vasconcellos-Neto, os estudos feitos nesse tempo decorrido desde o tombamento mostram um <strong>aumento de esp\u00e9cies conhecidas (borboletas, por exemplo, passaram de 650 para 900) e o mosaico de forma\u00e7\u00f5es florestais que a Serra abriga guardam esp\u00e9cies vegetais ou animais \u00fanicas por altitudes<\/strong>, por regi\u00f5es da mesma e at\u00e9 pelos solos vari\u00e1veis sobre a base de quartzito.<\/p>\n<p>\u201c\u00c9 importante que munic\u00edpios busquem <strong>reverter a destrui\u00e7\u00e3o e construir a sustentabilidade<\/strong>. Mas precisamos pensar mais ainda no futuro, em <strong>criar corredores verdes<\/strong> entre as forma\u00e7\u00f5es como Serra da Cantareira, Serra do Japi, Serra do Mar e assim por diante, com pontes verdes superando obst\u00e1culos como rodovias\u201d, afirmou ao mostrar diversos casos surpreendentes de esp\u00e9cies desconhecidas ou intera\u00e7\u00f5es entre plantas e animais ou entre diversos tipos de animais que parecem inspirados na fic\u00e7\u00e3o cient\u00edfica.<\/p>\n<p><strong>LEIA TAMB\u00c9M<\/strong><br \/>\n<a href=\"https:\/\/jundiai.sp.gov.br\/noticias\/2016\/01\/18\/ra-inedita-da-serra-do-japi-ganha-repercussao\/\">R\u00e3 in\u00e9dita da Serra do Japi ganha repercuss\u00e3o nacional<\/a><br \/>\n<a href=\"https:\/\/jundiai.sp.gov.br\/noticias\/2016\/01\/20\/jundiai-chega-a-300-especies-de-aves-em-portal-ornitologico\/\">Jundia\u00ed chega a 300 esp\u00e9cies de aves em portal ornitol\u00f3gico<\/a><br \/>\n<a href=\"https:\/\/jundiai.sp.gov.br\/noticias\/2016\/01\/29\/planta-da-serra-do-japi-motiva-estudo-inedito-de-disputa-animal\/\">Planta da Serra do Japi motiva estudo in\u00e9dito de disputa animal<\/a><\/p>\n<p>Em outra linguagem, o diretor Marcelo Pilon mostrou que <strong>Jundia\u00ed est\u00e1 prestes a criar o programa Jundia\u00ed Nascentes envolvendo diversos setores para pensar junto a \u00e1gua e as <a href=\"https:\/\/jundiai.sp.gov.br\/noticias\/2016\/02\/01\/trabalho-muda-bacias-e-mapeia-14-mil-nascentes-de-jundiai\/\">condi\u00e7\u00f5es naturais de nascentes e de recarga<\/a>, e isso est\u00e1 sendo integrado ao planejamento urbano<\/strong>.<\/p>\n<div id=\"attachment_170405\" style=\"width: 410px\" class=\"wp-caption alignright\"><a href=\"https:\/\/jundiai.sp.gov.br\/noticias\/wp-content\/uploads\/sites\/32\/2016\/03\/33_anos_tombamento_serra_japi_P-26G-2.jpg\" rel=\"attachment wp-att-170405\"><img loading=\"lazy\" decoding=\"async\" aria-describedby=\"caption-attachment-170405\" class=\"size-large wp-image-170405\" src=\"https:\/\/jundiai.sp.gov.br\/noticias\/wp-content\/uploads\/sites\/32\/2016\/03\/33_anos_tombamento_serra_japi_P-26G-2-720x470.jpg\" alt=\"Pilon apresenta o evento, com Jo\u00e3o Vasconcellos-Neto e Daniela da Camara na primeira fila\" width=\"400\" height=\"350\" \/><\/a><p id=\"caption-attachment-170405\" class=\"wp-caption-text\">Pilon apresenta o evento, com Jo\u00e3o Vasconcellos-Neto e Daniela da Camara na primeira fila<\/p><\/div>\n<p>Al\u00e9m de mostrar <strong>imagens captadas por c\u00e2meras noturnas de esp\u00e9cies animais<\/strong>, a equipe lembrou das <strong>mobiliza\u00e7\u00f5es de jundiaienses nas passeatas ecol\u00f3gicas de 1978<\/strong> e indicou a <strong>can\u00e7\u00e3o de F\u00e1bio Porte para a Serra do Japi<\/strong>.<\/p>\n<p>O evento tamb\u00e9m contou com a presen\u00e7a da historiadora Elisabete Mitiko Watanabe e do arquiteto urbanista Elizeu Marcos Franco, especialistas do <a href=\"http:\/\/www.cultura.sp.gov.br\/portal\/site\/SEC\/menuitem.fe8f17d002247c2c53bbcfeae2308ca0\/?vgnextoid=963c6ed1306b0210VgnVCM1000002e03c80aRCRD\" target=\"_blank\">Conselho de Defesa do Patrim\u00f4nio Hist\u00f3rico do Estado de S\u00e3o Paulo (Condephaat)<\/a>. A moradora Yone Guatta, do bairro Santa Clara, levantou quest\u00e3o tamb\u00e9m sobre o <strong>lado hist\u00f3rico da Serra<\/strong> como uma pequena igreja de 1917 mantida pela comunidade.<\/p>\n<p>O evento reuniu um p\u00fablico variado como os diretores das Secretarias: de\u00a0Agricultura, Abastecimento e Turismo,\u00a0Gilberto Bardi; de\u00a0Desenvolvimento Econ\u00f4mico, Ci\u00eancia e Tecnologia,\u00a0Gilson Pichioli; de\u00a0t\u00e9cnicos como Martin Ribeiro (DAE) e tamb\u00e9m a presidente do IAB Jundia\u00ed, Rosana Ferrari; a coordenadora da Associa\u00e7\u00e3o Mata Ciliar, Cristina Adami; a pesquisadora Cl\u00e1udia Yoshida; a presidente do Conselho de Gest\u00e3o da Serra, Paula Siqueira; a presidente do Conselho de Defesa do Meio Ambiente, S\u00edlvia Merlo; a t\u00e9cnica Luciana Maretti; a soci\u00f3loga do <a href=\"http:\/\/cultura.jundiai.sp.gov.br\/espacos-culturais\/museu-historico-e-cultural-de-jundiai\/\" target=\"_blank\">Museu Hist\u00f3rico e Cultural<\/a>, Creusa Claudino; a bi\u00f3loga Isabella Baroni; o arquiteto Nivaldo Calegari; o monitor da serra Eduardo Pontes e muitos outros moradores, profissionais e t\u00e9cnicos.<\/p>\n<p><strong><em>Jos\u00e9 Arnaldo de Oliveira<br \/>\nFotos: Paulo Gr\u00e9gio<\/em><\/strong><\/p>\n","protected":false},"excerpt":{"rendered":"<p>Com grande representa\u00e7\u00e3o de segmentos da cidade, um alerta foi dado no evento dos 33 anos de tombamento da Serra do Japi, que contou com especialistas, nesta ter\u00e7a-feira (8), no audit\u00f3rio do Pa\u00e7o Municipal. O mais importante deles foi dado pelo bi\u00f3logo Jo\u00e3o Vasconcellos-Neto, da Universidade Estadual de Campinas (Unicamp) e um dos criadores da [&hellip;]<\/p>\n","protected":false},"author":14,"featured_media":0,"comment_status":"closed","ping_status":"closed","sticky":false,"template":"","format":"standard","meta":{"footnotes":""},"categories":[2],"tags":[32,559,323],"ods":[],"class_list":["post-170394","post","type-post","status-publish","format-standard","hentry","category-noticias","tag-planejamento-e-meio-ambiente","tag-plano-diretor-participativo","tag-serra-do-japi"],"_links":{"self":[{"href":"https:\/\/jundiai.sp.gov.br\/noticias\/wp-json\/wp\/v2\/posts\/170394","targetHints":{"allow":["GET"]}}],"collection":[{"href":"https:\/\/jundiai.sp.gov.br\/noticias\/wp-json\/wp\/v2\/posts"}],"about":[{"href":"https:\/\/jundiai.sp.gov.br\/noticias\/wp-json\/wp\/v2\/types\/post"}],"author":[{"embeddable":true,"href":"https:\/\/jundiai.sp.gov.br\/noticias\/wp-json\/wp\/v2\/users\/14"}],"replies":[{"embeddable":true,"href":"https:\/\/jundiai.sp.gov.br\/noticias\/wp-json\/wp\/v2\/comments?post=170394"}],"version-history":[{"count":6,"href":"https:\/\/jundiai.sp.gov.br\/noticias\/wp-json\/wp\/v2\/posts\/170394\/revisions"}],"predecessor-version":[{"id":170409,"href":"https:\/\/jundiai.sp.gov.br\/noticias\/wp-json\/wp\/v2\/posts\/170394\/revisions\/170409"}],"wp:attachment":[{"href":"https:\/\/jundiai.sp.gov.br\/noticias\/wp-json\/wp\/v2\/media?parent=170394"}],"wp:term":[{"taxonomy":"category","embeddable":true,"href":"https:\/\/jundiai.sp.gov.br\/noticias\/wp-json\/wp\/v2\/categories?post=170394"},{"taxonomy":"post_tag","embeddable":true,"href":"https:\/\/jundiai.sp.gov.br\/noticias\/wp-json\/wp\/v2\/tags?post=170394"},{"taxonomy":"ods","embeddable":true,"href":"https:\/\/jundiai.sp.gov.br\/noticias\/wp-json\/wp\/v2\/ods?post=170394"}],"curies":[{"name":"wp","href":"https:\/\/api.w.org\/{rel}","templated":true}]}}