{"id":170450,"date":"2016-03-09T15:02:37","date_gmt":"2016-03-09T18:02:37","guid":{"rendered":"https:\/\/jundiai.sp.gov.br\/noticias\/?p=170450"},"modified":"2016-11-04T13:16:18","modified_gmt":"2016-11-04T15:16:18","slug":"guarda-municipal-ganha-reforco-de-efetivo-com-formatura-de-alunos","status":"publish","type":"post","link":"https:\/\/jundiai.sp.gov.br\/noticias\/2016\/03\/09\/guarda-municipal-ganha-reforco-de-efetivo-com-formatura-de-alunos\/","title":{"rendered":"Guarda Municipal ganha refor\u00e7o de efetivo com formatura de alunos"},"content":{"rendered":"<p><strong>A seguran\u00e7a \u00e9 colocada como um dos segmentos priorit\u00e1rios da administra\u00e7\u00e3o do prefeito Pedro Bigardi e os frequentes investimentos no setor comprovam a materializa\u00e7\u00e3o do plano de metas voltado \u00e0 seguran\u00e7a p\u00fablica. Nesta quinta-feira (10), mais uma etapa vai ser cumprida com a solenidade de formatura do novo grupo de guardas municipais.<br \/>\n<\/strong><br \/>\n<strong>O evento est\u00e1 marcado para as 10h no pavilh\u00e3o principal do Parque Comendador Ant\u00f4nio Carbonari, o Parque da Uva<\/strong>, e contar\u00e1 com a presen\u00e7a de autoridades pol\u00edticas, militares e civis, al\u00e9m da banda da GM de Itapevi. Sessenta homens e mulheres participaram do <strong>curso de forma\u00e7\u00e3o durante cinco meses, somando 800 horas\/aula, entre teoria e pr\u00e1tica.<\/strong><\/p>\n<p>\u201cO grupo foi muito bem preparado e est\u00e1 pronto para contribuir no importante papel que lhe compete junto \u00e0 sociedade\u201d, diz o coordenador de Instru\u00e7\u00e3o e Forma\u00e7\u00e3o, D\u00eanis Berni. O respons\u00e1vel pelo treinamento informou que o <strong>grupo vai ser dividido em todas as divis\u00f5es da guarda, de acordo com a aptid\u00e3o e necessidade.<\/strong><\/p>\n<div id=\"attachment_170454\" style=\"width: 730px\" class=\"wp-caption aligncenter\"><a href=\"https:\/\/jundiai.sp.gov.br\/noticias\/wp-content\/uploads\/sites\/32\/2016\/03\/gm_1G.jpg\" rel=\"attachment wp-att-170454\"><img loading=\"lazy\" decoding=\"async\" aria-describedby=\"caption-attachment-170454\" class=\"size-full wp-image-170454\" src=\"https:\/\/jundiai.sp.gov.br\/noticias\/wp-content\/uploads\/sites\/32\/2016\/03\/gm_1G.jpg\" alt=\"Curso de mais de cinco meses chega ao final e alunos passam a fazer parte do efetivo da GM\" width=\"720\" height=\"513\" \/><\/a><p id=\"caption-attachment-170454\" class=\"wp-caption-text\">Curso de mais de cinco meses chega ao final e alunos passam a fazer parte do efetivo da GM<\/p><\/div>\n<p>Al\u00e9m dos 60 integrantes de Jundia\u00ed, participaram da prepara\u00e7\u00e3o 28 alunos que v\u00e3o fortalecer as corpora\u00e7\u00f5es de Itupeva, Campo Limpo Paulista e Jarinu. <strong>Com a chegada dos novos guardas, o efetivo da GM de Jundia\u00ed passar\u00e1 a ter 400 guardas. <\/strong><\/p>\n<p>Durante o curso, os alunos participaram de palestras de \u00f3rg\u00e3os p\u00fablicos, como Defensoria P\u00fablica, Conselho Municipal do Idoso, Conselho da Mulher, Conselho Tutelar, al\u00e9m de instru\u00e7\u00f5es e legisla\u00e7\u00e3o ambiental com caminhada na <a href=\"http:\/\/serradojapi.jundiai.sp.gov.br\/\">Serra do Japi<\/a>, defesa pessoal, armamento n\u00e3o letal com pistolas eletrochoque, treinamento de tiros com rev\u00f3lver calibres 38 e 12 e pistola 380.<\/p>\n<p>Os alunos tamb\u00e9m participaram de a\u00e7\u00f5es de abordagem em ve\u00edculos em viaturas e em motos, controle de dist\u00farbios e ordem unida, al\u00e9m de aulas sobre legisla\u00e7\u00e3o penal e direitos humanos.<\/p>\n<p>O comandante da GM de Jundia\u00ed, Jos\u00e9 Roberto Ferraz, explicou que os treinamentos fazem parte do Plano de Ensino e Grade Curricular de forma\u00e7\u00e3o, capacita\u00e7\u00e3o e prepara\u00e7\u00e3o de novos guardas, conforme compet\u00eancias e atribui\u00e7\u00f5es inerentes ao profissional de seguran\u00e7a municipal.<\/p>\n<p><strong>LEIA TAMB\u00c9M<\/strong><br \/>\n<a href=\"https:\/\/jundiai.sp.gov.br\/noticias\/2016\/03\/08\/serra-do-japi-guarda-municipal-anuncia-reforcos-na-protecao\/\">Serra do Japi: Guarda Municipal anuncia refor\u00e7os na prote\u00e7\u00e3o<\/a><br \/>\n<a href=\"https:\/\/jundiai.sp.gov.br\/noticias\/2016\/03\/07\/guardas-da-ronda-escolar-fazem-campanha-de-incentivo-a-leitura\/\">Guardas da Ronda Escolar fazem campanha de incentivo \u00e0 leitura<\/a><\/p>\n<p>\u201cA corpora\u00e7\u00e3o busca atender as diretrizes estabelecidas pelo Programa Nacional de Seguran\u00e7a P\u00fablica e Cidadania (Pronasci) e pela Secretaria Nacional de Seguran\u00e7a P\u00fablica (Senasp), quanto \u00e0 normatiza\u00e7\u00e3o e padroniza\u00e7\u00e3o de a\u00e7\u00f5es voltadas \u00e0 Pol\u00edtica de Seguran\u00e7a P\u00fablica Municipal\u201d, explica.<\/p>\n<p>A \u00faltima cerim\u00f4nia de forma\u00e7\u00e3o de turma de novos guardas aconteceu em agosto de 2014, quando foram admitidos 55 guardas municipais em evento realizado no Parque da Uva.<\/p>\n<p><strong>Esta nova formatura faz parte do contexto do Plano de Seguran\u00e7a Municipal estabelecido pelo prefeito Pedro Bigardi, que em pouco mais de tr\u00eas anos aumentou o efetivo da Guarda Municipal de Jundia\u00ed em 40%<\/strong>. &#8220;Outro ponto importante \u00e9 que o crescimento da corpora\u00e7\u00e3o permite que o trabalho integrado desenvolvido em parceria com as demais for\u00e7as de seguran\u00e7a possa ser ampliado e aperfei\u00e7oado\u201d, ressalta o coordenador especial do Gabinete de Gest\u00e3o Integrada (GGIM), Jos\u00e9 Carlos Pires.<\/p>\n<p><em><strong>Assessoria de Imprensa<br \/>\nFoto: Fot\u00f3grafos PMJ<\/strong><\/em><\/p>\n","protected":false},"excerpt":{"rendered":"<p>Ap\u00f3s solenidade desta quinta-feira (10), \u00e0s 10h, no Parque da Uva, grupo vai ser dividido em todas as divis\u00f5es da guarda<\/p>\n","protected":false},"author":21,"featured_media":170463,"comment_status":"closed","ping_status":"closed","sticky":false,"template":"","format":"standard","meta":{"footnotes":""},"categories":[2],"tags":[31,276,560],"ods":[],"class_list":["post-170450","post","type-post","status-publish","format-standard","has-post-thumbnail","hentry","category-noticias","tag-guarda-municipal","tag-parque-da-uva","tag-plano-de-seguranca-publica-e-cidadania"],"_links":{"self":[{"href":"https:\/\/jundiai.sp.gov.br\/noticias\/wp-json\/wp\/v2\/posts\/170450","targetHints":{"allow":["GET"]}}],"collection":[{"href":"https:\/\/jundiai.sp.gov.br\/noticias\/wp-json\/wp\/v2\/posts"}],"about":[{"href":"https:\/\/jundiai.sp.gov.br\/noticias\/wp-json\/wp\/v2\/types\/post"}],"author":[{"embeddable":true,"href":"https:\/\/jundiai.sp.gov.br\/noticias\/wp-json\/wp\/v2\/users\/21"}],"replies":[{"embeddable":true,"href":"https:\/\/jundiai.sp.gov.br\/noticias\/wp-json\/wp\/v2\/comments?post=170450"}],"version-history":[{"count":8,"href":"https:\/\/jundiai.sp.gov.br\/noticias\/wp-json\/wp\/v2\/posts\/170450\/revisions"}],"predecessor-version":[{"id":170495,"href":"https:\/\/jundiai.sp.gov.br\/noticias\/wp-json\/wp\/v2\/posts\/170450\/revisions\/170495"}],"wp:featuredmedia":[{"embeddable":true,"href":"https:\/\/jundiai.sp.gov.br\/noticias\/wp-json\/wp\/v2\/media\/170463"}],"wp:attachment":[{"href":"https:\/\/jundiai.sp.gov.br\/noticias\/wp-json\/wp\/v2\/media?parent=170450"}],"wp:term":[{"taxonomy":"category","embeddable":true,"href":"https:\/\/jundiai.sp.gov.br\/noticias\/wp-json\/wp\/v2\/categories?post=170450"},{"taxonomy":"post_tag","embeddable":true,"href":"https:\/\/jundiai.sp.gov.br\/noticias\/wp-json\/wp\/v2\/tags?post=170450"},{"taxonomy":"ods","embeddable":true,"href":"https:\/\/jundiai.sp.gov.br\/noticias\/wp-json\/wp\/v2\/ods?post=170450"}],"curies":[{"name":"wp","href":"https:\/\/api.w.org\/{rel}","templated":true}]}}