{"id":171354,"date":"2016-03-17T18:52:46","date_gmt":"2016-03-17T21:52:46","guid":{"rendered":"https:\/\/jundiai.sp.gov.br\/noticias\/?p=171354"},"modified":"2019-09-16T09:03:09","modified_gmt":"2019-09-16T12:03:09","slug":"prefeitura-lanca-site-de-combate-ao-aedes","status":"publish","type":"post","link":"https:\/\/jundiai.sp.gov.br\/noticias\/2016\/03\/17\/prefeitura-lanca-site-de-combate-ao-aedes\/","title":{"rendered":"Prefeitura lan\u00e7a site de \u2018Combate ao Aedes\u2019 em reuni\u00e3o de Comit\u00ea"},"content":{"rendered":"<p><strong>Com objetivo de divulgar informa\u00e7\u00f5es sobre o <em>Aedes aegypti<\/em>, mosquito transmissor da dengue, febre chikungunya e zika v\u00edrus, a Prefeitura criou o site <em>Combate ao Aedes<\/em>, que j\u00e1 est\u00e1 no ar na internet.<\/strong><\/p>\n<p><strong>LEIA TAMB\u00c9M<\/strong><br \/>\n<a href=\"https:\/\/jundiai.sp.gov.br\/noticias\/2016\/03\/17\/servicos-publicos-aperta-o-cerco-contra-o-aedes\/\">Servi\u00e7os P\u00fablicos aperta o cerco contra o Aedes<\/a><\/p>\n<div id=\"attachment_171355\" style=\"width: 340px\" class=\"wp-caption alignleft\"><a href=\"https:\/\/jundiai.sp.gov.br\/noticias\/wp-content\/uploads\/sites\/32\/2016\/03\/aedes_2G.jpg\" rel=\"attachment wp-att-171355\"><img loading=\"lazy\" decoding=\"async\" aria-describedby=\"caption-attachment-171355\" class=\"size-large wp-image-171355\" src=\"https:\/\/jundiai.sp.gov.br\/noticias\/wp-content\/uploads\/sites\/32\/2016\/03\/aedes_2G-565x960.jpg\" alt=\"Site j\u00e1 est\u00e1 no ar\" width=\"330\" height=\"370\" \/><\/a><p id=\"caption-attachment-171355\" class=\"wp-caption-text\">Site j\u00e1 est\u00e1 no ar<\/p><\/div>\n<p>O projeto para cria\u00e7\u00e3o desse canal de informa\u00e7\u00e3o foi uma das <strong>a\u00e7\u00f5es propostas pelo Comit\u00ea Municipal de Combate ao <em>Aedes aegypti<\/em><\/strong>, <a href=\"https:\/\/jundiai.sp.gov.br\/noticias\/2015\/12\/08\/prefeito-lanca-comite-municipal-de-controle-do-aedes-aegypti\/\">criado no fim do ano passado pelo prefeito Pedro Bigardi<\/a> e que re\u00fane representantes de diversas secretarias do Poder Executivo local.<\/p>\n<p>Oficializado e apresentado nesta quinta-feira (17) aos integrantes do Comit\u00ea durante reuni\u00e3o ordin\u00e1ria do grupo, o <strong>site re\u00fane informa\u00e7\u00f5es sobre transmiss\u00e3o, sintomas, preven\u00e7\u00e3o e tratamento da dengue, chikungunya e zika, al\u00e9m de not\u00edcias atualizadas das a\u00e7\u00f5es realizadas pela Prefeitura no combate ao mosquito<\/strong>. Al\u00e9m disso, apresenta um <strong>mapa atualizado com os casos confirmados das doen\u00e7as na cidade<\/strong>.<\/p>\n<p><strong>Educa\u00e7\u00e3o <\/strong><br \/>\nDurante a reuni\u00e3o, o gerente da Unidade de Vigil\u00e2ncia de Zoonoses, Carlos Ozahata, <strong>atualizou as informa\u00e7\u00f5es sobre a situa\u00e7\u00e3o epidemiol\u00f3gica na cidade que, segundo ele, est\u00e1 mais tranquila em compara\u00e7\u00e3o ao mesmo per\u00edodo do ano passado<\/strong>. Nos <strong>dois primeiros meses de 2015<\/strong> foram confirmados <strong>623<\/strong> casos de dengue na cidade. Este ano, foram <strong>97<\/strong>.<\/p>\n<p>Ozahata tamb\u00e9m mostrou a situa\u00e7\u00e3o no Estado e na Regi\u00e3o Sudeste. \u201cA <strong>distribui\u00e7\u00e3o do sorotipo<\/strong> da dengue que est\u00e1 circulando na nossa regi\u00e3o \u00e9 o <strong>tipo 1<\/strong>, o mesmo da grande maioria dos casos registrados no ano passado. <strong>Isso \u00e9 bom, pois as pessoas que contra\u00edram esse sorotipo est\u00e3o imunes<\/strong>\u201d, explicou.<\/p>\n<p>O comit\u00ea definiu ainda uma <strong>nova a\u00e7\u00e3o<\/strong> com a Secretaria de Educa\u00e7\u00e3o. Na pr\u00f3xima semana, durante a hora de capacita\u00e7\u00e3o dos professores do Ensino Fundamental da rede municipal. <strong>\u201cVamos incluir o Aedes aegypti na forma\u00e7\u00e3o\u201d<\/strong>, destacou a supervisora de Educa\u00e7\u00e3o Ambiental, Claudete Formis.<\/p>\n<div id=\"attachment_171357\" style=\"width: 730px\" class=\"wp-caption aligncenter\"><a href=\"https:\/\/jundiai.sp.gov.br\/noticias\/wp-content\/uploads\/sites\/32\/2016\/03\/ALE8393g.jpg\" rel=\"attachment wp-att-171357\"><img loading=\"lazy\" decoding=\"async\" aria-describedby=\"caption-attachment-171357\" class=\"size-large wp-image-171357\" src=\"https:\/\/jundiai.sp.gov.br\/noticias\/wp-content\/uploads\/sites\/32\/2016\/03\/ALE8393g-720x467.jpg\" alt=\"Comit\u00ea se reuniu nesta quinta-feira (17)\" width=\"720\" height=\"467\" srcset=\"https:\/\/jundiai.sp.gov.br\/noticias\/wp-content\/uploads\/sites\/32\/2016\/03\/ALE8393g-720x467.jpg 720w, https:\/\/jundiai.sp.gov.br\/noticias\/wp-content\/uploads\/sites\/32\/2016\/03\/ALE8393g-300x195.jpg 300w, https:\/\/jundiai.sp.gov.br\/noticias\/wp-content\/uploads\/sites\/32\/2016\/03\/ALE8393g-768x499.jpg 768w, https:\/\/jundiai.sp.gov.br\/noticias\/wp-content\/uploads\/sites\/32\/2016\/03\/ALE8393g.jpg 1240w\" sizes=\"auto, (max-width: 720px) 100vw, 720px\" \/><\/a><p id=\"caption-attachment-171357\" class=\"wp-caption-text\">Comit\u00ea se reuniu nesta quinta-feira (17)<\/p><\/div>\n<p><strong><em>Niza Souza<br \/>\nFoto: Alessandro Rosman<\/em><\/strong><\/p>\n","protected":false},"excerpt":{"rendered":"<p>Site re\u00fane informa\u00e7\u00f5es sobre transmiss\u00e3o, sintomas, preven\u00e7\u00e3o e tratamento da dengue, chikungunya e zika, al\u00e9m de not\u00edcias <\/p>\n","protected":false},"author":14,"featured_media":171365,"comment_status":"closed","ping_status":"closed","sticky":false,"template":"","format":"standard","meta":{"footnotes":""},"categories":[2],"tags":[856,6,3],"ods":[],"class_list":["post-171354","post","type-post","status-publish","format-standard","has-post-thumbnail","hentry","category-noticias","tag-campanha-de-combate-ao-aedes","tag-educacao","tag-saude"],"_links":{"self":[{"href":"https:\/\/jundiai.sp.gov.br\/noticias\/wp-json\/wp\/v2\/posts\/171354","targetHints":{"allow":["GET"]}}],"collection":[{"href":"https:\/\/jundiai.sp.gov.br\/noticias\/wp-json\/wp\/v2\/posts"}],"about":[{"href":"https:\/\/jundiai.sp.gov.br\/noticias\/wp-json\/wp\/v2\/types\/post"}],"author":[{"embeddable":true,"href":"https:\/\/jundiai.sp.gov.br\/noticias\/wp-json\/wp\/v2\/users\/14"}],"replies":[{"embeddable":true,"href":"https:\/\/jundiai.sp.gov.br\/noticias\/wp-json\/wp\/v2\/comments?post=171354"}],"version-history":[{"count":12,"href":"https:\/\/jundiai.sp.gov.br\/noticias\/wp-json\/wp\/v2\/posts\/171354\/revisions"}],"predecessor-version":[{"id":234365,"href":"https:\/\/jundiai.sp.gov.br\/noticias\/wp-json\/wp\/v2\/posts\/171354\/revisions\/234365"}],"wp:featuredmedia":[{"embeddable":true,"href":"https:\/\/jundiai.sp.gov.br\/noticias\/wp-json\/wp\/v2\/media\/171365"}],"wp:attachment":[{"href":"https:\/\/jundiai.sp.gov.br\/noticias\/wp-json\/wp\/v2\/media?parent=171354"}],"wp:term":[{"taxonomy":"category","embeddable":true,"href":"https:\/\/jundiai.sp.gov.br\/noticias\/wp-json\/wp\/v2\/categories?post=171354"},{"taxonomy":"post_tag","embeddable":true,"href":"https:\/\/jundiai.sp.gov.br\/noticias\/wp-json\/wp\/v2\/tags?post=171354"},{"taxonomy":"ods","embeddable":true,"href":"https:\/\/jundiai.sp.gov.br\/noticias\/wp-json\/wp\/v2\/ods?post=171354"}],"curies":[{"name":"wp","href":"https:\/\/api.w.org\/{rel}","templated":true}]}}