{"id":171589,"date":"2016-03-21T15:05:09","date_gmt":"2016-03-21T18:05:09","guid":{"rendered":"https:\/\/jundiai.sp.gov.br\/noticias\/?p=171589"},"modified":"2019-09-16T08:57:32","modified_gmt":"2019-09-16T11:57:32","slug":"professores-participam-de-capacitacao-sobre-combate-ao-aedes-aegypti","status":"publish","type":"post","link":"https:\/\/jundiai.sp.gov.br\/noticias\/2016\/03\/21\/professores-participam-de-capacitacao-sobre-combate-ao-aedes-aegypti\/","title":{"rendered":"Professores participam de capacita\u00e7\u00e3o sobre combate ao Aedes"},"content":{"rendered":"<p><iframe loading=\"lazy\" class=\"alignleft\" src=\"https:\/\/www.youtube.com\/embed\/OB1-7m2T2Rs\" width=\"420\" height=\"315\" frameborder=\"0\" allowfullscreen=\"allowfullscreen\"><\/iframe><strong>Mais de 800 professores da rede municipal de ensino participaram, nesta segunda-feira (21), de uma palestra sobre educa\u00e7\u00e3o ambiental em ambiente urbano, no audit\u00f3rio da Universidade Paulista (Unip). A atividade, al\u00e9m de integrar a programa\u00e7\u00e3o de forma\u00e7\u00f5es do N\u00facleo de Educa\u00e7\u00e3o Socioambiental da Secretaria de Educa\u00e7\u00e3o, vem ao encontro dos trabalhos desenvolvidos pelo Comit\u00ea Municipal de Combate ao Aedes aegypti, criado no fim do ano passado pelo prefeito Pedro Bigardi e que re\u00fane representantes de diversas secretarias do Poder Executivo local.<\/strong><\/p>\n<p>Ministrada pela biom\u00e9dica da Unidade de Vigil\u00e2ncia de Zoonoses, da Secretaria de Sa\u00fade, Ana L\u00facia de Castro Silva, a palestra refor\u00e7ou a <strong>import\u00e2ncia dos cuidados com o meio ambiente e das medidas preventivas contra doen\u00e7as, especialmente as causadas pelo Aedes aegypti: dengue, febre chikungunya e zika v\u00edrus.<\/strong><br \/>\n<strong>LEIA TAMB\u00c9M<\/strong><br \/>\n<a href=\"https:\/\/jundiai.sp.gov.br\/noticias\/2016\/03\/18\/conselho-de-seguranca-alimentar-abre-inscricoes-para-sociedade-civil\/\">Conselho de Seguran\u00e7a Alimentar abre inscri\u00e7\u00f5es<\/a><br \/>\n<a href=\"https:\/\/jundiai.sp.gov.br\/noticias\/2016\/03\/17\/pedro-bigardi-inaugura-escola-no-vetor-oeste\/\">Prefeito inaugura mais uma escola no Vetor Oeste<\/a><br \/>\n<a href=\"https:\/\/jundiai.sp.gov.br\/noticias\/2016\/03\/17\/criancas-plantam-arvores-na-emeb-duilio-maziero\/\">Crian\u00e7as plantam \u00e1rvores nativas na Emeb Du\u00edlio Maziero<\/a><br \/>\n<a href=\"https:\/\/jundiai.sp.gov.br\/noticias\/2016\/03\/17\/prefeitura-lanca-site-de-combate-ao-aedes\/\">Prefeitura lan\u00e7a site de \u2018Combate ao Aedes\u2019 em reuni\u00e3o de Comit\u00ea<\/a><\/p>\n<div id=\"attachment_171597\" style=\"width: 730px\" class=\"wp-caption aligncenter\"><a href=\"https:\/\/jundiai.sp.gov.br\/noticias\/wp-content\/uploads\/sites\/32\/2016\/03\/Palestra-Zoonoses-a-Educadores_c_7_G.jpg\" rel=\"attachment wp-att-171597\"><img loading=\"lazy\" decoding=\"async\" aria-describedby=\"caption-attachment-171597\" class=\"size-full wp-image-171597\" src=\"https:\/\/jundiai.sp.gov.br\/noticias\/wp-content\/uploads\/sites\/32\/2016\/03\/Palestra-Zoonoses-a-Educadores_c_7_G.jpg\" alt=\"Atividade faz parte das a\u00e7\u00f5es do Comit\u00ea Municipal de combate ao Aedes\" width=\"720\" height=\"513\" \/><\/a><p id=\"caption-attachment-171597\" class=\"wp-caption-text\">Atividade faz parte das a\u00e7\u00f5es do Comit\u00ea Municipal de combate ao Aedes<\/p><\/div>\n<p>\u201cO objetivo principal \u00e9 mostrar as consequ\u00eancias da urbaniza\u00e7\u00e3o desordenada, o aparecimento de animais sinantr\u00f3picos, como morcegos e escorpi\u00f5es, entre outros, e como isso contribui para o aparecimento de doen\u00e7as. A partir do que est\u00e1 sendo abordado, os <strong>professores v\u00e3o poder desenvolver a\u00e7\u00f5es com os alunos e com a comunidade<\/strong>\u201d, explica a supervisora do N\u00facleo de Educa\u00e7\u00e3o Socioambiental, Claudete Formis.<\/p>\n<div id=\"attachment_171598\" style=\"width: 410px\" class=\"wp-caption alignleft\"><a href=\"https:\/\/jundiai.sp.gov.br\/noticias\/wp-content\/uploads\/sites\/32\/2016\/03\/Palestra-Zoonoses-a-Educadores_c_2_G.jpg\" rel=\"attachment wp-att-171598\"><img loading=\"lazy\" decoding=\"async\" aria-describedby=\"caption-attachment-171598\" class=\"size-full wp-image-171598\" src=\"https:\/\/jundiai.sp.gov.br\/noticias\/wp-content\/uploads\/sites\/32\/2016\/03\/Palestra-Zoonoses-a-Educadores_c_2_G.jpg\" alt=\"Ana L\u00facia, da Zoonoses, falou sobre import\u00e2ncia de orientar os alunos\" width=\"400\" height=\"400\" \/><\/a><p id=\"caption-attachment-171598\" class=\"wp-caption-text\">Ana L\u00facia, da Zoonoses, falou sobre import\u00e2ncia de orientar os alunos<\/p><\/div>\n<p><strong>A forma\u00e7\u00e3o continua nesta ter\u00e7a-feira (22), com cerca de 1 mil professores<\/strong>. \u201cCom essa capacita\u00e7\u00e3o, estamos formando mais multiplicadores para levar orienta\u00e7\u00f5es para a sociedade. \u00c9 fundamental que, neste momento, as escolas fa\u00e7am atividades com as crian\u00e7as, principalmente em rela\u00e7\u00e3o ao mosquito Aedes aegypti. Somente mobilizando todos os setores, conseguiremos diminuir a infesta\u00e7\u00e3o do mosquito\u201d, acrescenta Ana L\u00facia.<\/p>\n<p><strong>Na ter\u00e7a-feira (29), ser\u00e1 a vez dos diretores. Eles participam, no Complexo Argos, de um evento para socializa\u00e7\u00e3o dos trabalhos realizados nas escolas municipais para o combate ao Aedes.<br \/>\n<\/strong><br \/>\n<em><strong>Roberta de S\u00e1<br \/>\nFotos: Cleber de Almeida<\/strong><\/em><\/p>\n","protected":false},"excerpt":{"rendered":"<p>Mais de 800 professores da rede municipal de ensino participaram, nesta segunda-feira (21), de uma palestra sobre educa\u00e7\u00e3o ambiental em ambiente urbano, no audit\u00f3rio da Universidade Paulista (Unip). A atividade, al\u00e9m de integrar a programa\u00e7\u00e3o de forma\u00e7\u00f5es do N\u00facleo de Educa\u00e7\u00e3o Socioambiental da Secretaria de Educa\u00e7\u00e3o, vem ao encontro dos trabalhos desenvolvidos pelo Comit\u00ea Municipal [&hellip;]<\/p>\n","protected":false},"author":5,"featured_media":0,"comment_status":"closed","ping_status":"closed","sticky":false,"template":"","format":"standard","meta":{"footnotes":""},"categories":[2],"tags":[856,419,6,362],"ods":[],"class_list":["post-171589","post","type-post","status-publish","format-standard","hentry","category-noticias","tag-campanha-de-combate-ao-aedes","tag-complexo-argos","tag-educacao","tag-unidade-de-vigilancia-de-zoonoses"],"_links":{"self":[{"href":"https:\/\/jundiai.sp.gov.br\/noticias\/wp-json\/wp\/v2\/posts\/171589","targetHints":{"allow":["GET"]}}],"collection":[{"href":"https:\/\/jundiai.sp.gov.br\/noticias\/wp-json\/wp\/v2\/posts"}],"about":[{"href":"https:\/\/jundiai.sp.gov.br\/noticias\/wp-json\/wp\/v2\/types\/post"}],"author":[{"embeddable":true,"href":"https:\/\/jundiai.sp.gov.br\/noticias\/wp-json\/wp\/v2\/users\/5"}],"replies":[{"embeddable":true,"href":"https:\/\/jundiai.sp.gov.br\/noticias\/wp-json\/wp\/v2\/comments?post=171589"}],"version-history":[{"count":7,"href":"https:\/\/jundiai.sp.gov.br\/noticias\/wp-json\/wp\/v2\/posts\/171589\/revisions"}],"predecessor-version":[{"id":234343,"href":"https:\/\/jundiai.sp.gov.br\/noticias\/wp-json\/wp\/v2\/posts\/171589\/revisions\/234343"}],"wp:attachment":[{"href":"https:\/\/jundiai.sp.gov.br\/noticias\/wp-json\/wp\/v2\/media?parent=171589"}],"wp:term":[{"taxonomy":"category","embeddable":true,"href":"https:\/\/jundiai.sp.gov.br\/noticias\/wp-json\/wp\/v2\/categories?post=171589"},{"taxonomy":"post_tag","embeddable":true,"href":"https:\/\/jundiai.sp.gov.br\/noticias\/wp-json\/wp\/v2\/tags?post=171589"},{"taxonomy":"ods","embeddable":true,"href":"https:\/\/jundiai.sp.gov.br\/noticias\/wp-json\/wp\/v2\/ods?post=171589"}],"curies":[{"name":"wp","href":"https:\/\/api.w.org\/{rel}","templated":true}]}}