{"id":171848,"date":"2016-03-23T17:09:20","date_gmt":"2016-03-23T20:09:20","guid":{"rendered":"https:\/\/jundiai.sp.gov.br\/noticias\/?p=171848"},"modified":"2016-11-04T13:20:50","modified_gmt":"2016-11-04T15:20:50","slug":"plano-diretor-e-concluido-no-congresso-da-cidade","status":"publish","type":"post","link":"https:\/\/jundiai.sp.gov.br\/noticias\/2016\/03\/23\/plano-diretor-e-concluido-no-congresso-da-cidade\/","title":{"rendered":"Plano Diretor \u00e9 conclu\u00eddo no Congresso da Cidade"},"content":{"rendered":"<p><strong>Depois de dois anos e quatro meses de trabalho, a vers\u00e3o final do <a href=\"http:\/\/planodiretor.jundiai.sp.gov.br\/\" target=\"_blank\">Plano Diretor Participativo<\/a> foi terminada com os di\u00e1logos e debates do <a href=\"https:\/\/www.youtube.com\/watch?v=ihEVSx0ffW4\" target=\"_blank\">Congresso da Cidade<\/a>. O evento foi iniciado no domingo (20) no audit\u00f3rio da Faculdade de Medicina e precisou de continua\u00e7\u00e3o na segunda (21) e ter\u00e7a-feira (22) no audit\u00f3rio do Pa\u00e7o Municipal.<\/strong><\/p>\n<p><strong>LEIA MAIS<\/strong><br \/>\n<strong><a href=\"http:\/\/planodiretor.jundiai.sp.gov.br\/2016\/03\/prefeito-participa-do-congresso-da-cidade\/\" target=\"_blank\">Prefeito participa do Congresso da Cidade<\/a><\/strong><br \/>\n<a href=\"https:\/\/jundiai.sp.gov.br\/noticias\/2016\/03\/22\/cidade-ganha-programa-nascentes-jundiai\/\" target=\"_blank\"><strong>Cidade ganha Programa \u2018Nascentes Jundia\u00ed\u2019<\/strong><\/a><br \/>\n<a href=\"https:\/\/jundiai.sp.gov.br\/noticias\/2016\/03\/23\/jundiai-leva-urbanismo-caminhavel-a-estudo-nacional\/\" target=\"_blank\"><strong>Jundia\u00ed leva urbanismo caminh\u00e1vel a estudo nacional<\/strong><\/a><\/p>\n<div id=\"attachment_171858\" style=\"width: 730px\" class=\"wp-caption aligncenter\"><a href=\"https:\/\/jundiai.sp.gov.br\/noticias\/wp-content\/uploads\/sites\/32\/2016\/03\/DSCN2102g.jpg\" rel=\"attachment wp-att-171858\"><img loading=\"lazy\" decoding=\"async\" aria-describedby=\"caption-attachment-171858\" class=\"size-large wp-image-171858\" src=\"https:\/\/jundiai.sp.gov.br\/noticias\/wp-content\/uploads\/sites\/32\/2016\/03\/DSCN2102g-720x500.jpg\" alt=\"Uma das delibera\u00e7\u00f5es da plen\u00e1ria final em andamento\" width=\"720\" height=\"500\" srcset=\"https:\/\/jundiai.sp.gov.br\/noticias\/wp-content\/uploads\/sites\/32\/2016\/03\/DSCN2102g-720x500.jpg 720w, https:\/\/jundiai.sp.gov.br\/noticias\/wp-content\/uploads\/sites\/32\/2016\/03\/DSCN2102g-300x208.jpg 300w, https:\/\/jundiai.sp.gov.br\/noticias\/wp-content\/uploads\/sites\/32\/2016\/03\/DSCN2102g-768x533.jpg 768w, https:\/\/jundiai.sp.gov.br\/noticias\/wp-content\/uploads\/sites\/32\/2016\/03\/DSCN2102g.jpg 1240w\" sizes=\"auto, (max-width: 720px) 100vw, 720px\" \/><\/a><p id=\"caption-attachment-171858\" class=\"wp-caption-text\">Uma das delibera\u00e7\u00f5es da plen\u00e1ria final em andamento<\/p><\/div>\n<p>Foram mais de 11 mil participa\u00e7\u00f5es, mais de 160 reuni\u00f5es e oficinas p\u00fablicas, mais de 154 reportagens e 863 propostas de ajustes ou mudan\u00e7as desde o 1\u00ba F\u00f3rum do Plano em abril do ano passado, incluindo o 2\u00ba F\u00f3rum do Plano em setembro e o trabalho dos 102 delegados indicados por setores como poder p\u00fablico, moradores de bairros, empres\u00e1rios urbanos, agricultores, entidades acad\u00eamicas e profissionais, sindicatos e organiza\u00e7\u00f5es n\u00e3o-governamentais.<\/p>\n<p><strong>O resultado \u00e9 um trabalho coletivo in\u00e9dito para a pol\u00edtica territorial do munic\u00edpio nos pr\u00f3ximos dez anos, com um refor\u00e7o da prote\u00e7\u00e3o ambiental, da prote\u00e7\u00e3o dos bairros, do crescimento econ\u00f4mico misto (industrial, comercial, agr\u00edcola ou tur\u00edstico), do acesso de moradores \u00e0 habita\u00e7\u00e3o e da gest\u00e3o participativa sobre a qualidade de vida.<\/strong><\/p>\n<p><strong>Experi\u00eancia de di\u00e1logo<\/strong><br \/>\nUm dos principais pontos desse processo foi o debate entre setores variados da cidade, que passou de alguns confrontos iniciais para um di\u00e1logo aprofundado sobre os valores comuns a todos, como a oferta futura de \u00e1gua e a organiza\u00e7\u00e3o do crescimento urbano.<\/p>\n<p>Das 198 propostas da segunda fase que n\u00e3o alcan\u00e7aram consenso inicial (com mais de uma posi\u00e7\u00e3o cada, caracterizando o que foi chamado de conflitos), o debate nas reuni\u00f5es que avan\u00e7aram por noites e fins de semana levou a 75 aprova\u00e7\u00f5es em plen\u00e1ria, 28 contrapropostas de governo aprovadas, 23 resolvidas em rodadas de \u201cnegocia\u00e7\u00e3o\u201d entre os participantes e 33 propostas retiradas. Os 16 pontos restantes foram resolvidos tamb\u00e9m com di\u00e1logo antes de contrapropostas de consenso ou vota\u00e7\u00f5es finais.<\/p>\n<p>A sistematiza\u00e7\u00e3o final das decis\u00f5es do Congresso da Cidade no projeto de lei ser\u00e1 acompanhada por uma comiss\u00e3o relatora escolhida pelos delegados, formada entre os titulares dos segmentos sociais por Nivaldo Callegari (empres\u00e1rios), Gustavo Diniz (regi\u00e3o 9), Daniel Motta (organiza\u00e7\u00f5es n\u00e3o-governamentais), Marcos Boriero (regi\u00e3o 1), Luiz Dias Silveira J\u00fanior (OAB) e Antonio Carlos Bezerra (regi\u00e3o 10), com suplentes respectivos e apoio da Secretaria de Neg\u00f3cios Jur\u00eddicos. A miss\u00e3o do grupo \u00e9 cuidar para que as decis\u00f5es tomadas coletivamente sejam mantidas na vers\u00e3o final que segue \u00e0 C\u00e2mara de Jundia\u00ed.<\/p>\n<div id=\"attachment_171852\" style=\"width: 730px\" class=\"wp-caption aligncenter\"><a href=\"https:\/\/jundiai.sp.gov.br\/noticias\/wp-content\/uploads\/sites\/32\/2016\/03\/DSCN2138g.jpg\" rel=\"attachment wp-att-171852\"><img loading=\"lazy\" decoding=\"async\" aria-describedby=\"caption-attachment-171852\" class=\"size-large wp-image-171852\" src=\"https:\/\/jundiai.sp.gov.br\/noticias\/wp-content\/uploads\/sites\/32\/2016\/03\/DSCN2138g-720x540.jpg\" alt=\"Consensos e defini\u00e7\u00f5es marcadas passo a passo: dois anos de trabalho\" width=\"720\" height=\"540\" srcset=\"https:\/\/jundiai.sp.gov.br\/noticias\/wp-content\/uploads\/sites\/32\/2016\/03\/DSCN2138g-720x540.jpg 720w, https:\/\/jundiai.sp.gov.br\/noticias\/wp-content\/uploads\/sites\/32\/2016\/03\/DSCN2138g-300x225.jpg 300w, https:\/\/jundiai.sp.gov.br\/noticias\/wp-content\/uploads\/sites\/32\/2016\/03\/DSCN2138g-768x576.jpg 768w, https:\/\/jundiai.sp.gov.br\/noticias\/wp-content\/uploads\/sites\/32\/2016\/03\/DSCN2138g.jpg 1240w\" sizes=\"auto, (max-width: 720px) 100vw, 720px\" \/><\/a><p id=\"caption-attachment-171852\" class=\"wp-caption-text\">Consensos e defini\u00e7\u00f5es marcadas passo a passo: dois anos de trabalho<\/p><\/div>\n<p><em><strong>Jose Arnaldo de Oliveira<\/strong><\/em><br \/>\n<em><strong> Fotos: Fot\u00f3grafos PMJ<\/strong><\/em><\/p>\n","protected":false},"excerpt":{"rendered":"<p>O resultado \u00e9 um trabalho coletivo in\u00e9dito para a pol\u00edtica territorial do munic\u00edpio nos pr\u00f3ximos dez anos<\/p>\n","protected":false},"author":11,"featured_media":171877,"comment_status":"closed","ping_status":"closed","sticky":false,"template":"","format":"standard","meta":{"footnotes":""},"categories":[2],"tags":[32,559],"ods":[],"class_list":["post-171848","post","type-post","status-publish","format-standard","has-post-thumbnail","hentry","category-noticias","tag-planejamento-e-meio-ambiente","tag-plano-diretor-participativo"],"_links":{"self":[{"href":"https:\/\/jundiai.sp.gov.br\/noticias\/wp-json\/wp\/v2\/posts\/171848","targetHints":{"allow":["GET"]}}],"collection":[{"href":"https:\/\/jundiai.sp.gov.br\/noticias\/wp-json\/wp\/v2\/posts"}],"about":[{"href":"https:\/\/jundiai.sp.gov.br\/noticias\/wp-json\/wp\/v2\/types\/post"}],"author":[{"embeddable":true,"href":"https:\/\/jundiai.sp.gov.br\/noticias\/wp-json\/wp\/v2\/users\/11"}],"replies":[{"embeddable":true,"href":"https:\/\/jundiai.sp.gov.br\/noticias\/wp-json\/wp\/v2\/comments?post=171848"}],"version-history":[{"count":9,"href":"https:\/\/jundiai.sp.gov.br\/noticias\/wp-json\/wp\/v2\/posts\/171848\/revisions"}],"predecessor-version":[{"id":172423,"href":"https:\/\/jundiai.sp.gov.br\/noticias\/wp-json\/wp\/v2\/posts\/171848\/revisions\/172423"}],"wp:featuredmedia":[{"embeddable":true,"href":"https:\/\/jundiai.sp.gov.br\/noticias\/wp-json\/wp\/v2\/media\/171877"}],"wp:attachment":[{"href":"https:\/\/jundiai.sp.gov.br\/noticias\/wp-json\/wp\/v2\/media?parent=171848"}],"wp:term":[{"taxonomy":"category","embeddable":true,"href":"https:\/\/jundiai.sp.gov.br\/noticias\/wp-json\/wp\/v2\/categories?post=171848"},{"taxonomy":"post_tag","embeddable":true,"href":"https:\/\/jundiai.sp.gov.br\/noticias\/wp-json\/wp\/v2\/tags?post=171848"},{"taxonomy":"ods","embeddable":true,"href":"https:\/\/jundiai.sp.gov.br\/noticias\/wp-json\/wp\/v2\/ods?post=171848"}],"curies":[{"name":"wp","href":"https:\/\/api.w.org\/{rel}","templated":true}]}}