{"id":172021,"date":"2016-03-30T15:21:25","date_gmt":"2016-03-30T18:21:25","guid":{"rendered":"https:\/\/jundiai.sp.gov.br\/noticias\/?p=172021"},"modified":"2018-07-16T16:59:32","modified_gmt":"2018-07-16T19:59:32","slug":"prefeito-faz-prestacao-de-contas-ao-setor-privado","status":"publish","type":"post","link":"https:\/\/jundiai.sp.gov.br\/noticias\/2016\/03\/30\/prefeito-faz-prestacao-de-contas-ao-setor-privado\/","title":{"rendered":"Prefeito faz &#8216;Presta\u00e7\u00e3o de Contas&#8217; ao setor privado"},"content":{"rendered":"<p><strong>O prefeito Pedro Bigardi apresentou a Presta\u00e7\u00e3o de Contas do <a href=\"https:\/\/jundiai.sp.gov.br\/noticias\/wp-content\/uploads\/sites\/32\/2015\/02\/Programa-de-Metas-2013.2016.pdf\" target=\"_blank\">Programa de Metas<\/a> a empres\u00e1rios, gestores e entidades, dos seguimentos industrial, comercial e de servi\u00e7os, no Sindicato do Com\u00e9rcio Varejista de Jundia\u00ed e Regi\u00e3o (Sincom\u00e9rcio), na noite dessa ter\u00e7a-feira (29). A reuni\u00e3o d\u00e1 continuidade \u00e0 s\u00e9rie de encontros que o chefe do Executivo faz nos bairros da cidade.<\/strong><\/p>\n<p><strong>\u201cApresentamos ao setor privado os investimentos do governo na cidade e os projetos que a Secretaria de Desenvolvimento Econ\u00f4mico, Ci\u00eancia e Tecnologia promovem para que novas empresas se instalem aqui, gerando mais empregos\u201d<\/strong>, afirma Bigardi.<\/p>\n<p>Nos destaques da apresenta\u00e7\u00e3o est\u00e1 o <strong>Parque Tecnol\u00f3gico, com uma \u00e1rea de 216 mil m\u00b2<\/strong>, onde empresas v\u00e3o se instalar e <strong>elevar Jundia\u00ed a um novo patamar de desenvolvimento ao gerar conhecimento e tecnologia<\/strong>. Al\u00e9m dos <strong>programas <a href=\"https:\/\/jundiai.sp.gov.br\/desenvolvimento-economico\/desenvolve-jundiai\/\">Desenvolve Jundia\u00ed<\/a>, <a href=\"https:\/\/jundiai.sp.gov.br\/desenvolvimento-economico\/emprega-mais-jundiai\/\">Emprega Mais<\/a>, Nota Fiscal Jundiaiense<\/strong>, o prefeito ressaltou a <a href=\"https:\/\/jundiai.sp.gov.br\/noticias\/2015\/05\/25\/prefeito-inaugura-nova-casa-do-pat-e-banco-do-povo\/\">reestrutura\u00e7\u00e3o do novo Posto de Atendimento ao Trabalhador (PAT), com 300 atendimentos por dia, e Banco do Povo<\/a>.<\/p>\n<p><strong>LEIA TAMB\u00c9M<\/strong><br \/>\n<a href=\"https:\/\/jundiai.sp.gov.br\/noticias\/2016\/03\/23\/regiao-do-jardim-do-lago-comemora-investimentos\/\">Regi\u00e3o do Jardim do Lago comemora investimentos<\/a><br \/>\n<a href=\"https:\/\/jundiai.sp.gov.br\/noticias\/2016\/03\/22\/prefeitura-cede-imovel-para-fundacao-nacional-ferroviaria\/\">Prefeitura cede im\u00f3vel para Funda\u00e7\u00e3o Nacional Ferrovi\u00e1ria<\/a><br \/>\n<a href=\"https:\/\/jundiai.sp.gov.br\/noticias\/2016\/03\/28\/aglomeracao-urbana-de-jundiai-aprofunda-debate-regional\/\">Aglomera\u00e7\u00e3o Urbana de Jundia\u00ed aprofunda debate regional<\/a><\/p>\n<div id=\"attachment_172022\" style=\"width: 730px\" class=\"wp-caption aligncenter\"><a href=\"https:\/\/jundiai.sp.gov.br\/noticias\/wp-content\/uploads\/sites\/32\/2016\/03\/prestacao_contas_sin_comercio_P-5G.jpg\" rel=\"attachment wp-att-172022\"><img loading=\"lazy\" decoding=\"async\" aria-describedby=\"caption-attachment-172022\" class=\"size-large wp-image-172022\" src=\"https:\/\/jundiai.sp.gov.br\/noticias\/wp-content\/uploads\/sites\/32\/2016\/03\/prestacao_contas_sin_comercio_P-5G-720x474.jpg\" alt=\"Pedro Bigardi destacou a\u00e7\u00f5es realizadas pela Prefeitura\" width=\"720\" height=\"474\" srcset=\"https:\/\/jundiai.sp.gov.br\/noticias\/wp-content\/uploads\/sites\/32\/2016\/03\/prestacao_contas_sin_comercio_P-5G-720x474.jpg 720w, https:\/\/jundiai.sp.gov.br\/noticias\/wp-content\/uploads\/sites\/32\/2016\/03\/prestacao_contas_sin_comercio_P-5G-300x197.jpg 300w, https:\/\/jundiai.sp.gov.br\/noticias\/wp-content\/uploads\/sites\/32\/2016\/03\/prestacao_contas_sin_comercio_P-5G-768x505.jpg 768w, https:\/\/jundiai.sp.gov.br\/noticias\/wp-content\/uploads\/sites\/32\/2016\/03\/prestacao_contas_sin_comercio_P-5G.jpg 1240w\" sizes=\"auto, (max-width: 720px) 100vw, 720px\" \/><\/a><p id=\"caption-attachment-172022\" class=\"wp-caption-text\">Pedro Bigardi destacou a\u00e7\u00f5es realizadas pela Prefeitura<\/p><\/div>\n<p>Neste per\u00edodo da gest\u00e3o do prefeito Pedro Bigardi, <strong>rankings de Jundia\u00ed foram apresentados como a <a href=\"https:\/\/jundiai.sp.gov.br\/noticias\/2015\/11\/06\/jundiai-e-eleita-segunda-melhor-em-desenvolvimento-social-no-brasil\/\">segunda melhor cidade em desenvolvimento econ\u00f4mico no Brasil<\/a>; nona melhor cidade em desenvolvimento econ\u00f4mico no Brasil e a <a href=\"https:\/\/jundiai.sp.gov.br\/noticias\/2015\/08\/26\/publicacao-britanica-aponta-jundiai-como-destino-de-investimentos\/\">d\u00e9cima melhor cidade (m\u00e9dio porte) para investimento no continente american<\/a>o<\/strong>.<\/p>\n<div id=\"attachment_172024\" style=\"width: 410px\" class=\"wp-caption alignright\"><a href=\"https:\/\/jundiai.sp.gov.br\/noticias\/wp-content\/uploads\/sites\/32\/2016\/03\/prestacao_contas_sin_comercio_P-32G.jpg\" rel=\"attachment wp-att-172024\"><img loading=\"lazy\" decoding=\"async\" aria-describedby=\"caption-attachment-172024\" class=\"size-large wp-image-172024\" src=\"https:\/\/jundiai.sp.gov.br\/noticias\/wp-content\/uploads\/sites\/32\/2016\/03\/prestacao_contas_sin_comercio_P-32G-720x458.jpg\" alt=\"Empres\u00e1rios e representantes de entidades participaram da reuni\u00e3o\" width=\"400\" height=\"350\" \/><\/a><p id=\"caption-attachment-172024\" class=\"wp-caption-text\">Empres\u00e1rios e representantes de entidades participaram da reuni\u00e3o<\/p><\/div>\n<p>\u201cO governo <strong>avan\u00e7ou na rela\u00e7\u00e3o com setores privados<\/strong>, al\u00e9m da <strong>gera\u00e7\u00e3o de empregos e da economia na cidade<\/strong>\u201d, destaca o secret\u00e1rio de Desenvolvimento, Marcelo Cereser.<\/p>\n<p>O presidente da C\u00e2mara de Dirigentes Lojistas de Jundia\u00ed, Edson Maltoni, aproveitou o encontro para <strong><a href=\"https:\/\/jundiai.sp.gov.br\/noticias\/2016\/02\/25\/jundiai-vai-ganhar-escritorio-da-junta-comercial\/\">anunciar a abertura, em Jundia\u00ed, do escrit\u00f3rio da Junta Comercial do Estado de S\u00e3o Paulo<\/a><\/strong>. A Jucesp tem como objetivo <strong>garantir a efic\u00e1cia dos atos jur\u00eddicos e manter atualizadas as informa\u00e7\u00f5es das empresas<\/strong>.<\/p>\n<p><strong>Reuni\u00f5es <\/strong><br \/>\nO Programa de Metas foi institu\u00eddo pela emenda \u00e0 Lei Org\u00e2nica do munic\u00edpio de 17 de julho de 2012 e prev\u00ea as <strong>principais a\u00e7\u00f5es a serem desenvolvidas pela administra\u00e7\u00e3o municipal e a presta\u00e7\u00e3o de contas pelo Executivo<\/strong>.<\/p>\n<p>Desde o dia 16 de fevereiro, as reuni\u00f5es de Presta\u00e7\u00e3o de Contas j\u00e1 passaram pelas regi\u00f5es do <strong>Eloy Chaves, Jardim das Tulipas, Jundia\u00ed Mirim, Almerinda Chaves, Cecap, Vila Marlene e Retiro. A pr\u00f3xima \u00e9 nesta quinta-feira (31), \u00e0s 19h, na Emeb Jos\u00e9 Romeiro Pereira (Geva), na Vila Progresso<\/strong>.<\/p>\n<p><strong><em>Luiza Ronchi<br \/>\nFotos: Paulo Gr\u00e9gio<\/em><\/strong><\/p>\n","protected":false},"excerpt":{"rendered":"<p>A pr\u00f3xima \u00e9 nesta quinta-feira (31), \u00e0s 19h, na Emeb Jos\u00e9 Romeiro Pereira (Geva), na Vila Progresso<\/p>\n","protected":false},"author":14,"featured_media":172034,"comment_status":"closed","ping_status":"closed","sticky":false,"template":"","format":"standard","meta":{"footnotes":""},"categories":[2],"tags":[365,572,58,854,853],"ods":[],"class_list":["post-172021","post","type-post","status-publish","format-standard","has-post-thumbnail","hentry","category-noticias","tag-desenvolvimento-economico-ciencia-e-tecnologia","tag-parque-tecnologico","tag-prefeito","tag-prestacao-de-contas","tag-programa-de-metas"],"_links":{"self":[{"href":"https:\/\/jundiai.sp.gov.br\/noticias\/wp-json\/wp\/v2\/posts\/172021","targetHints":{"allow":["GET"]}}],"collection":[{"href":"https:\/\/jundiai.sp.gov.br\/noticias\/wp-json\/wp\/v2\/posts"}],"about":[{"href":"https:\/\/jundiai.sp.gov.br\/noticias\/wp-json\/wp\/v2\/types\/post"}],"author":[{"embeddable":true,"href":"https:\/\/jundiai.sp.gov.br\/noticias\/wp-json\/wp\/v2\/users\/14"}],"replies":[{"embeddable":true,"href":"https:\/\/jundiai.sp.gov.br\/noticias\/wp-json\/wp\/v2\/comments?post=172021"}],"version-history":[{"count":12,"href":"https:\/\/jundiai.sp.gov.br\/noticias\/wp-json\/wp\/v2\/posts\/172021\/revisions"}],"predecessor-version":[{"id":219179,"href":"https:\/\/jundiai.sp.gov.br\/noticias\/wp-json\/wp\/v2\/posts\/172021\/revisions\/219179"}],"wp:featuredmedia":[{"embeddable":true,"href":"https:\/\/jundiai.sp.gov.br\/noticias\/wp-json\/wp\/v2\/media\/172034"}],"wp:attachment":[{"href":"https:\/\/jundiai.sp.gov.br\/noticias\/wp-json\/wp\/v2\/media?parent=172021"}],"wp:term":[{"taxonomy":"category","embeddable":true,"href":"https:\/\/jundiai.sp.gov.br\/noticias\/wp-json\/wp\/v2\/categories?post=172021"},{"taxonomy":"post_tag","embeddable":true,"href":"https:\/\/jundiai.sp.gov.br\/noticias\/wp-json\/wp\/v2\/tags?post=172021"},{"taxonomy":"ods","embeddable":true,"href":"https:\/\/jundiai.sp.gov.br\/noticias\/wp-json\/wp\/v2\/ods?post=172021"}],"curies":[{"name":"wp","href":"https:\/\/api.w.org\/{rel}","templated":true}]}}