{"id":172144,"date":"2016-03-31T15:30:18","date_gmt":"2016-03-31T18:30:18","guid":{"rendered":"https:\/\/jundiai.sp.gov.br\/noticias\/?p=172144"},"modified":"2016-11-04T13:12:04","modified_gmt":"2016-11-04T15:12:04","slug":"biblioteca-abre-programacao-de-abril-com-duas-atracoes","status":"publish","type":"post","link":"https:\/\/jundiai.sp.gov.br\/noticias\/2016\/03\/31\/biblioteca-abre-programacao-de-abril-com-duas-atracoes\/","title":{"rendered":"Biblioteca abre programa\u00e7\u00e3o de abril com atra\u00e7\u00f5es na sexta (1\u00ba)"},"content":{"rendered":"<p><strong>A Biblioteca Municipal Professor Nelson Foot abre a programa\u00e7\u00e3o de abril com duas atividades especiais. Nesta sexta-feira (1\u00ba), o espa\u00e7o tem lan\u00e7amento de livro e o encontro semanal de jogos de tabuleiro \u201cJundBoard.\u201d A participa\u00e7\u00e3o \u00e9 gratuita.<\/strong><\/p>\n<p><strong>\u201cPontos de vida ou de vista\u201d<\/strong> traz textos selecionados ao longo dos \u00faltimos 50 anos por Vanderlei Negro. Al\u00e9m de uma <strong>noite de aut\u00f3grafos<\/strong>, o lan\u00e7amento do livro, a partir das <strong>19h30<\/strong>, conta com <strong>apresenta\u00e7\u00f5es musicais<\/strong>. O evento \u00e9 uma realiza\u00e7\u00e3o da Editora In House.<\/p>\n<p><strong>LEIA TAMB\u00c9M<\/strong><br \/>\n<a href=\"https:\/\/jundiai.sp.gov.br\/noticias\/2016\/03\/30\/educacao-abre-inscricao-para-conselho-do-fundeb\/\">Educa\u00e7\u00e3o abre inscri\u00e7\u00e3o para Conselho do Fundeb<\/a><br \/>\n<a href=\"https:\/\/jundiai.sp.gov.br\/noticias\/2016\/03\/23\/centro-de-linguas-abre-inscricao-nesta-segunda-feira-28\/\">Centro de L\u00ednguas abre inscri\u00e7\u00e3o nesta segunda (28)<\/a><br \/>\n<a href=\"https:\/\/jundiai.sp.gov.br\/noticias\/2016\/03\/30\/educacao-de-jovens-e-adultos-e-destaque-em-revista-renomada\/\">Educa\u00e7\u00e3o de Jovens e Adultos \u00e9 destaque em revista renomada<\/a><\/p>\n<div id=\"attachment_172145\" style=\"width: 730px\" class=\"wp-caption aligncenter\"><a href=\"https:\/\/jundiai.sp.gov.br\/noticias\/wp-content\/uploads\/sites\/32\/2016\/03\/biblioteca_12G.jpg\" rel=\"attachment wp-att-172145\"><img loading=\"lazy\" decoding=\"async\" aria-describedby=\"caption-attachment-172145\" class=\"size-large wp-image-172145\" src=\"https:\/\/jundiai.sp.gov.br\/noticias\/wp-content\/uploads\/sites\/32\/2016\/03\/biblioteca_12G-720x480.jpg\" alt=\"Biblioteca recebe encontro semanal de jogos de tabuleiro \u201cJundBoard\u201d\" width=\"720\" height=\"480\" srcset=\"https:\/\/jundiai.sp.gov.br\/noticias\/wp-content\/uploads\/sites\/32\/2016\/03\/biblioteca_12G-720x480.jpg 720w, https:\/\/jundiai.sp.gov.br\/noticias\/wp-content\/uploads\/sites\/32\/2016\/03\/biblioteca_12G-300x200.jpg 300w, https:\/\/jundiai.sp.gov.br\/noticias\/wp-content\/uploads\/sites\/32\/2016\/03\/biblioteca_12G-768x512.jpg 768w, https:\/\/jundiai.sp.gov.br\/noticias\/wp-content\/uploads\/sites\/32\/2016\/03\/biblioteca_12G.jpg 1240w\" sizes=\"auto, (max-width: 720px) 100vw, 720px\" \/><\/a><p id=\"caption-attachment-172145\" class=\"wp-caption-text\">Biblioteca recebe encontro semanal de jogos de tabuleiro \u201cJundBoard\u201d<\/p><\/div>\n<p>J\u00e1 o <strong>JundBoard<\/strong>, marcado para as <strong>18h<\/strong>, vai reunir os adeptos dos jogos. O encontro tem continuidade nas <strong>ter\u00e7as-feiras\u00a08, 15 e 29 de abril<\/strong>.<\/p>\n<p>A biblioteca fica no <strong>Complexo Argos<\/strong>, localizado na <strong>avenida Dr. Cavalcanti, 396, Vila Arens<\/strong>.<\/p>\n<p><strong>Confira mais atra\u00e7\u00f5es deste m\u00eas.<\/strong><\/p>\n<ul>\n<li><strong>S\u00e1bado (2) \u2013 10h<\/strong><\/li>\n<\/ul>\n<p><strong>Lan\u00e7amento do livro: \u201cParque dos sonhos\u201d<\/strong> do jornalista e pesquisador Fernando Razzo Galuppo e de Jos\u00e9 Ezequiel de Oliveira Filho. <strong>Bate-papo com os autores e apresenta\u00e7\u00e3o de v\u00eddeos sobre o time de futebol Palmeiras<\/strong>. Realiza\u00e7\u00e3o: Editora In House;<\/p>\n<ul>\n<li><strong>Ter\u00e7a-feira (5) \u2013 19h45<\/strong><\/li>\n<\/ul>\n<p><strong>Palestra: \u201cAutoestima\u201d<\/strong>. Apresenta\u00e7\u00e3o de<strong> t\u00e9cnicas para qualifica\u00e7\u00e3o da autoestima.<\/strong> Palestrante: Maria Cristina Ritter Mazzini. Uma parceria entre Biblioteca e ASSIPEC;<\/p>\n<ul>\n<li><strong>S\u00e1bado (9) \u2013 das 9h \u00e0s 18h<\/strong><\/li>\n<\/ul>\n<p><strong>\u201c32\u00ba Encontro de Jogos Al\u00e9m do Muro\u201d<\/strong>. Muitas mesas dispon\u00edveis para <strong>jogos de tabuleiro; card games e RPG; um card\u00e1pio de jogos do acervo do evento, com dezenas de t\u00edtulos dispon\u00edveis; ampla comunidade de jogadores de Nitendo 3DS; realiza\u00e7\u00e3o de a\u00e7\u00f5es sociais e arrecada\u00e7\u00e3o de doa\u00e7\u00f5es para institui\u00e7\u00f5es beneficentes; certificado de horas complementares para seu curso de Ensino Superior; convidados especiais, editoras, game designers e atra\u00e7\u00f5es especiais<\/strong> a cada evento. Idealizador: Bruno Davi Kretzmann;<\/p>\n<ul>\n<li><strong>Quinta-feira (14) \u2013 19h<\/strong><\/li>\n<\/ul>\n<p><strong>Palestra: \u201cSustentabilidade em foco: Consumo Consciente\u201d.<\/strong> A ado\u00e7\u00e3o de <strong>novos h\u00e1bitos de consumo e uma filosofia de vida mais consciente<\/strong>\u00a0v\u00e3o ser os pontos abordados. Palestrante: Carlos Pedro Staudt;<\/p>\n<ul>\n<li><strong>S\u00e1bado (16) \u2013 10h<\/strong><\/li>\n<\/ul>\n<p><strong> Narra\u00e7\u00e3o da hist\u00f3ria \u201cA \u00e1rvore Maravilhosa\u201d<\/strong>, com Grace Busato;<\/p>\n<ul>\n<li><strong>S\u00e1bado (30) \u2013 10h<\/strong><\/li>\n<\/ul>\n<p><strong>Palestra: \u201cT\u00e9cnica Pomodoro de administra\u00e7\u00e3o de tempo e foco nos estudos\u201d<\/strong>. A <strong>falta de foco pode diluir o tempo e o conte\u00fado na hora de estudar<\/strong>. Conhe\u00e7a e aplique a t\u00e9cnica Pomodoro de administra\u00e7\u00e3o de tempo e foco nos estudos para <strong>reduzir distra\u00e7\u00f5es, memorizar mais e aproveitar melhor o conte\u00fado<\/strong>. Palestrante: psic\u00f3logas Raquel Ara\u00fajo e S\u00edlvia Sim\u00f5es. Uma parceria entre Biblioteca e InterAn\u00e1lise Cl\u00ednica.<\/p>\n<p><em><strong>Roberta de S\u00e1<br \/>\nFoto: Arquivo PMJ<\/strong><\/em><\/p>\n","protected":false},"excerpt":{"rendered":"<p>No m\u00eas vai haver lan\u00e7amentos de livros, encontros de jogos de tabuleiro, palestras e narra\u00e7\u00e3o de hist\u00f3rias. Confira!<\/p>\n","protected":false},"author":14,"featured_media":137522,"comment_status":"closed","ping_status":"closed","sticky":false,"template":"","format":"standard","meta":{"footnotes":""},"categories":[2],"tags":[505,419,6],"ods":[],"class_list":["post-172144","post","type-post","status-publish","format-standard","has-post-thumbnail","hentry","category-noticias","tag-biblioteca-municipal-professor-nelson-foot","tag-complexo-argos","tag-educacao"],"_links":{"self":[{"href":"https:\/\/jundiai.sp.gov.br\/noticias\/wp-json\/wp\/v2\/posts\/172144","targetHints":{"allow":["GET"]}}],"collection":[{"href":"https:\/\/jundiai.sp.gov.br\/noticias\/wp-json\/wp\/v2\/posts"}],"about":[{"href":"https:\/\/jundiai.sp.gov.br\/noticias\/wp-json\/wp\/v2\/types\/post"}],"author":[{"embeddable":true,"href":"https:\/\/jundiai.sp.gov.br\/noticias\/wp-json\/wp\/v2\/users\/14"}],"replies":[{"embeddable":true,"href":"https:\/\/jundiai.sp.gov.br\/noticias\/wp-json\/wp\/v2\/comments?post=172144"}],"version-history":[{"count":11,"href":"https:\/\/jundiai.sp.gov.br\/noticias\/wp-json\/wp\/v2\/posts\/172144\/revisions"}],"predecessor-version":[{"id":172285,"href":"https:\/\/jundiai.sp.gov.br\/noticias\/wp-json\/wp\/v2\/posts\/172144\/revisions\/172285"}],"wp:featuredmedia":[{"embeddable":true,"href":"https:\/\/jundiai.sp.gov.br\/noticias\/wp-json\/wp\/v2\/media\/137522"}],"wp:attachment":[{"href":"https:\/\/jundiai.sp.gov.br\/noticias\/wp-json\/wp\/v2\/media?parent=172144"}],"wp:term":[{"taxonomy":"category","embeddable":true,"href":"https:\/\/jundiai.sp.gov.br\/noticias\/wp-json\/wp\/v2\/categories?post=172144"},{"taxonomy":"post_tag","embeddable":true,"href":"https:\/\/jundiai.sp.gov.br\/noticias\/wp-json\/wp\/v2\/tags?post=172144"},{"taxonomy":"ods","embeddable":true,"href":"https:\/\/jundiai.sp.gov.br\/noticias\/wp-json\/wp\/v2\/ods?post=172144"}],"curies":[{"name":"wp","href":"https:\/\/api.w.org\/{rel}","templated":true}]}}