{"id":172310,"date":"2016-04-02T17:15:27","date_gmt":"2016-04-02T20:15:27","guid":{"rendered":"https:\/\/jundiai.sp.gov.br\/noticias\/?p=172310"},"modified":"2016-11-04T13:16:53","modified_gmt":"2016-11-04T15:16:53","slug":"jundiai-e-case-em-evento-de-assistencia-tecnica-habitacional","status":"publish","type":"post","link":"https:\/\/jundiai.sp.gov.br\/noticias\/2016\/04\/02\/jundiai-e-case-em-evento-de-assistencia-tecnica-habitacional\/","title":{"rendered":"Jundia\u00ed \u00e9 &#8216;case&#8217; em evento de assist\u00eancia t\u00e9cnica habitacional"},"content":{"rendered":"<p><strong>Um ciclo voltado para o tema da habita\u00e7\u00e3o social teve, nesta sexta-feira (1), a participa\u00e7\u00e3o da Prefeitura de Jundia\u00ed entre as experi\u00eancias locais apresentadas como parte do debate voltado para profissionais e estudantes do setor no evento de Assist\u00eancia T\u00e9cnica em Habita\u00e7\u00e3o de Interesse Social (ATHIS). <\/strong><\/p>\n<p><strong>LEIA TAMB\u00c9M<\/strong><br \/>\n<a href=\"https:\/\/jundiai.sp.gov.br\/noticias\/2016\/03\/18\/fumas-leva-atividade-gratuita-a-ubs-vila-ana\/\">Fumas leva atividade gratuita \u00e0 Unidade B\u00e1sica de Sa\u00fade da Vila Ana<\/a><\/p>\n<div id=\"attachment_172312\" style=\"width: 730px\" class=\"wp-caption aligncenter\"><a href=\"https:\/\/jundiai.sp.gov.br\/noticias\/wp-content\/uploads\/sites\/32\/2016\/04\/fumas_campinas_D3g.jpg\" rel=\"attachment wp-att-172312\"><img loading=\"lazy\" decoding=\"async\" aria-describedby=\"caption-attachment-172312\" class=\"size-full wp-image-172312\" src=\"https:\/\/jundiai.sp.gov.br\/noticias\/wp-content\/uploads\/sites\/32\/2016\/04\/fumas_campinas_D3g.jpg\" alt=\"A experi\u00eancia da Fumas foi somada aos estudos do ciclo de eventos\" width=\"720\" height=\"513\" \/><\/a><p id=\"caption-attachment-172312\" class=\"wp-caption-text\">A experi\u00eancia da Fumas foi somada aos estudos do ciclo de eventos<\/p><\/div>\n<p>O foco, nesse caso, foi a <strong>experi\u00eancia da <a href=\"http:\/\/fumas.jundiai.sp.gov.br\/\" target=\"_blank\">Funda\u00e7\u00e3o Municipal de A\u00e7\u00e3o Social (Fumas)<\/a> com o banco de projetos sociais. Mas a autarquia exerce tamb\u00e9m fun\u00e7\u00f5es de uma Secretaria de Habita\u00e7\u00e3o e tem recebido novos instrumentos na gest\u00e3o do prefeito Pedro Bigardi, tendo conclu\u00eddo o Plano de Habita\u00e7\u00e3o Local de Interesse Social e atuando nos debates de constru\u00e7\u00e3o do novo <a href=\"http:\/\/planodiretor.jundiai.sp.gov.br\/\" target=\"_blank\">Plano Diretor Participativo<\/a>, no qual o debate buscou o equil\u00edbrio com a conserva\u00e7\u00e3o ambiental e a prote\u00e7\u00e3o social dos bairros.<\/strong><\/p>\n<p>\u201cEsse tipo de assist\u00eancia foi a origem da Fumas na d\u00e9cada de 1970, sob a inspira\u00e7\u00e3o do padre de origem canadense Paulo Andr\u00e9 Labrousse e depois transformada em autarquia. Mas at\u00e9 hoje ainda \u00e9 voltado apenas para constru\u00e7\u00f5es regulares, com apoio t\u00e9cnico e isen\u00e7\u00e3o de taxas que chegavam at\u00e9 a faixa de dez sal\u00e1rios m\u00ednimos. Agora definiu o teto de seis sal\u00e1rios m\u00ednimos\u201d, afirma a diretora Tatiana Reis Pimenta.<\/p>\n<p>Patrocinado pelo <a href=\"http:\/\/www.caubr.gov.br\/\" target=\"_blank\">Conselho de Arquitetura e Urbanismo (CAU)<\/a> e pela Caixa e organizado pelo <a href=\"http:\/\/www.sasp.arq.br\/\" target=\"_blank\">Sindicato dos Arquitetos do Estado<\/a> e pela <a href=\"http:\/\/www.peabirutca.org.br\/\" target=\"_blank\">Peabiru Trabalhos Comunit\u00e1rios e Ambientais<\/a>, o ciclo teve antes de Campinas os eventos em Ribeir\u00e3o Preto, Santos, S\u00e3o Jos\u00e9 dos Campos e Bauru. Em maio, ser\u00e1 encerrado em S\u00e3o Paulo, com a forma\u00e7\u00e3o de um banco de dados.<\/p>\n<p>De acordo com Tatiana Reis Pimenta, em Jundia\u00ed est\u00e3o sendo discutidos acordos t\u00e9cnicos com o <a href=\"http:\/\/www.iab.org.br\/\" target=\"_blank\">Instituto dos Arquitetos do Brasil (IAB)<\/a> e com a <a href=\"http:\/\/www.aej.org.br\/\" target=\"_blank\">Associa\u00e7\u00e3o dos Engenheiros de Jundia\u00ed (AEJ)<\/a>, mas ainda faltam detalhes como a tabela comum de honor\u00e1rios.<\/p>\n<div id=\"attachment_172313\" style=\"width: 730px\" class=\"wp-caption aligncenter\"><a href=\"https:\/\/jundiai.sp.gov.br\/noticias\/wp-content\/uploads\/sites\/32\/2016\/04\/fumas_campinas_D23g.jpg\" rel=\"attachment wp-att-172313\"><img loading=\"lazy\" decoding=\"async\" aria-describedby=\"caption-attachment-172313\" class=\"size-full wp-image-172313\" src=\"https:\/\/jundiai.sp.gov.br\/noticias\/wp-content\/uploads\/sites\/32\/2016\/04\/fumas_campinas_D23g.jpg\" alt=\"Mesa de estudos de casos teve Jundia\u00ed, Limeira, Sumar\u00e9 e Defensoria P\u00fablica\" width=\"720\" height=\"513\" \/><\/a><p id=\"caption-attachment-172313\" class=\"wp-caption-text\">Mesa de estudos de casos teve Jundia\u00ed, Limeira, Sumar\u00e9 e Defensoria P\u00fablica<\/p><\/div>\n<p><strong>O processo da assist\u00eancia t\u00e9cnica para a qualidade das habita\u00e7\u00f5es populares \u00e9 parte das pol\u00edticas habitacionais que na cidade tamb\u00e9m envolvem avan\u00e7os recentes, como a constru\u00e7\u00e3o de 1,6 mil unidades no <a href=\"https:\/\/jundiai.sp.gov.br\/noticias\/2016\/02\/03\/prefeito-entrega-as-chaves-de-384-unidades-habitacionais\/\">Jardim Novo Horizonte,<\/a> Jardim S\u00e3o Camilo e Vila Ana, a regulariza\u00e7\u00e3o fundi\u00e1ria de 1,5 mil fam\u00edlias, a manuten\u00e7\u00e3o do aux\u00edlio-aluguel para 300 fam\u00edlias e a defini\u00e7\u00e3o de \u00e1reas futuras (ZEIS 2 e usos mistos) buscando combater a periferiza\u00e7\u00e3o de moradores de baixa renda.<\/strong><\/p>\n<p>O conceito de habita\u00e7\u00e3o social abrange a maior parte da popula\u00e7\u00e3o com crit\u00e9rios de renda familiar at\u00e9 tr\u00eas sal\u00e1rios m\u00ednimos (R$ 2.640 por m\u00eas ou R$ 10.560 por ano) e tamb\u00e9m acima de tr\u00eas at\u00e9 seis sal\u00e1rios m\u00ednimos (R$ 5.280 por m\u00eas ou R$ 63.360 por ano).<\/p>\n<p>Os objetivos do ciclo <a href=\"http:\/\/www.athis.org.br\/\" target=\"_blank\">ATHIS<\/a> s\u00e3o o fomento ao debate sobre as diversas dimens\u00f5es das necessidades habitacionais, a participa\u00e7\u00e3o de profissionais de arquitetura, engenharia e \u00e1reas sociais e do direito nos processos de produ\u00e7\u00e3o (programas p\u00fablicos ou autoconstru\u00e7\u00e3o), a formula\u00e7\u00e3o de arranjos institucionais de assist\u00eancia t\u00e9cnica e estimular a forma\u00e7\u00e3o profissional nesse tema. Como pano de fundo, a cidadania como direito e acesso \u00e0 cidade.<\/p>\n<p>\u201cTemos uma nova pol\u00edtica nacional nesse tema desde 2008, mas a maioria dos munic\u00edpios ainda n\u00e3o se adequou. Por isso \u00e9 importante o debate\u201d, afirma a consultora Eleusina Freitas.<\/p>\n<p><em><strong>Jos\u00e9 Arnaldo de Oliveira<br \/>\nFotos: Dorival Pinheiro Filho<\/strong><\/em><\/p>\n","protected":false},"excerpt":{"rendered":"<p>Foco da cidade foi a experi\u00eancia da Funda\u00e7\u00e3o Municipal de A\u00e7\u00e3o Social (Fumas) com o banco de projetos sociais e habita\u00e7\u00e3o<\/p>\n","protected":false},"author":21,"featured_media":172316,"comment_status":"closed","ping_status":"closed","sticky":false,"template":"","format":"standard","meta":{"footnotes":""},"categories":[2],"tags":[49,490,559,691],"ods":[],"class_list":["post-172310","post","type-post","status-publish","format-standard","has-post-thumbnail","hentry","category-noticias","tag-fundacao-municipal-de-acao-social-fumas","tag-habitacao","tag-plano-diretor-participativo","tag-plano-local-de-habitacao-de-interesse-social-plhis"],"_links":{"self":[{"href":"https:\/\/jundiai.sp.gov.br\/noticias\/wp-json\/wp\/v2\/posts\/172310","targetHints":{"allow":["GET"]}}],"collection":[{"href":"https:\/\/jundiai.sp.gov.br\/noticias\/wp-json\/wp\/v2\/posts"}],"about":[{"href":"https:\/\/jundiai.sp.gov.br\/noticias\/wp-json\/wp\/v2\/types\/post"}],"author":[{"embeddable":true,"href":"https:\/\/jundiai.sp.gov.br\/noticias\/wp-json\/wp\/v2\/users\/21"}],"replies":[{"embeddable":true,"href":"https:\/\/jundiai.sp.gov.br\/noticias\/wp-json\/wp\/v2\/comments?post=172310"}],"version-history":[{"count":5,"href":"https:\/\/jundiai.sp.gov.br\/noticias\/wp-json\/wp\/v2\/posts\/172310\/revisions"}],"predecessor-version":[{"id":172318,"href":"https:\/\/jundiai.sp.gov.br\/noticias\/wp-json\/wp\/v2\/posts\/172310\/revisions\/172318"}],"wp:featuredmedia":[{"embeddable":true,"href":"https:\/\/jundiai.sp.gov.br\/noticias\/wp-json\/wp\/v2\/media\/172316"}],"wp:attachment":[{"href":"https:\/\/jundiai.sp.gov.br\/noticias\/wp-json\/wp\/v2\/media?parent=172310"}],"wp:term":[{"taxonomy":"category","embeddable":true,"href":"https:\/\/jundiai.sp.gov.br\/noticias\/wp-json\/wp\/v2\/categories?post=172310"},{"taxonomy":"post_tag","embeddable":true,"href":"https:\/\/jundiai.sp.gov.br\/noticias\/wp-json\/wp\/v2\/tags?post=172310"},{"taxonomy":"ods","embeddable":true,"href":"https:\/\/jundiai.sp.gov.br\/noticias\/wp-json\/wp\/v2\/ods?post=172310"}],"curies":[{"name":"wp","href":"https:\/\/api.w.org\/{rel}","templated":true}]}}