{"id":172376,"date":"2016-04-04T16:53:54","date_gmt":"2016-04-04T19:53:54","guid":{"rendered":"https:\/\/jundiai.sp.gov.br\/noticias\/?p=172376"},"modified":"2016-11-04T13:14:52","modified_gmt":"2016-11-04T15:14:52","slug":"estacao-juventude-completa-um-ano-com-mais-de-100-cursos-realizados","status":"publish","type":"post","link":"https:\/\/jundiai.sp.gov.br\/noticias\/2016\/04\/04\/estacao-juventude-completa-um-ano-com-mais-de-100-cursos-realizados\/","title":{"rendered":"Esta\u00e7\u00e3o Juventude completa um ano com mais de 100 cursos"},"content":{"rendered":"<p><iframe loading=\"lazy\" class=\"alignright\" width=\"420\" height=\"315\" src=\"https:\/\/www.youtube.com\/embed\/a0rYpitKL00\" frameborder=\"0\" allowfullscreen><\/iframe><strong>H\u00e1 um ano, <a href=\"https:\/\/jundiai.sp.gov.br\/noticias\/2015\/04\/04\/estacao-juventude-abre-como-espaco-de-dialogo-com-jovens\/\">um dos pr\u00e9dios das antigas oficinas da Companhia Paulista, no Complexo Fepasa, foi inaugurado como um novo espa\u00e7o voltado para jovens<\/a>. Em pouco tempo, o <a href=\"http:\/\/estacaojuventude.jundiai.sp.gov.br\/\" target=\"_blank\">Esta\u00e7\u00e3o Juventude (EJ)<\/a> transformou-se em um ambiente para aprendizado, com v\u00e1rias oficinas gratuitas; divers\u00e3o, com os eventos; cultura, com materiais dispon\u00edveis; e tamb\u00e9m acesso \u00e0s pol\u00edticas p\u00fablicas.<\/strong><\/p>\n<p>Organizado em Jundia\u00ed pela <a href=\"https:\/\/www.facebook.com\/Coordenadoria-da-Juventude-de-Jundia%C3%AD-227034494027268\/?fref=ts\" target=\"_blank\">Coordenadoria da Juventude<\/a>, o espa\u00e7o j\u00e1 recebeu<strong> mais de 100 oficinas gratuitas<\/strong> em \u00e1reas como <strong>arte, cultura, comunica\u00e7\u00e3o, dan\u00e7a, educa\u00e7\u00e3o, esporte, fotografia, gastronomia, moda, profissionaliza\u00e7\u00e3o, serigrafia e teatro, destinadas a jovens de 15 a 29 anos<\/strong>.<\/p>\n<p>A\u00e7\u00f5es com o Esta\u00e7\u00e3o Juventude tiveram in\u00edcio em <a href=\"https:\/\/jundiai.sp.gov.br\/noticias\/2013\/08\/27\/juventude-participa-do-i-encontro-nacional-de-gestores-em-brasilia\/\">dezembro de 2013, quando Narrinam Camargo, titular da Coordenadoria, participou do 1\u00ba Encontro Nacional de Gestores de Juventude, em Bras\u00edlia<\/a>. Agora, com o programa em andamento, o objetivo \u00e9 conseguir <strong>atender a juventude na pluralidade<\/strong>.<\/p>\n<p><strong>LEIA TAMB\u00c9M<\/strong><br \/>\n<a href=\"https:\/\/jundiai.sp.gov.br\/noticias\/2016\/03\/27\/coordenadoria-prepara-homenagem-aos-22-anos-do-castelo-ra-tim-bum\/\">Coordenadoria da Juventude homenageia Castelo R\u00e1-Tim-Bum<\/a><br \/>\n<a href=\"https:\/\/jundiai.sp.gov.br\/noticias\/2016\/03\/22\/coordenadorias-e-shopping-promovem-campanha-de-conscientizacao\/\">Coordenadorias e shopping fazem campanha de conscientiza\u00e7\u00e3o<\/a><br \/>\n<a href=\"https:\/\/jundiai.sp.gov.br\/noticias\/2016\/03\/31\/forum-sobre-sexualidade-na-adolescencia-lanca-novo-olhar-sobre-o-tema\/\">F\u00f3rum de sexualidade na adolesc\u00eancia lan\u00e7a novo olhar sobre tema<\/a><\/p>\n<div id=\"attachment_172377\" style=\"width: 730px\" class=\"wp-caption aligncenter\"><a href=\"https:\/\/jundiai.sp.gov.br\/noticias\/wp-content\/uploads\/sites\/32\/2016\/04\/Estacao_Juventude_A_2_G.jpg\" rel=\"attachment wp-att-172377\"><img loading=\"lazy\" decoding=\"async\" aria-describedby=\"caption-attachment-172377\" class=\"size-large wp-image-172377\" src=\"https:\/\/jundiai.sp.gov.br\/noticias\/wp-content\/uploads\/sites\/32\/2016\/04\/Estacao_Juventude_A_2_G-720x480.jpg\" alt=\"EJ fica na Avenida Uni\u00e3o dos Ferrovi\u00e1rios, 1600, Complexo Fepasa \" width=\"720\" height=\"480\" srcset=\"https:\/\/jundiai.sp.gov.br\/noticias\/wp-content\/uploads\/sites\/32\/2016\/04\/Estacao_Juventude_A_2_G-720x480.jpg 720w, https:\/\/jundiai.sp.gov.br\/noticias\/wp-content\/uploads\/sites\/32\/2016\/04\/Estacao_Juventude_A_2_G-300x200.jpg 300w, https:\/\/jundiai.sp.gov.br\/noticias\/wp-content\/uploads\/sites\/32\/2016\/04\/Estacao_Juventude_A_2_G-768x512.jpg 768w, https:\/\/jundiai.sp.gov.br\/noticias\/wp-content\/uploads\/sites\/32\/2016\/04\/Estacao_Juventude_A_2_G.jpg 1240w\" sizes=\"auto, (max-width: 720px) 100vw, 720px\" \/><\/a><p id=\"caption-attachment-172377\" class=\"wp-caption-text\">EJ fica na Avenida Uni\u00e3o dos Ferrovi\u00e1rios, 1600, Complexo Fepasa<\/p><\/div>\n<p>\u201cO <strong>EJ faz a diferen\u00e7a na vida dos jovens todos os dias<\/strong>. Deixou de ser um sonho da nossa equipe, e passou a ser uma <strong>oportunidade real de desenvolvimento para a juventude da cidade toda<\/strong>. Hoje temos uma <strong>s\u00e9rie de atividades<\/strong> que visam <strong>desenvolver o jovem e apoi\u00e1-lo nesta trajet\u00f3ria para a vida adulta, como a busca do primeiro emprego e ter ensino superior de qualidade<\/strong>\u201d, destaca a coordenadora.<\/p>\n<div id=\"attachment_172379\" style=\"width: 410px\" class=\"wp-caption alignright\"><a href=\"https:\/\/jundiai.sp.gov.br\/noticias\/wp-content\/uploads\/sites\/32\/2016\/04\/Estacao_Juventude_A_50g.jpg\" rel=\"attachment wp-att-172379\"><img loading=\"lazy\" decoding=\"async\" aria-describedby=\"caption-attachment-172379\" class=\"size-large wp-image-172379\" src=\"https:\/\/jundiai.sp.gov.br\/noticias\/wp-content\/uploads\/sites\/32\/2016\/04\/Estacao_Juventude_A_50g-720x480.jpg\" alt=\"Esta\u00e7\u00e3o Geek vai ter sua segunda edi\u00e7\u00e3o\" width=\"400\" height=\"350\" \/><\/a><p id=\"caption-attachment-172379\" class=\"wp-caption-text\">Esta\u00e7\u00e3o Geek vai ter sua segunda edi\u00e7\u00e3o<\/p><\/div>\n<p>Natalie Regina Monteiro, de 19 anos, que participou do cursinho pr\u00e9-vestibular do EJ, \u00e9 um exemplo de como o espa\u00e7o pode interferir positivamente na vida dos jundiaienses. A <strong>jovem passou em vestibulares muito concorridos no Brasil: o da Universidade Estadual de Campinas (Unicamp) e Universidade Estadual Paulista (Unesp)<\/strong>.<\/p>\n<p>\u201cEu esperava um cursinho normal, mas as <strong>aulas s\u00e3o diferentes<\/strong>. Os professores <strong>incentivam nossa participa\u00e7\u00e3o<\/strong> e procuram sempre utilizar m\u00eddias diferentes, como <strong>leitura, m\u00fasicas e filmes<\/strong> para ilustrar o que explicam. Isso influenciou inclusive na profiss\u00e3o que pretendo seguir, que \u00e9 professora\u201d, disse Natalie.<\/p>\n<p>A inten\u00e7\u00e3o da Coordenadoria \u00e9 <strong>diversificar ainda mais a programa\u00e7\u00e3o de cursos gratuitos para atingir o desenvolvimento dos jovens em sua trajet\u00f3ria de autonomia<\/strong>. Al\u00e9m disso, desde o in\u00edcio do programa, o <strong>\u00f3rg\u00e3o conta com espa\u00e7os para que os pr\u00f3prios jovens deem sugest\u00e3o do que querem ver do EJ<\/strong>.<\/p>\n<p><strong>Pr\u00f3ximos eventos <\/strong><br \/>\nUm dos eventos no Esta\u00e7\u00e3o Juventude que mais chamou a aten\u00e7\u00e3o dos jovens jundiaienses vai ganhar sua segunda edi\u00e7\u00e3o. O <strong><a href=\"https:\/\/jundiai.sp.gov.br\/noticias\/2015\/05\/24\/virada-jundiai-estacao-geek-reune-centenas-de-jovens\/\">Esta\u00e7\u00e3o Geek<\/a>, que re\u00fane diversas atra\u00e7\u00f5es em comemora\u00e7\u00e3o ao Dia do Orgulho Nerd, vai ser em maio<\/strong>. Mais informa\u00e7\u00f5es ser\u00e3o divulgadas em breve pela Coordenadoria.<\/p>\n<p><strong><em>Assessoria de Imprensa<br \/>\nFotos: Fot\u00f3grafos PMJ<\/em><\/strong><\/p>\n","protected":false},"excerpt":{"rendered":"<p>E em pouco tempo, tornou-se ambiente para aprendizado, com oficinas gratuitas; divers\u00e3o, cultura e acesso a pol\u00edticas p\u00fablicas<\/p>\n","protected":false},"author":14,"featured_media":172386,"comment_status":"closed","ping_status":"closed","sticky":false,"template":"","format":"standard","meta":{"footnotes":""},"categories":[2],"tags":[174,449,621],"ods":[],"class_list":["post-172376","post","type-post","status-publish","format-standard","has-post-thumbnail","hentry","category-noticias","tag-coordenadoria-da-juventude","tag-espaco-expressa","tag-estacao-juventude"],"_links":{"self":[{"href":"https:\/\/jundiai.sp.gov.br\/noticias\/wp-json\/wp\/v2\/posts\/172376","targetHints":{"allow":["GET"]}}],"collection":[{"href":"https:\/\/jundiai.sp.gov.br\/noticias\/wp-json\/wp\/v2\/posts"}],"about":[{"href":"https:\/\/jundiai.sp.gov.br\/noticias\/wp-json\/wp\/v2\/types\/post"}],"author":[{"embeddable":true,"href":"https:\/\/jundiai.sp.gov.br\/noticias\/wp-json\/wp\/v2\/users\/14"}],"replies":[{"embeddable":true,"href":"https:\/\/jundiai.sp.gov.br\/noticias\/wp-json\/wp\/v2\/comments?post=172376"}],"version-history":[{"count":13,"href":"https:\/\/jundiai.sp.gov.br\/noticias\/wp-json\/wp\/v2\/posts\/172376\/revisions"}],"predecessor-version":[{"id":183328,"href":"https:\/\/jundiai.sp.gov.br\/noticias\/wp-json\/wp\/v2\/posts\/172376\/revisions\/183328"}],"wp:featuredmedia":[{"embeddable":true,"href":"https:\/\/jundiai.sp.gov.br\/noticias\/wp-json\/wp\/v2\/media\/172386"}],"wp:attachment":[{"href":"https:\/\/jundiai.sp.gov.br\/noticias\/wp-json\/wp\/v2\/media?parent=172376"}],"wp:term":[{"taxonomy":"category","embeddable":true,"href":"https:\/\/jundiai.sp.gov.br\/noticias\/wp-json\/wp\/v2\/categories?post=172376"},{"taxonomy":"post_tag","embeddable":true,"href":"https:\/\/jundiai.sp.gov.br\/noticias\/wp-json\/wp\/v2\/tags?post=172376"},{"taxonomy":"ods","embeddable":true,"href":"https:\/\/jundiai.sp.gov.br\/noticias\/wp-json\/wp\/v2\/ods?post=172376"}],"curies":[{"name":"wp","href":"https:\/\/api.w.org\/{rel}","templated":true}]}}