{"id":172395,"date":"2016-04-04T17:26:49","date_gmt":"2016-04-04T20:26:49","guid":{"rendered":"https:\/\/jundiai.sp.gov.br\/noticias\/?p=172395"},"modified":"2016-11-04T13:25:26","modified_gmt":"2016-11-04T15:25:26","slug":"turismo-prepara-rodada-de-negocios-para-produtos-locais","status":"publish","type":"post","link":"https:\/\/jundiai.sp.gov.br\/noticias\/2016\/04\/04\/turismo-prepara-rodada-de-negocios-para-produtos-locais\/","title":{"rendered":"Turismo prepara rodada de neg\u00f3cios para produtos locais"},"content":{"rendered":"<p><strong>Uma demanda crescente entre visitantes de outras cidades aos hot\u00e9is, restaurantes e atrativos tur\u00edsticos de Jundia\u00ed e a busca de produtos tradicionais do munic\u00edpio consolidam a cidade\u00a0como destino de turismo reconhecido pelos \u00f3rg\u00e3os especializados nacionais e estaduais.<\/strong><\/p>\n<p><a href=\"http:\/\/turismo.jundiai.sp.gov.br\/\" target=\"_blank\">CONFIRA O SITE DO TURISMO JUNDIA\u00cd<\/a><\/p>\n<p>Esse \u00e9 o motivo para a <strong>1\u00aa Rodada de Neg\u00f3cios (Produtos de Jundia\u00ed)<\/strong>, que a Secretaria de Agricultura, Abastecimento e Turismo promove na <strong>segunda-feira (18), no Parque Municipal Comendador Antonio Carbonari, o Parque da Uv<\/strong>a. As <strong>inscri\u00e7\u00f5es est\u00e3o abertas pelo telefone (11) 4589-8580<\/strong> ou pelo e-mail <a href=\"mailto:eleone@jundiai.sp.gov.br\" target=\"_blank\">eleone@jundiai.sp.gov.br<\/a>.<\/p>\n<p><strong>LEIA TAMB\u00c9M<\/strong><br \/>\n<a href=\"https:\/\/jundiai.sp.gov.br\/noticias\/2016\/03\/29\/jundiai-feito-a-mao-reforca-valor-do-artesanato\/\">\u2018Jundia\u00ed Feito \u00e0 M\u00e3o\u2019 refor\u00e7a valor do artesanato<\/a><br \/>\n<a href=\"https:\/\/jundiai.sp.gov.br\/noticias\/2016\/03\/30\/sexta-no-centro-volta-para-agenda-cultural-em-abril\/\">Sexta no Centro volta para agenda cultural em abril<\/a><br \/>\n<a href=\"https:\/\/jundiai.sp.gov.br\/noticias\/2016\/03\/30\/rota-turistica-da-terra-nova-avanca-com-novos-reforcos\/\">Rota Tur\u00edstica da Terra Nova avan\u00e7a com novos refor\u00e7os<\/a><\/p>\n<div id=\"attachment_172396\" style=\"width: 730px\" class=\"wp-caption aligncenter\"><a href=\"https:\/\/jundiai.sp.gov.br\/noticias\/wp-content\/uploads\/sites\/32\/2016\/04\/Festa-da-Uva-2016_D34g.jpg\" rel=\"attachment wp-att-172396\"><img loading=\"lazy\" decoding=\"async\" aria-describedby=\"caption-attachment-172396\" class=\"size-large wp-image-172396\" src=\"https:\/\/jundiai.sp.gov.br\/noticias\/wp-content\/uploads\/sites\/32\/2016\/04\/Festa-da-Uva-2016_D34g-720x494.jpg\" alt=\"Produtos tradicionais tiveram espa\u00e7o na Festa da Uva: rodada busca expandir alcance a turistas\" width=\"720\" height=\"494\" srcset=\"https:\/\/jundiai.sp.gov.br\/noticias\/wp-content\/uploads\/sites\/32\/2016\/04\/Festa-da-Uva-2016_D34g-720x494.jpg 720w, https:\/\/jundiai.sp.gov.br\/noticias\/wp-content\/uploads\/sites\/32\/2016\/04\/Festa-da-Uva-2016_D34g-300x206.jpg 300w, https:\/\/jundiai.sp.gov.br\/noticias\/wp-content\/uploads\/sites\/32\/2016\/04\/Festa-da-Uva-2016_D34g-768x526.jpg 768w, https:\/\/jundiai.sp.gov.br\/noticias\/wp-content\/uploads\/sites\/32\/2016\/04\/Festa-da-Uva-2016_D34g.jpg 1240w\" sizes=\"auto, (max-width: 720px) 100vw, 720px\" \/><\/a><p id=\"caption-attachment-172396\" class=\"wp-caption-text\">Produtos tradicionais tiveram espa\u00e7o na Festa da Uva: rodada busca expandir alcance a turistas<\/p><\/div>\n<p>&#8220;\u00c9 importante um <strong>espa\u00e7o para colocarmos os dois lados para conversar<\/strong>, estimulando os programas <a href=\"http:\/\/turismo.jundiai.sp.gov.br\/atrativos\/emporio\/\" target=\"_blank\">Emp\u00f3rio Jundia\u00ed<\/a> e <a href=\"http:\/\/turismo.jundiai.sp.gov.br\/atrativos\/artesanato-jundiai-feito-a-mao\/\" target=\"_blank\">Jundia\u00ed Feito \u00e0 M\u00e3o<\/a> para ampliarem seu alcance&#8221;, afirma a secret\u00e1ria, Valeria Silveira de Oliveira.<\/p>\n<p>O alvo da rodada \u00e9 o <strong>artesanato e a produ\u00e7\u00e3o associada ao turismo (doces tradicionais, geleias, compotas, vinhos, p\u00e3es, chocolates, alimentos embutidos, cervejas artesanais e outras cria\u00e7\u00f5es exclusivas de pequena escala)<\/strong>.<\/p>\n<p>\u201cVai ser uma<strong> oportunidade para que empresas relacionadas com o turismo receptivo da cidade possam conhecer melhor as alternativas<\/strong> voltadas para esse segmento\u201d, afirma a diretora, Marcela Moro.<\/p>\n<p>Al\u00e9m de <strong>hot\u00e9is, restaurantes e atrativos tur\u00edsticos<\/strong>, o evento tamb\u00e9m vai estar aberto a <strong>institui\u00e7\u00f5es e entidades<\/strong> relacionadas ao setor do turismo. A rodada vai ser <strong>das 9h \u00e0s 17h, com inscri\u00e7\u00e3o gratuita e vagas limitadas<\/strong>.<\/p>\n<p>O <strong>n\u00famero de visitantes da cidade<\/strong> (especialmente na categoria chamada de turismo de um dia) tem <strong>crescido continuamente e chegou, em 2014, ao patamar de 120 mil turistas de neg\u00f3cios e 339 mil turistas de lazer<\/strong>. E os <strong>empregos diretos e indiretos<\/strong> relacionados ao setor s\u00e3o estimados em <strong>32 mil postos<\/strong>.<\/p>\n<p>Uma parte do segmento adulto desses visitantes provavelmente ouviu boas refer\u00eancias sobre as tradi\u00e7\u00f5es de Jundia\u00ed, como a <strong>cita\u00e7\u00e3o das compotas locais pela <a href=\"https:\/\/www.youtube.com\/watch?v=OnKp6PvuSyw\" target=\"_blank\">cantora Marisa Monte na can\u00e7\u00e3o &#8220;Diariamente&#8221;<\/a><\/strong>.<\/p>\n<p><strong><em>Jos\u00e9 Arnaldo de Oliveira<br \/>\nFoto: Arquivo PMJ<\/em><\/strong><\/p>\n","protected":false},"excerpt":{"rendered":"<p>1\u00aa Rodada de Neg\u00f3cios (Produtos de Jundia\u00ed) est\u00e1 marcada para a segunda (18), no Parque da Uva, com inscri\u00e7\u00f5es por telefone ou e-mail<\/p>\n","protected":false},"author":14,"featured_media":166932,"comment_status":"closed","ping_status":"closed","sticky":false,"template":"","format":"standard","meta":{"footnotes":""},"categories":[2],"tags":[41,276],"ods":[],"class_list":["post-172395","post","type-post","status-publish","format-standard","has-post-thumbnail","hentry","category-noticias","tag-agricultura-abastecimento-e-turismo","tag-parque-da-uva"],"_links":{"self":[{"href":"https:\/\/jundiai.sp.gov.br\/noticias\/wp-json\/wp\/v2\/posts\/172395","targetHints":{"allow":["GET"]}}],"collection":[{"href":"https:\/\/jundiai.sp.gov.br\/noticias\/wp-json\/wp\/v2\/posts"}],"about":[{"href":"https:\/\/jundiai.sp.gov.br\/noticias\/wp-json\/wp\/v2\/types\/post"}],"author":[{"embeddable":true,"href":"https:\/\/jundiai.sp.gov.br\/noticias\/wp-json\/wp\/v2\/users\/14"}],"replies":[{"embeddable":true,"href":"https:\/\/jundiai.sp.gov.br\/noticias\/wp-json\/wp\/v2\/comments?post=172395"}],"version-history":[{"count":7,"href":"https:\/\/jundiai.sp.gov.br\/noticias\/wp-json\/wp\/v2\/posts\/172395\/revisions"}],"predecessor-version":[{"id":172404,"href":"https:\/\/jundiai.sp.gov.br\/noticias\/wp-json\/wp\/v2\/posts\/172395\/revisions\/172404"}],"wp:featuredmedia":[{"embeddable":true,"href":"https:\/\/jundiai.sp.gov.br\/noticias\/wp-json\/wp\/v2\/media\/166932"}],"wp:attachment":[{"href":"https:\/\/jundiai.sp.gov.br\/noticias\/wp-json\/wp\/v2\/media?parent=172395"}],"wp:term":[{"taxonomy":"category","embeddable":true,"href":"https:\/\/jundiai.sp.gov.br\/noticias\/wp-json\/wp\/v2\/categories?post=172395"},{"taxonomy":"post_tag","embeddable":true,"href":"https:\/\/jundiai.sp.gov.br\/noticias\/wp-json\/wp\/v2\/tags?post=172395"},{"taxonomy":"ods","embeddable":true,"href":"https:\/\/jundiai.sp.gov.br\/noticias\/wp-json\/wp\/v2\/ods?post=172395"}],"curies":[{"name":"wp","href":"https:\/\/api.w.org\/{rel}","templated":true}]}}