{"id":172466,"date":"2016-04-06T14:34:16","date_gmt":"2016-04-06T17:34:16","guid":{"rendered":"https:\/\/jundiai.sp.gov.br\/noticias\/?p=172466"},"modified":"2016-11-04T13:16:56","modified_gmt":"2016-11-04T15:16:56","slug":"jundiai-fica-entre-os-top-15-do-municipio-verde-e-azul","status":"publish","type":"post","link":"https:\/\/jundiai.sp.gov.br\/noticias\/2016\/04\/06\/jundiai-fica-entre-os-top-15-do-municipio-verde-e-azul\/","title":{"rendered":"Jundia\u00ed fica entre os &#8216;top 15&#8217; do Munic\u00edpio Verde e Azul"},"content":{"rendered":"<p><strong>Com uma forte incorpora\u00e7\u00e3o de cuidados ambientais em seus diversos programas e a\u00e7\u00f5es, Jundia\u00ed foi confirmada na 12\u00aa coloca\u00e7\u00e3o em 2015 entre os 650 munic\u00edpios do Estado de S\u00e3o Paulo avaliados pelo <a href=\"http:\/\/www.ambiente.sp.gov.br\/municipioverdeazul\/\" target=\"_blank\">Programa Munic\u00edpio Verde e Azul<\/a>. O resultado coloca o munic\u00edpio entre os \u201ctop 15\u201d das cidades paulistas e tamb\u00e9m entre os mais importantes do pa\u00eds nas quest\u00f5es de sustentabilidade.<\/strong><\/p>\n<p>\u201c\u00c9 muito importante estarmos nessa posi\u00e7\u00e3o estadual, porque mostra que <strong>a cidade est\u00e1 buscando meios de conservar sua qualidade<\/strong>, mesmo sendo mais dif\u00edcil somar pontos para quem est\u00e1 mais estruturado. E estimula a melhorar sempre\u201d, afirma o prefeito Pedro Bigardi.<\/p>\n<p><strong>LEIA TAMB\u00c9M<\/strong><br \/>\n<a href=\"https:\/\/jundiai.sp.gov.br\/noticias\/2016\/03\/23\/jundiai-leva-urbanismo-caminhavel-a-estudo-nacional\/\">Jundia\u00ed leva urbanismo caminh\u00e1vel a estudo nacional<\/a><br \/>\n<a href=\"https:\/\/jundiai.sp.gov.br\/noticias\/2016\/03\/30\/obras-de-escadao-e-centro-das-artes-recebem-visitas-tecnicas\/\">Obras de Escad\u00e3o e Centro das Artes recebem visitas t\u00e9cnicas<\/a><br \/>\n<a href=\"https:\/\/jundiai.sp.gov.br\/noticias\/2016\/03\/31\/ponte-torta-participa-de-evento-e-e-assunto-de-revista-na-italia\/\">Ponte Torta participa de evento e \u00e9 assunto de revista na It\u00e1lia<\/a><br \/>\n<a href=\"https:\/\/jundiai.sp.gov.br\/noticias\/2016\/04\/05\/comissao-promove-revisao-formal-do-projeto-de-lei-do-plano-diretor\/\">Comiss\u00e3o promove revis\u00e3o formal do projeto de lei do Plano Diretor<\/a><\/p>\n<p><iframe loading=\"lazy\" class=\"alignleft\" width=\"420\" height=\"315\" src=\"https:\/\/www.youtube.com\/embed\/YZnRrQCz7vA\" frameborder=\"0\" allowfullscreen><\/iframe><strong>Essa \u00e9 a terceira vez seguida em que Jundia\u00ed alcan\u00e7a os melhores resultados da hist\u00f3ria do Programa Munic\u00edpio Verde e Azul. De todos os 650 munic\u00edpios paulistas, apenas 120 tiveram pontos suficientes para serem certificados pelo programa.<\/strong><\/p>\n<p>No ano passado, a avalia\u00e7\u00e3o do ano de 2014 deixou Jundia\u00ed em 16\u00ba lugar, e teve como pr\u00eamio um caminh\u00e3o poliguindaste de ca\u00e7ambas. No ano anterior, o in\u00edcio de uma s\u00e9rie de novos programas ambientais, em andamento na cidade, garantira ao munic\u00edpio o 3\u00ba lugar em uma situa\u00e7\u00e3o dif\u00edcil de ser mantida e que teve como pr\u00eamio um caminh\u00e3o de combate a inc\u00eandios.<\/p>\n<p>O &#8220;top 15&#8221; de 2016, al\u00e9m de Jundia\u00ed, \u00e9 formado tamb\u00e9m pelas cidades paulistas de Novo Horizonte, Sert\u00e3ozinho, Botucatu, Irtapira, Catanduva, Bragan\u00e7a Paulista, Votuporanga, Cerquillho, Sorocaba, Len\u00e7\u00f3is Paulista, Ibirarema, Gabriel Monteiro, Votorantim e Campinas.<\/p>\n<p><strong>Avan\u00e7os <\/strong><br \/>\nA secret\u00e1ria de Planejamento e Meio Ambiente, Daniela da Camara Sutti, destaca o trabalho dos diversos setores de governo e da pr\u00f3pria comunidade. \u201cEsse resultado mostra um <strong>grande avan\u00e7o coletivo<\/strong> orientado pelo prefeito Pedro Bigardi e tamb\u00e9m a<strong> preocupa\u00e7\u00e3o dos moradores em processos como o <a href=\"http:\/\/planodiretor.jundiai.sp.gov.br\/\">Plano Diretor Participativo<\/a>, que teve forte presen\u00e7a desse tema<\/strong>\u201d, afirma.<\/p>\n<p>O relat\u00f3rio de Jundia\u00ed foi coordenado pelas t\u00e9cnicas Luciana Maretti e Maria Helena Flavio de Souza Tiraboschi.<\/p>\n<p>Para o diretor Marcelo Pilon, o resultado tamb\u00e9m aponta a tend\u00eancia de integra\u00e7\u00e3o da rede ambiental municipal entre as diversas pastas e autarquias da Prefeitura de Jundia\u00ed.<\/p>\n<p><strong>Pontua\u00e7\u00e3o<\/strong><br \/>\nA nota final do munic\u00edpio, depois de revis\u00e3o, atingiu <strong>93,82 pontos<\/strong>. Entre as diretivas do programa foram 11,99 em esgoto tratado, 11,03 em res\u00edduos s\u00f3lidos, 10 em educa\u00e7\u00e3o ambiental, 10 em cidade sustent\u00e1vel, 10 em conselho ambiental, 9 em biodiversidade, 8 em qualidade do ar, 8 em estrutura ambiental, 8 em gest\u00e3o das \u00e1guas e 7,8 em arboriza\u00e7\u00e3o urbana.<\/p>\n<p><em><strong>Jos\u00e9 Arnaldo de Oliveira<\/strong><\/em><\/p>\n","protected":false},"excerpt":{"rendered":"<p>De 650 munic\u00edpios avaliados, cidade est\u00e1 entre as mais importantes do pa\u00eds nas quest\u00f5es de sustentabilidade<\/p>\n","protected":false},"author":21,"featured_media":172471,"comment_status":"closed","ping_status":"closed","sticky":false,"template":"","format":"standard","meta":{"footnotes":""},"categories":[2],"tags":[32],"ods":[],"class_list":["post-172466","post","type-post","status-publish","format-standard","has-post-thumbnail","hentry","category-noticias","tag-planejamento-e-meio-ambiente"],"_links":{"self":[{"href":"https:\/\/jundiai.sp.gov.br\/noticias\/wp-json\/wp\/v2\/posts\/172466","targetHints":{"allow":["GET"]}}],"collection":[{"href":"https:\/\/jundiai.sp.gov.br\/noticias\/wp-json\/wp\/v2\/posts"}],"about":[{"href":"https:\/\/jundiai.sp.gov.br\/noticias\/wp-json\/wp\/v2\/types\/post"}],"author":[{"embeddable":true,"href":"https:\/\/jundiai.sp.gov.br\/noticias\/wp-json\/wp\/v2\/users\/21"}],"replies":[{"embeddable":true,"href":"https:\/\/jundiai.sp.gov.br\/noticias\/wp-json\/wp\/v2\/comments?post=172466"}],"version-history":[{"count":8,"href":"https:\/\/jundiai.sp.gov.br\/noticias\/wp-json\/wp\/v2\/posts\/172466\/revisions"}],"predecessor-version":[{"id":175958,"href":"https:\/\/jundiai.sp.gov.br\/noticias\/wp-json\/wp\/v2\/posts\/172466\/revisions\/175958"}],"wp:featuredmedia":[{"embeddable":true,"href":"https:\/\/jundiai.sp.gov.br\/noticias\/wp-json\/wp\/v2\/media\/172471"}],"wp:attachment":[{"href":"https:\/\/jundiai.sp.gov.br\/noticias\/wp-json\/wp\/v2\/media?parent=172466"}],"wp:term":[{"taxonomy":"category","embeddable":true,"href":"https:\/\/jundiai.sp.gov.br\/noticias\/wp-json\/wp\/v2\/categories?post=172466"},{"taxonomy":"post_tag","embeddable":true,"href":"https:\/\/jundiai.sp.gov.br\/noticias\/wp-json\/wp\/v2\/tags?post=172466"},{"taxonomy":"ods","embeddable":true,"href":"https:\/\/jundiai.sp.gov.br\/noticias\/wp-json\/wp\/v2\/ods?post=172466"}],"curies":[{"name":"wp","href":"https:\/\/api.w.org\/{rel}","templated":true}]}}