{"id":172575,"date":"2016-04-07T15:19:54","date_gmt":"2016-04-07T18:19:54","guid":{"rendered":"https:\/\/jundiai.sp.gov.br\/noticias\/?p=172575"},"modified":"2016-11-04T11:45:28","modified_gmt":"2016-11-04T13:45:28","slug":"tratamento-de-residuos-e-tema-de-palestra","status":"publish","type":"post","link":"https:\/\/jundiai.sp.gov.br\/noticias\/2016\/04\/07\/tratamento-de-residuos-e-tema-de-palestra\/","title":{"rendered":"Tratamento de Res\u00edduos \u00e9 tema de palestra"},"content":{"rendered":"<p><strong>&#8220;Tratamento de Res\u00edduos S\u00f3lidos&#8221; foi o tema da palestra ministrada pelo secret\u00e1rio de Servi\u00e7os P\u00fablicos, Aguinaldo Leite, na noite dessa ter\u00e7a-feira (5), na Par\u00f3quia S\u00e3o Jos\u00e9, no Almerinda Chaves. O evento marcou a abertura do 1\u00ba Encontro do Conselho Regional da A\u00e7\u00e3o Evangelizadora (Crae).<\/strong><\/p>\n<p><strong>Cerca de 35 pessoas, entre padres, di\u00e1conos e representantes das pastorais<\/strong> participaram do evento, cujo assunto principal remete ao tema da Campanha da Fraternidade de 2016 &#8220;Casa comum, nossa responsabilidade&#8221;.<\/p>\n<p><strong>LEIA TAMB\u00c9M<\/strong><br \/>\n<a href=\"https:\/\/jundiai.sp.gov.br\/noticias\/2016\/04\/05\/comunidade-e-prefeitura-se-unem-no-ivoturucaia\/\">Comunidade e Prefeitura se unem no Ivoturucaia<\/a><br \/>\n<a href=\"https:\/\/jundiai.sp.gov.br\/noticias\/2016\/03\/30\/servicos-publicos-recupera-galeria-danificada-pela-chuva-no-jardim-guanabara\/\">Servi\u00e7os P\u00fablicos recupera galeria danificada pela chuva no Guanabara<\/a><\/p>\n<div id=\"attachment_172578\" style=\"width: 730px\" class=\"wp-caption aligncenter\"><a href=\"https:\/\/jundiai.sp.gov.br\/noticias\/wp-content\/uploads\/sites\/32\/2016\/04\/palestra_aguinaldo_1G.jpg\" rel=\"attachment wp-att-172578\"><img loading=\"lazy\" decoding=\"async\" aria-describedby=\"caption-attachment-172578\" class=\"size-large wp-image-172578\" src=\"https:\/\/jundiai.sp.gov.br\/noticias\/wp-content\/uploads\/sites\/32\/2016\/04\/palestra_aguinaldo_1G-720x442.jpg\" alt=\"O secret\u00e1rio falou sobre a parceria do munic\u00edpio com a Alemanha na gest\u00e3o de res\u00edduos\" width=\"720\" height=\"442\" srcset=\"https:\/\/jundiai.sp.gov.br\/noticias\/wp-content\/uploads\/sites\/32\/2016\/04\/palestra_aguinaldo_1G-720x442.jpg 720w, https:\/\/jundiai.sp.gov.br\/noticias\/wp-content\/uploads\/sites\/32\/2016\/04\/palestra_aguinaldo_1G-300x184.jpg 300w, https:\/\/jundiai.sp.gov.br\/noticias\/wp-content\/uploads\/sites\/32\/2016\/04\/palestra_aguinaldo_1G-768x471.jpg 768w, https:\/\/jundiai.sp.gov.br\/noticias\/wp-content\/uploads\/sites\/32\/2016\/04\/palestra_aguinaldo_1G.jpg 1240w\" sizes=\"auto, (max-width: 720px) 100vw, 720px\" \/><\/a><p id=\"caption-attachment-172578\" class=\"wp-caption-text\">O secret\u00e1rio falou sobre a parceria do munic\u00edpio com a Alemanha na gest\u00e3o de res\u00edduos<\/p><\/div>\n<p>De acordo com o padre Samuel Maciel Rom\u00e3o, o <strong>assunto abordado pelo secret\u00e1rio leva a uma reflex\u00e3o importante e por isso o tema tamb\u00e9m \u00e9 abordado pela Igreja Cat\u00f3lica<\/strong>. \u201cO grande desafio \u00e9 que <strong>cada respons\u00e1vel leve para sua par\u00f3quia e desenvolva o tema na pr\u00e1tica junto a sua comunidade<\/strong>&#8220;, disse.<\/p>\n<p>O secret\u00e1rio Aguinaldo Leite explicou ao p\u00fablico o <strong>panorama mundial e desafios para o desenvolvimento da implanta\u00e7\u00e3o de pol\u00edticas p\u00fablicas na \u00e1rea de tratamento de res\u00edduos s\u00f3lidos<\/strong>. Al\u00e9m disso, falou sobre como o <strong><a href=\"https:\/\/jundiai.sp.gov.br\/servicos-publicos\/projeto-i-nopa\/\">munic\u00edpio de Jundia\u00ed, em parceria com a Alemanha<\/a>, vem investindo para melhorar as quest\u00f5es de descarte dos res\u00edduos que chegam a 400 toneladas por dia<\/strong>.<\/p>\n<p>Ele falou ainda sobre a <strong>estrutura da secretaria, destacou os projetos em andamento e falou sobre as pesquisas e testes com os equipamentos alem\u00e3es (leira e cont\u00eainer), para o tratamento de res\u00edduos org\u00e2nicos<\/strong>.<\/p>\n<p>Aguinaldo tamb\u00e9m <strong>tirou as d\u00favidas dos presentes<\/strong> e comentou da <strong>import\u00e2ncia sobre a conscientiza\u00e7\u00e3o da redu\u00e7\u00e3o dos res\u00edduos para melhorar as condi\u00e7\u00f5es de vida do planeta para as futuras gera\u00e7\u00f5es<\/strong>.<\/p>\n<p><strong><em>Assessoria de Imprensa<br \/>\nFoto: Divulga\u00e7\u00e3o<\/em><\/strong><\/p>\n","protected":false},"excerpt":{"rendered":"<p>&#8220;Tratamento de Res\u00edduos S\u00f3lidos&#8221; foi o tema da palestra ministrada pelo secret\u00e1rio de Servi\u00e7os P\u00fablicos, Aguinaldo Leite, na noite dessa ter\u00e7a-feira (5), na Par\u00f3quia S\u00e3o Jos\u00e9, no Almerinda Chaves. O evento marcou a abertura do 1\u00ba Encontro do Conselho Regional da A\u00e7\u00e3o Evangelizadora (Crae). Cerca de 35 pessoas, entre padres, di\u00e1conos e representantes das pastorais [&hellip;]<\/p>\n","protected":false},"author":14,"featured_media":0,"comment_status":"closed","ping_status":"closed","sticky":false,"template":"","format":"standard","meta":{"footnotes":""},"categories":[2],"tags":[535,401,341],"ods":[],"class_list":["post-172575","post","type-post","status-publish","format-standard","hentry","category-noticias","tag-i-nopa","tag-residuos-solidos","tag-servicos-publicos"],"_links":{"self":[{"href":"https:\/\/jundiai.sp.gov.br\/noticias\/wp-json\/wp\/v2\/posts\/172575","targetHints":{"allow":["GET"]}}],"collection":[{"href":"https:\/\/jundiai.sp.gov.br\/noticias\/wp-json\/wp\/v2\/posts"}],"about":[{"href":"https:\/\/jundiai.sp.gov.br\/noticias\/wp-json\/wp\/v2\/types\/post"}],"author":[{"embeddable":true,"href":"https:\/\/jundiai.sp.gov.br\/noticias\/wp-json\/wp\/v2\/users\/14"}],"replies":[{"embeddable":true,"href":"https:\/\/jundiai.sp.gov.br\/noticias\/wp-json\/wp\/v2\/comments?post=172575"}],"version-history":[{"count":5,"href":"https:\/\/jundiai.sp.gov.br\/noticias\/wp-json\/wp\/v2\/posts\/172575\/revisions"}],"predecessor-version":[{"id":172588,"href":"https:\/\/jundiai.sp.gov.br\/noticias\/wp-json\/wp\/v2\/posts\/172575\/revisions\/172588"}],"wp:attachment":[{"href":"https:\/\/jundiai.sp.gov.br\/noticias\/wp-json\/wp\/v2\/media?parent=172575"}],"wp:term":[{"taxonomy":"category","embeddable":true,"href":"https:\/\/jundiai.sp.gov.br\/noticias\/wp-json\/wp\/v2\/categories?post=172575"},{"taxonomy":"post_tag","embeddable":true,"href":"https:\/\/jundiai.sp.gov.br\/noticias\/wp-json\/wp\/v2\/tags?post=172575"},{"taxonomy":"ods","embeddable":true,"href":"https:\/\/jundiai.sp.gov.br\/noticias\/wp-json\/wp\/v2\/ods?post=172575"}],"curies":[{"name":"wp","href":"https:\/\/api.w.org\/{rel}","templated":true}]}}