{"id":172590,"date":"2016-04-07T15:46:14","date_gmt":"2016-04-07T18:46:14","guid":{"rendered":"https:\/\/jundiai.sp.gov.br\/noticias\/?p=172590"},"modified":"2020-11-05T09:08:54","modified_gmt":"2020-11-05T12:08:54","slug":"defesa-civil-participa-de-oficina-preparatoria-para-operacao-estiagem","status":"publish","type":"post","link":"https:\/\/jundiai.sp.gov.br\/noticias\/2016\/04\/07\/defesa-civil-participa-de-oficina-preparatoria-para-operacao-estiagem\/","title":{"rendered":"Defesa Civil participa de oficina preparat\u00f3ria contra estiagem"},"content":{"rendered":"<div id=\"attachment_172592\" style=\"width: 410px\" class=\"wp-caption alignleft\"><a href=\"https:\/\/jundiai.sp.gov.br\/noticias\/wp-content\/uploads\/sites\/32\/2016\/04\/operacao_estiagem1_G.jpg\" rel=\"attachment wp-att-172592\"><img loading=\"lazy\" decoding=\"async\" aria-describedby=\"caption-attachment-172592\" class=\"size-large wp-image-172592\" src=\"https:\/\/jundiai.sp.gov.br\/noticias\/wp-content\/uploads\/sites\/32\/2016\/04\/operacao_estiagem1_G-720x585.jpg\" alt=\"Aula pr\u00e1tica para treinamento de brigadistas realizada no segundo dia da oficina em Valinhos\" width=\"400\" height=\"350\" \/><\/a><p id=\"caption-attachment-172592\" class=\"wp-caption-text\">Aula pr\u00e1tica para treinamento de brigadistas realizada no segundo dia da oficina em Valinhos<\/p><\/div>\n<p><strong>A Coordenadoria Estadual de Defesa Civil (Cedec) confirmou para 1\u00ba de maio o in\u00edcio da Opera\u00e7\u00e3o Estiagem 2016 e, como pr\u00e9via, promove oficinas preparat\u00f3rias para equipes das Defesas Civis em v\u00e1rias regi\u00f5es do Estado.<\/strong><\/p>\n<p><strong>Seis agentes de Jundia\u00ed<\/strong> estiveram no treinamento em Valinhos, em parceria com o Corpo de Bombeiros, Policiamento Ambiental e representantes da Secretaria Estadual do Meio Ambiente.<\/p>\n<p>A atividade foi dividida em dois dias. Na parte te\u00f3rica, foram discutidas <strong>situa\u00e7\u00f5es de anormalidade, al\u00e9m de assuntos relacionados \u00e0 Opera\u00e7\u00e3o Corta-Fogo e \u00e0 atual situa\u00e7\u00e3o do combate ao mosquito <em>Aedes aegypti<\/em>, com foco nas regi\u00f5es com maior incid\u00eancia de ocorr\u00eancias<\/strong>.<\/p>\n<p>Outros temas abordados foram <strong>solicita\u00e7\u00f5es de recursos resposta\/reconstru\u00e7\u00e3o, o Programa Munic\u00edpio Verde Azul, o uso de aeronaves de combate a inc\u00eandios, kit estiagem, fiscaliza\u00e7\u00e3o de queimadas e inc\u00eandios florestais e a import\u00e2ncia da forma\u00e7\u00e3o regional de brigadistas e como s\u00e3o acionados pelo Corpo de Bombeiros<\/strong>.<\/p>\n<p><strong>LEIA TAMB\u00c9M<\/strong><br \/>\n<a href=\"https:\/\/jundiai.sp.gov.br\/noticias\/2016\/04\/06\/jundiai-fica-entre-os-top-15-do-municipio-verde-e-azul\/\">Jundia\u00ed fica entre os \u2018top 15\u2019 do Munic\u00edpio Verde e Azul<\/a><\/p>\n<p>No segundo dia da oficina, na semana passada, o <strong>Corpo de Bombeiros foi respons\u00e1vel pelas aulas pr\u00e1ticas<\/strong> para a forma\u00e7\u00e3o de brigadistas. \u201cFoi uma <strong>oficina de extrema import\u00e2ncia<\/strong> para aprimorarmos <strong>conhecimento<\/strong> e <strong>agregarmos experi\u00eancias<\/strong> com equipes de outras cidades\u201d, diz a chefe da Divis\u00e3o de Or\u00e7amento da Defesa Civil de Jundia\u00ed, Juliana de Salvia Mazzei Segala.<\/p>\n<p>De acordo com Juliana, os <strong>munic\u00edpios que cumprirem todos os crit\u00e9rios de prepara\u00e7\u00e3o para a Opera\u00e7\u00e3o Estiagem estabelecidos pela Sedec-SP poder\u00e3o receber kit de estiagem, composto por equipamentos m\u00ednimos para uma brigada de inc\u00eandio<\/strong>.<\/p>\n<div id=\"attachment_172594\" style=\"width: 340px\" class=\"wp-caption alignright\"><a href=\"https:\/\/jundiai.sp.gov.br\/noticias\/wp-content\/uploads\/sites\/32\/2016\/04\/operacao_estiagem2_G.jpg\" rel=\"attachment wp-att-172594\"><img loading=\"lazy\" decoding=\"async\" aria-describedby=\"caption-attachment-172594\" class=\"size-large wp-image-172594\" src=\"https:\/\/jundiai.sp.gov.br\/noticias\/wp-content\/uploads\/sites\/32\/2016\/04\/operacao_estiagem2_G-720x930.jpg\" alt=\"Atividade reuniu Defesas Civis de munic\u00edpios da regi\u00e3o em uma extensa programa\u00e7\u00e3o \" width=\"330\" height=\"370\" \/><\/a><p id=\"caption-attachment-172594\" class=\"wp-caption-text\">Atividade reuniu Defesas Civis de munic\u00edpios da regi\u00e3o em uma extensa programa\u00e7\u00e3o<\/p><\/div>\n<p><strong>Por ter uma \u00e1rea de preserva\u00e7\u00e3o em seu territ\u00f3rio, a Prefeitura de Jundia\u00ed iniciou a prepara\u00e7\u00e3o para o per\u00edodo de estiagem<\/strong>, que se estende<strong> at\u00e9 setembro<\/strong>, com antecipa\u00e7\u00e3o. O Comit\u00ea de Combate a Inc\u00eandios, criado no ano passado, j\u00e1 fez a primeira reuni\u00e3o para tra\u00e7ar estrat\u00e9gias para o per\u00edodo, com <strong>foco especial na prote\u00e7\u00e3o da Serra do Japi.<\/strong><\/p>\n<p>O comit\u00ea reuniu representes da Defesa Civil (Jundia\u00ed, Cajamar e Cabre\u00fava), da Secretaria do Meio Ambiente de Cabre\u00fava, do Corpo de Bombeiros de Jundia\u00ed, da\u00a0<a href=\"http:\/\/serradojapi.jundiai.sp.gov.br\/\" target=\"_blank\" rel=\"noopener noreferrer\">Funda\u00e7\u00e3o Serra do Japi<\/a>; da\u00a0Guarda Municipal de Jundia\u00ed e de Cajamar, da Secretaria de Planejamento e Meio Ambiente de Jundia\u00ed, do Gabinete de Gest\u00e3o Integrada Municipal (GGIM) e da AutoBAn, concession\u00e1ria que administra as rodovias Anhanguera e Bandeirantes<\/p>\n<p>Ficou definido que a <strong>Divis\u00e3o da GM de Jundia\u00ed vai ficar \u00e0 frente das a\u00e7\u00f5es, com emprego de equipamentos e pessoas<\/strong>, tanto para as <strong>interven\u00e7\u00f5es preventivas quanto no combate a inc\u00eandio<\/strong>.<\/p>\n<p>Ainda ficou definida a <strong>elabora\u00e7\u00e3o de um mapa<\/strong>, que vai ser dividido em quadrantes e vai indicar as coordenadas (latitude e longitude), disponibilizado a todos os integrantes do Comit\u00ea. O objetivo \u00e9 a<strong> melhor identifica\u00e7\u00e3o do local de eventuais focos de inc\u00eandio na Serra do Japi<\/strong>.<\/p>\n<p><strong>Moradores das \u00e1reas do entorno da Serra, em Jundia\u00ed e Cabre\u00fava, v\u00e3o ser novamente cadastrados e orientados para n\u00e3o fazer o uso de fogo na estiagem<\/strong>. Eles tamb\u00e9m v\u00e3o formar um <strong>canal de informa\u00e7\u00e3o no caso de visualiza\u00e7\u00e3o de focos de inc\u00eandio<\/strong>.<\/p>\n<p>Ficou definido ainda que <strong>vai ser retomada a forma\u00e7\u00e3o da Brigada de Inc\u00eandios Volunt\u00e1ria<\/strong>, por meio da Funda\u00e7\u00e3o Serra do Japi, com a participa\u00e7\u00e3o de pessoas que j\u00e1 participaram no ano passado. A Brigada vai ter como miss\u00e3o <strong>viabilizar aux\u00edlio de terceiros \u00e0s a\u00e7\u00f5es de combate a inc\u00eandios no Japi<\/strong>.<\/p>\n<p>V\u00e3o ser oferecidos <strong>treinamentos de pessoal para combate a inc\u00eandios atrav\u00e9s de parceria com a Funda\u00e7\u00e3o Antonio Antonieta Cintra Gordinho<\/strong>, nos mesmos moldes do ano anterior, permitindo com isso <strong>aprimorar a\u00e7\u00f5es estrat\u00e9gicas de combate a focos de inc\u00eandios<\/strong>.<\/p>\n<p>Como medida de preven\u00e7\u00e3o, v\u00e3o ser tamb\u00e9m realizadas campanhas de <strong>combate \u00e0\u00a0soltura de bal\u00f5es<\/strong>, para prote\u00e7\u00e3o da Serra do Japi.<\/p>\n<p><strong><em>Ivan Lopes<br \/>\nFotos: Divulga\u00e7\u00e3o<\/em><\/strong><\/p>\n","protected":false},"excerpt":{"rendered":"<p>A Coordenadoria Estadual de Defesa Civil (Cedec) confirmou para 1\u00ba de maio o in\u00edcio da Opera\u00e7\u00e3o Estiagem 2016 e, como pr\u00e9via, promove oficinas preparat\u00f3rias para equipes das Defesas Civis em v\u00e1rias regi\u00f5es do Estado. Seis agentes de Jundia\u00ed estiveram no treinamento em Valinhos, em parceria com o Corpo de Bombeiros, Policiamento Ambiental e representantes da [&hellip;]<\/p>\n","protected":false},"author":14,"featured_media":0,"comment_status":"closed","ping_status":"closed","sticky":false,"template":"","format":"standard","meta":{"footnotes":""},"categories":[2],"tags":[34,574,250,31,32],"ods":[],"class_list":["post-172590","post","type-post","status-publish","format-standard","hentry","category-noticias","tag-defesa-civil","tag-fundacao-serra-do-japi","tag-gabinete-de-gestao-integrada-municipal-ggim","tag-guarda-municipal","tag-planejamento-e-meio-ambiente"],"_links":{"self":[{"href":"https:\/\/jundiai.sp.gov.br\/noticias\/wp-json\/wp\/v2\/posts\/172590","targetHints":{"allow":["GET"]}}],"collection":[{"href":"https:\/\/jundiai.sp.gov.br\/noticias\/wp-json\/wp\/v2\/posts"}],"about":[{"href":"https:\/\/jundiai.sp.gov.br\/noticias\/wp-json\/wp\/v2\/types\/post"}],"author":[{"embeddable":true,"href":"https:\/\/jundiai.sp.gov.br\/noticias\/wp-json\/wp\/v2\/users\/14"}],"replies":[{"embeddable":true,"href":"https:\/\/jundiai.sp.gov.br\/noticias\/wp-json\/wp\/v2\/comments?post=172590"}],"version-history":[{"count":10,"href":"https:\/\/jundiai.sp.gov.br\/noticias\/wp-json\/wp\/v2\/posts\/172590\/revisions"}],"predecessor-version":[{"id":257507,"href":"https:\/\/jundiai.sp.gov.br\/noticias\/wp-json\/wp\/v2\/posts\/172590\/revisions\/257507"}],"wp:attachment":[{"href":"https:\/\/jundiai.sp.gov.br\/noticias\/wp-json\/wp\/v2\/media?parent=172590"}],"wp:term":[{"taxonomy":"category","embeddable":true,"href":"https:\/\/jundiai.sp.gov.br\/noticias\/wp-json\/wp\/v2\/categories?post=172590"},{"taxonomy":"post_tag","embeddable":true,"href":"https:\/\/jundiai.sp.gov.br\/noticias\/wp-json\/wp\/v2\/tags?post=172590"},{"taxonomy":"ods","embeddable":true,"href":"https:\/\/jundiai.sp.gov.br\/noticias\/wp-json\/wp\/v2\/ods?post=172590"}],"curies":[{"name":"wp","href":"https:\/\/api.w.org\/{rel}","templated":true}]}}