{"id":172631,"date":"2016-04-07T18:22:04","date_gmt":"2016-04-07T21:22:04","guid":{"rendered":"https:\/\/jundiai.sp.gov.br\/noticias\/?p=172631"},"modified":"2016-11-04T11:45:30","modified_gmt":"2016-11-04T13:45:30","slug":"secretario-de-cultura-sera-jurado-de-bandas-da-le-chef-a-pe","status":"publish","type":"post","link":"https:\/\/jundiai.sp.gov.br\/noticias\/2016\/04\/07\/secretario-de-cultura-sera-jurado-de-bandas-da-le-chef-a-pe\/","title":{"rendered":"Secret\u00e1rio de Cultura ser\u00e1 jurado de bandas da Le Chef a P\u00e9"},"content":{"rendered":"<p><strong>A segunda temporada do Music Food Festival, \u201cbatalha\u201d de bandas criada pela Le Chef a P\u00e9 \u2013 Food &#038; Art, est\u00e1 pronta. Todos os jurados j\u00e1 confirmaram participa\u00e7\u00e3o nas apresenta\u00e7\u00f5es, entre 15 e 17 de abril, de sexta a domingo, no local onde a Le Chef tradicionalmente marca sua presen\u00e7a: a avenida 9 de Julho, atr\u00e1s do posto Bate-Bola. O secret\u00e1rio de Cultura de Jundia\u00ed, Jean Camoleze, ser\u00e1 um dos jurados da grande final, no domingo (17). O evento tem apoio cultural da Prefeitura de Jundia\u00ed, por meio da Secretaria de Cultura.<\/strong><\/p>\n<p>Produtor cultural, gestor p\u00fablico e historiador, ele assumiu a pasta recentemente e aceitou o convite de Nat\u00e1lia De Marco Hrdlicka, idealizadora da feira gastron\u00f4mica e criadora da marca <a href=\"https:\/\/www.facebook.com\/feiralechefape\/\" target=\"_blank\">Le Chef a P\u00e9 \u2013 Food &#038; Art<\/a>, devido \u00e0 import\u00e2ncia desta iniciativa para a cultura local. \u201cIncentivar o fomento cultural e art\u00edstico, seja de maneira p\u00fablica ou privada, \u00e9 fundamental para a constru\u00e7\u00e3o de uma sociedade mais democr\u00e1tica\u201d, disse o secret\u00e1rio. <\/p>\n<p><strong>LEIA TAMB\u00c9M<br \/>\n<a href=\"https:\/\/jundiai.sp.gov.br\/noticias\/2016\/04\/07\/ivoturucaia-tem-1o-encontro-de-violeiros-no-domingo-10\/\" target=\"_blank\">Ivoturucaia tem 1\u00ba Encontro de Violeiros no domingo (10)<\/strong><\/a><br \/>\n<a href=\"https:\/\/jundiai.sp.gov.br\/noticias\/2016\/04\/07\/ponte-torta-e-premiada-entre-melhores-do-mundo-na-italia\/\" target=\"_blank\"><strong>Ponte Torta \u00e9 premiada entre melhores do mundo na It\u00e1lia<\/strong><\/a><br \/>\n<a href=\"https:\/\/jundiai.sp.gov.br\/noticias\/2016\/04\/07\/cultura-inicia-novo-programa-feira-entorta-neste-domingo-10\/\" target=\"_blank\"><strong>Cultura inicia novo programa \u2018Feira Entorta\u2019 neste domingo (10)<\/strong><\/a><\/p>\n<p><div id=\"attachment_172634\" style=\"width: 340px\" class=\"wp-caption alignleft\"><a href=\"https:\/\/jundiai.sp.gov.br\/noticias\/wp-content\/uploads\/sites\/32\/2016\/04\/Jean_g.jpg\" rel=\"attachment wp-att-172634\"><img loading=\"lazy\" decoding=\"async\" aria-describedby=\"caption-attachment-172634\" src=\"https:\/\/jundiai.sp.gov.br\/noticias\/wp-content\/uploads\/sites\/32\/2016\/04\/Jean_g-592x960.jpg\" alt=\"Para o secret\u00e1rio de Cultura Jean Camoleze, evento ajuda a difundir a arte\" width=\"330\" height=\"380\" class=\"size-large wp-image-172634\" \/><\/a><p id=\"caption-attachment-172634\" class=\"wp-caption-text\">Para o secret\u00e1rio de Cultura Jean Camoleze, evento ajuda a difundir a arte<\/p><\/div>E emendou: \u201cEventos como este festival colaboram para difundir a arte, que faz parte da nossa ess\u00eancia como seres humanos.\u201d <\/p>\n<p>Ainda da \u00e1rea cultural, estar\u00e3o presentes Kleberson Alexandro Pinto, publicit\u00e1rio, diretor de A\u00e7\u00e3o Comunit\u00e1ria da Secretaria da Cultura, e o ex-secret\u00e1rio da pasta T\u00e9rcio Marinho, produtor cultural e especialista em desenvolvimento de projetos para \u00e1rea cultural.<\/p>\n<p>Tamb\u00e9m dar\u00e3o \u2018peso\u2019 ao j\u00fari os produtores musicais Will Geraldo e Mark Monegatto; os m\u00fasicos Richard Haddad, baterista da banda Locomotron; Henrique Garcia, o Rike, vocalista e compositor da banda NDK; e Rog\u00e9rio Censi, vocalista e guitarrista da banda Radical Chic (tamb\u00e9m ator, produtor art\u00edstico e especialista em Marketing). Completando o time, os comunicadores e formadores de opini\u00e3o: Cristiano Pierobon, Filipe Mantovan, Tainan Franco e Edu Cerioni.<\/p>\n<p><strong>Sele\u00e7\u00e3o<\/strong><br \/>\n<strong>Oito bandas foram selecionadas pela curadoria da Le Chef a P\u00e9 para participar do Music Food Festival. Quatro se apresentar\u00e3o na sexta e outras quatro, no s\u00e1bado. A cada dia, elas ser\u00e3o avaliadas por quatro jurados presentes e duas ser\u00e3o desclassificadas. Portanto, no domingo, as duas selecionadas de cada dia voltam ao palco da Le Chef e se apresentam para a grande final. <\/strong><\/p>\n<p>As quatro finalistas receber\u00e3o diversos pr\u00eamios, garantidos por meio de apoiadores do evento (entre eles, produ\u00e7\u00e3o e grava\u00e7\u00e3o de uma m\u00fasica em est\u00fadio, shows em locais conceituados, tatuagens, sess\u00e3o de fotos, entre muitos outros).<\/p>\n<p>Cada banda ter\u00e1 45 minutos para apresentar tr\u00eas m\u00fasicas (uma pr\u00f3pria e outras a seu crit\u00e9rio), montar e desmontar seu equipamento. A bandas participantes s\u00e3o: Dogma, Engenheiro e os Dipromata, Os mensageiros, Boca de Lobo, Rockstrada, Metamorffose, Old Street e Head Piston.<\/p>\n<p><strong>Servi\u00e7o<\/strong><br \/>\n<strong>Le Chef a P\u00e9 Food &#038; Art \u2013 A Feira Criativa<br \/>\nOnde:<\/strong> avenida 9 de Julho, ao lado do posto Bate-Bola, em Jundia\u00ed\/SP<br \/>\n<strong>Quando:<\/strong> dias 15, 16 e 17 de abril de 2016 (sexta e s\u00e1bado, das 17h \u00e0s 23h; domingo, das 12h \u00e0s 22h)<br \/>\n<strong>Entrada:<\/strong> gratuita<\/p>\n<p><em><strong>Assessoria de Imprensa<br \/>\nFoto: Arquivo PMJ<\/strong><\/em><\/p>\n","protected":false},"excerpt":{"rendered":"<p>A segunda temporada do Music Food Festival, \u201cbatalha\u201d de bandas criada pela Le Chef a P\u00e9 \u2013 Food &#038; Art, est\u00e1 pronta. Todos os jurados j\u00e1 confirmaram participa\u00e7\u00e3o nas apresenta\u00e7\u00f5es, entre 15 e 17 de abril, de sexta a domingo, no local onde a Le Chef tradicionalmente marca sua presen\u00e7a: a avenida 9 de Julho, [&hellip;]<\/p>\n","protected":false},"author":10,"featured_media":0,"comment_status":"closed","ping_status":"closed","sticky":false,"template":"","format":"standard","meta":{"footnotes":""},"categories":[2],"tags":[29,399],"ods":[],"class_list":["post-172631","post","type-post","status-publish","format-standard","hentry","category-noticias","tag-cultura","tag-musica"],"_links":{"self":[{"href":"https:\/\/jundiai.sp.gov.br\/noticias\/wp-json\/wp\/v2\/posts\/172631","targetHints":{"allow":["GET"]}}],"collection":[{"href":"https:\/\/jundiai.sp.gov.br\/noticias\/wp-json\/wp\/v2\/posts"}],"about":[{"href":"https:\/\/jundiai.sp.gov.br\/noticias\/wp-json\/wp\/v2\/types\/post"}],"author":[{"embeddable":true,"href":"https:\/\/jundiai.sp.gov.br\/noticias\/wp-json\/wp\/v2\/users\/10"}],"replies":[{"embeddable":true,"href":"https:\/\/jundiai.sp.gov.br\/noticias\/wp-json\/wp\/v2\/comments?post=172631"}],"version-history":[{"count":5,"href":"https:\/\/jundiai.sp.gov.br\/noticias\/wp-json\/wp\/v2\/posts\/172631\/revisions"}],"predecessor-version":[{"id":172639,"href":"https:\/\/jundiai.sp.gov.br\/noticias\/wp-json\/wp\/v2\/posts\/172631\/revisions\/172639"}],"wp:attachment":[{"href":"https:\/\/jundiai.sp.gov.br\/noticias\/wp-json\/wp\/v2\/media?parent=172631"}],"wp:term":[{"taxonomy":"category","embeddable":true,"href":"https:\/\/jundiai.sp.gov.br\/noticias\/wp-json\/wp\/v2\/categories?post=172631"},{"taxonomy":"post_tag","embeddable":true,"href":"https:\/\/jundiai.sp.gov.br\/noticias\/wp-json\/wp\/v2\/tags?post=172631"},{"taxonomy":"ods","embeddable":true,"href":"https:\/\/jundiai.sp.gov.br\/noticias\/wp-json\/wp\/v2\/ods?post=172631"}],"curies":[{"name":"wp","href":"https:\/\/api.w.org\/{rel}","templated":true}]}}