{"id":172669,"date":"2016-04-08T14:42:25","date_gmt":"2016-04-08T17:42:25","guid":{"rendered":"https:\/\/jundiai.sp.gov.br\/noticias\/?p=172669"},"modified":"2016-11-04T13:15:33","modified_gmt":"2016-11-04T15:15:33","slug":"festival-especial-regional-de-atletismo-do-peama-na-quarta-27","status":"publish","type":"post","link":"https:\/\/jundiai.sp.gov.br\/noticias\/2016\/04\/08\/festival-especial-regional-de-atletismo-do-peama-na-quarta-27\/","title":{"rendered":"Festival Regional de Atletismo do Peama vai ser na quarta (27)"},"content":{"rendered":"<p><strong>Com objetivo de proporcionar a integra\u00e7\u00e3o de pessoas com defici\u00eancia por meio do atletismo, o Programa de Esportes e Atividades Motoras Adaptadas (Peama) traz este ano mais uma edi\u00e7\u00e3o do Festival Especial Regional da modalidade, o Fera. O evento vai ser no Complexo Poliesportivo Dr. Nicolino de Lucca (Bol\u00e3o), na quarta-feira (27), a partir das 8h30.<\/strong><\/p>\n<p><strong>LEIA TAMB\u00c9M<\/strong><br \/>\n<a href=\"https:\/\/jundiai.sp.gov.br\/noticias\/2016\/04\/04\/zumba-inicia-mes-de-abril-com-muito-agito\/\">\u2018Zumba\u2019 inicia m\u00eas de abril com muito agito<\/a><br \/>\n<a href=\"https:\/\/jundiai.sp.gov.br\/noticias\/2016\/03\/30\/prefeito-recebe-visita-de-atletas-do-peama-que-vao-para-noruega\/\">Prefeito recebe visita de atletas do Peama que v\u00e3o para Noruega<\/a><br \/>\n<a href=\"https:\/\/jundiai.sp.gov.br\/noticias\/2016\/04\/04\/peama-brilha-no-circuito-track-and-field-e-no-paulista-de-goalball\/\">Peama brilha no Circuito Track and Field e no Paulista de Goalball<\/a><\/p>\n<div id=\"attachment_172672\" style=\"width: 730px\" class=\"wp-caption aligncenter\"><a href=\"https:\/\/jundiai.sp.gov.br\/noticias\/wp-content\/uploads\/sites\/32\/2016\/04\/cadeiras_G_g.jpg\" rel=\"attachment wp-att-172672\"><img loading=\"lazy\" decoding=\"async\" aria-describedby=\"caption-attachment-172672\" class=\"size-full wp-image-172672\" src=\"https:\/\/jundiai.sp.gov.br\/noticias\/wp-content\/uploads\/sites\/32\/2016\/04\/cadeiras_G_g.jpg\" alt=\"Supera\u00e7\u00e3o, determina\u00e7\u00e3o, integra\u00e7\u00e3o e conquistas\" width=\"720\" height=\"513\" \/><\/a><p id=\"caption-attachment-172672\" class=\"wp-caption-text\">Supera\u00e7\u00e3o, determina\u00e7\u00e3o, integra\u00e7\u00e3o e conquistas<\/p><\/div>\n<p>O festival \u00e9 direcionado aos alunos com poucas oportunidades de participa\u00e7\u00e3o em competi\u00e7\u00f5es. Esse vai ser o primeiro contato de muitos deles com o atletismo, esporte que ajuda no aperfei\u00e7oamento dos movimentos fundamentais, como correr, saltar, arremessar e lan\u00e7ar.<\/p>\n<p><strong>Todos os anos participam aproximadamente 15 entidades de Jundia\u00ed e regi\u00e3o<\/strong>. \u201cEstes atletas iniciantes esperam ansiosos por este dia, em que cada qual vai correr \u00e0 sua maneira, alguns com ajuda de muletas, bengalas, andadores e cadeira de rodas. Por\u00e9m, felizes da vida, voltam para casa com a medalha conquistada que vai muito al\u00e9m do pr\u00eamio em si\u201d, disse a diretora do programa, Denise Neves.<\/p>\n<div id=\"attachment_172673\" style=\"width: 730px\" class=\"wp-caption aligncenter\"><a href=\"https:\/\/jundiai.sp.gov.br\/noticias\/wp-content\/uploads\/sites\/32\/2016\/04\/unnamed_G2_g.jpg\" rel=\"attachment wp-att-172673\"><img loading=\"lazy\" decoding=\"async\" aria-describedby=\"caption-attachment-172673\" class=\"size-full wp-image-172673\" src=\"https:\/\/jundiai.sp.gov.br\/noticias\/wp-content\/uploads\/sites\/32\/2016\/04\/unnamed_G2_g.jpg\" alt=\"No festival cada aluno ir\u00e1 participar \u00e0 sua maneira \" width=\"720\" height=\"513\" \/><\/a><p id=\"caption-attachment-172673\" class=\"wp-caption-text\">No festival cada aluno ir\u00e1 participar \u00e0 sua maneira<\/p><\/div>\n<p>A a\u00e7\u00e3o, <strong>aberta ao p\u00fablico<\/strong>, est\u00e1 dentro da filosofia do Peama de<strong> dar oportunidades para que todas as pessoas com defici\u00eancia possam desenvolver e desfrutar de quaisquer atividades, seguindo os princ\u00edpios de supera\u00e7\u00e3o, determina\u00e7\u00e3o, integra\u00e7\u00e3o e conquistas<\/strong>.<\/p>\n<p><em><strong>Assessoria de Imprensa<br \/>\nFotos: Fot\u00f3grafos PMJ<\/strong><\/em><\/p>\n","protected":false},"excerpt":{"rendered":"<p>Com objetivo de proporcionar a integra\u00e7\u00e3o de pessoas com defici\u00eancia por meio do atletismo, o Programa de Esportes e Atividades Motoras Adaptadas (Peama) traz este ano mais uma edi\u00e7\u00e3o do Festival Especial Regional da modalidade, o Fera. O evento vai ser no Complexo Poliesportivo Dr. Nicolino de Lucca (Bol\u00e3o), na quarta-feira (27), a partir das [&hellip;]<\/p>\n","protected":false},"author":21,"featured_media":0,"comment_status":"closed","ping_status":"closed","sticky":false,"template":"","format":"standard","meta":{"footnotes":""},"categories":[2],"tags":[110,35,872,96],"ods":[],"class_list":["post-172669","post","type-post","status-publish","format-standard","hentry","category-noticias","tag-bolao","tag-esporte-e-lazer","tag-festival-especial-regional-de-atletismo-fera","tag-programa-de-esportes-e-atividades-motoras-adaptadas-peama"],"_links":{"self":[{"href":"https:\/\/jundiai.sp.gov.br\/noticias\/wp-json\/wp\/v2\/posts\/172669","targetHints":{"allow":["GET"]}}],"collection":[{"href":"https:\/\/jundiai.sp.gov.br\/noticias\/wp-json\/wp\/v2\/posts"}],"about":[{"href":"https:\/\/jundiai.sp.gov.br\/noticias\/wp-json\/wp\/v2\/types\/post"}],"author":[{"embeddable":true,"href":"https:\/\/jundiai.sp.gov.br\/noticias\/wp-json\/wp\/v2\/users\/21"}],"replies":[{"embeddable":true,"href":"https:\/\/jundiai.sp.gov.br\/noticias\/wp-json\/wp\/v2\/comments?post=172669"}],"version-history":[{"count":6,"href":"https:\/\/jundiai.sp.gov.br\/noticias\/wp-json\/wp\/v2\/posts\/172669\/revisions"}],"predecessor-version":[{"id":172837,"href":"https:\/\/jundiai.sp.gov.br\/noticias\/wp-json\/wp\/v2\/posts\/172669\/revisions\/172837"}],"wp:attachment":[{"href":"https:\/\/jundiai.sp.gov.br\/noticias\/wp-json\/wp\/v2\/media?parent=172669"}],"wp:term":[{"taxonomy":"category","embeddable":true,"href":"https:\/\/jundiai.sp.gov.br\/noticias\/wp-json\/wp\/v2\/categories?post=172669"},{"taxonomy":"post_tag","embeddable":true,"href":"https:\/\/jundiai.sp.gov.br\/noticias\/wp-json\/wp\/v2\/tags?post=172669"},{"taxonomy":"ods","embeddable":true,"href":"https:\/\/jundiai.sp.gov.br\/noticias\/wp-json\/wp\/v2\/ods?post=172669"}],"curies":[{"name":"wp","href":"https:\/\/api.w.org\/{rel}","templated":true}]}}