{"id":172791,"date":"2016-04-09T17:52:20","date_gmt":"2016-04-09T20:52:20","guid":{"rendered":"https:\/\/jundiai.sp.gov.br\/noticias\/?p=172791"},"modified":"2016-11-04T13:21:05","modified_gmt":"2016-11-04T15:21:05","slug":"prefeito-faz-visita-em-obra-de-ampliacao-de-hospital-do-grendacc","status":"publish","type":"post","link":"https:\/\/jundiai.sp.gov.br\/noticias\/2016\/04\/09\/prefeito-faz-visita-em-obra-de-ampliacao-de-hospital-do-grendacc\/","title":{"rendered":"Prefeito faz visita em obra de amplia\u00e7\u00e3o de hospital do Grendacc"},"content":{"rendered":"<p><iframe loading=\"lazy\" class=\"alignright\" src=\"https:\/\/www.youtube.com\/embed\/quAqS5h38Eg\" width=\"420\" height=\"315\" frameborder=\"0\" allowfullscreen=\"allowfullscreen\"><\/iframe><strong>O pequeno M\u00e1thillo, 6 anos, \u00e9 paciente do Grendacc (Grupo em Defesa da Crian\u00e7a com C\u00e2ncer) h\u00e1 quase 10 meses. Ele mesmo fez quest\u00e3o de contar isso ao encontrar casualmente com o prefeito Pedro Bigardi, neste s\u00e1bado (9), nas depend\u00eancias das futuras instala\u00e7\u00f5es do Hospital da Crian\u00e7a. As obras entraram na fase de conclus\u00e3o.<\/strong><\/p>\n<p>M\u00e1thillo e Bigardi trocaram cumprimentos e conversaram at\u00e9 sobre futebol. <strong>O prefeito visitou as obras e destacou a import\u00e2ncia da institui\u00e7\u00e3o para Jundia\u00ed.<\/strong> \u201c\u00c9 uma refer\u00eancia para a cidade, o Estado e o Brasil. Me coloco sempre \u00e0 disposi\u00e7\u00e3o para colaborar com este trabalho, que merece todo o respeito. Desde a \u00e9poca que atuava na Assembleia Legislativa como deputado, eu me esfor\u00e7ava para conseguir recursos para que o Grendacc se tornasse p\u00f3lo de atendimento que \u00e9 hoje\u201d, diz.<\/p>\n<p>Bigardi fez quest\u00e3o de participar da casa aberta ou visita oficial das instala\u00e7\u00f5es de amplia\u00e7\u00e3o do pr\u00e9dio. O prefeito passou pelo bazar permanente promovido pelo hospital. \u201cMe identifico muito com a causa, o m\u00e9todo de trabalho e a estrutura oferecida pelo Grendacc. Participar sempre \u00e9 importante\u201d, comenta.<\/p>\n<p><strong>LEIA TAMB\u00c9M<\/strong><br \/>\n<strong><a class=\"titulo-lista\" title=\"Plano Diretor desenha uma Jundia\u00ed acess\u00edvel para todos\" href=\"https:\/\/jundiai.sp.gov.br\/noticias\/2016\/03\/03\/plano-diretor-participativo-desenha-uma-jundiai-acessivel-para-todos\/\" rel=\"bookmark\">Plano Diretor desenha uma Jundia\u00ed acess\u00edvel para todos<\/a><\/strong><br \/>\n<strong><a class=\"titulo-lista\" title=\"Coordenadoria oferece transporte gratuito para Caravana Cultural\" href=\"https:\/\/jundiai.sp.gov.br\/noticias\/2016\/04\/08\/coordenadoria-oferece-transporte-gratuito-para-caravana-cultural\/\" rel=\"bookmark\">Coordenadoria oferece transporte gratuito para Caravana Cultural<\/a><\/strong><\/p>\n<div id=\"attachment_172792\" style=\"width: 730px\" class=\"wp-caption aligncenter\"><a href=\"https:\/\/jundiai.sp.gov.br\/noticias\/wp-content\/uploads\/sites\/32\/2016\/04\/greendac_D1g.jpg\" rel=\"attachment wp-att-172792\"><img loading=\"lazy\" decoding=\"async\" aria-describedby=\"caption-attachment-172792\" class=\"size-large wp-image-172792\" src=\"https:\/\/jundiai.sp.gov.br\/noticias\/wp-content\/uploads\/sites\/32\/2016\/04\/greendac_D1g-720x507.jpg\" alt=\"Prefeito Pedro Bigardi cumprimenta M\u00e1thillo, 6 anos, que h\u00e1 10 meses \u00e9 paciente do Grendacc\" width=\"720\" height=\"507\" srcset=\"https:\/\/jundiai.sp.gov.br\/noticias\/wp-content\/uploads\/sites\/32\/2016\/04\/greendac_D1g-720x507.jpg 720w, https:\/\/jundiai.sp.gov.br\/noticias\/wp-content\/uploads\/sites\/32\/2016\/04\/greendac_D1g-300x211.jpg 300w, https:\/\/jundiai.sp.gov.br\/noticias\/wp-content\/uploads\/sites\/32\/2016\/04\/greendac_D1g-768x541.jpg 768w, https:\/\/jundiai.sp.gov.br\/noticias\/wp-content\/uploads\/sites\/32\/2016\/04\/greendac_D1g.jpg 1240w\" sizes=\"auto, (max-width: 720px) 100vw, 720px\" \/><\/a><p id=\"caption-attachment-172792\" class=\"wp-caption-text\">Prefeito Pedro Bigardi cumprimenta M\u00e1thillo, 6 anos, que h\u00e1 10 meses \u00e9 paciente do Grendacc<\/p><\/div>\n<p>De acordo com a presidente da institui\u00e7\u00e3o, Verci Andr\u00eao B\u00fatalo, a expectativa que as obras do Hospital da Crian\u00e7a sejam entregues ainda este ano. \u201cJ\u00e1 entramos na \u00faltima fase e toda a ajuda \u00e9 essencial\u201d, comenta.<\/p>\n<p>A adequa\u00e7\u00e3o da estrutura ambulatorial da institui\u00e7\u00e3o permitir\u00e1 o atendimento 24 horas e interna\u00e7\u00e3o dos pacientes j\u00e1 na fase inicial, o que hoje n\u00e3o acontece. A inten\u00e7\u00e3o \u00e9 ampliar tamb\u00e9m as patologias, al\u00e9m de aumentar o atendimento para pessoas de outros munic\u00edpios.<\/p>\n<p>\u201cVamos ter 11 leitos de interna\u00e7\u00e3o, um centro cir\u00fargico e dois leitos cir\u00fargicos de recupera\u00e7\u00e3o p\u00f3s-anest\u00e9sica, al\u00e9m de cinco leitos de Unidade de Terapia Intensiva (UTI), A proposta \u00e9 que os pacientes n\u00e3o precisem ser mais transferidos para outros hospitais\u201d, explica a presidente.<\/p>\n<p>A amplia\u00e7\u00e3o j\u00e1 consumiu investimentos na ordem de R$ 680 mil. Pelos c\u00e1lculos da dire\u00e7\u00e3o restam cerca de R$ 890 mil, sendo que R$ 500 mil ser\u00e3o consumidos s\u00f3 para a instala\u00e7\u00e3o da central de ar-condicionado hospitalar com filtragem especial para os pacientes com c\u00e2ncer. \u201cPor isso toda a colabora\u00e7\u00e3o \u00e9 muito bem-vinda. Tenho esperan\u00e7a \u00e9 que nosso sonho ser\u00e1 realizado\u201d, comenta Verci.<\/p>\n<div id=\"attachment_172793\" style=\"width: 410px\" class=\"wp-caption alignright\"><a href=\"https:\/\/jundiai.sp.gov.br\/noticias\/wp-content\/uploads\/sites\/32\/2016\/04\/greendac_D3g.jpg\" rel=\"attachment wp-att-172793\"><img loading=\"lazy\" decoding=\"async\" aria-describedby=\"caption-attachment-172793\" class=\"size-large wp-image-172793\" src=\"https:\/\/jundiai.sp.gov.br\/noticias\/wp-content\/uploads\/sites\/32\/2016\/04\/greendac_D3g-720x570.jpg\" alt=\"Pedro Bigardi e a presidente Verci B\u00fatalo durante visita ao Grendacc neste s\u00e1bado\" width=\"400\" height=\"350\" \/><\/a><p id=\"caption-attachment-172793\" class=\"wp-caption-text\">Pedro Bigardi e a presidente Verci B\u00fatalo durante visita ao Grendacc neste s\u00e1bado<\/p><\/div>\n<p>A reforma do pr\u00e9dio administrativo do Grendacc tamb\u00e9m est\u00e1 na fase de conclus\u00e3o. S\u00e3o dois pavimentos com um total de 450 metros quadrados de constru\u00e7\u00e3o. A obra foi or\u00e7ada em R$ 800 mil, sendo que R$ 262,910 mil sa\u00edram de recursos da pr\u00f3pria institui\u00e7\u00e3o.<\/p>\n<p>Durante a visita ao futuro Hospital da Crian\u00e7a, Verci B\u00fatalo (presidente), Gilberto B\u00fatalo (administrador) e Daniel Thom\u00e9 Catalan (gestor de suporte e qualidade) <strong>agradeceram o esfor\u00e7o para que R$ 500 mil provenientes da economia or\u00e7ament\u00e1ria da C\u00e2mara Municipal, em 2013, na gest\u00e3o do ent\u00e3o presidente Gerson Sartori, e que foram devolvidos \u00e0 Prefeitura, fossem repassados ao Grendacc, por meio de uma lei assinada pelo prefeito Pedro Bigardi. \u201cDoa\u00e7\u00f5es s\u00e3o essenciais para que possamos aumentar nosso atendimento com a qualidade que oferecemos hoje, S\u00f3 tenho que agradecer ao Pedro pelo o que ele nos fez\u201d, elogia a presidente Verci.<\/strong><\/p>\n<p>Estiveram tamb\u00e9m presente no evento, D\u00eanis Crupe, secret\u00e1rio de Administra\u00e7\u00e3o e Gest\u00e3o e Narrinam Camargo, respons\u00e1vel pela Coordenadoria da Juventude.<\/p>\n<p><strong><em>Ivan Lopes<\/em><\/strong><br \/>\n<strong><em> Fotos: Dorival Pinheiro Filho<\/em><\/strong><\/p>\n","protected":false},"excerpt":{"rendered":"<p>O prefeito Pedro Bigardi visitou as obras e destacou a import\u00e2ncia da institui\u00e7\u00e3o para Jundia\u00ed e regi\u00e3o; saiba mais:<\/p>\n","protected":false},"author":11,"featured_media":0,"comment_status":"closed","ping_status":"closed","sticky":false,"template":"","format":"standard","meta":{"footnotes":""},"categories":[2],"tags":[785,58,3],"ods":[],"class_list":["post-172791","post","type-post","status-publish","format-standard","hentry","category-noticias","tag-grendacc","tag-prefeito","tag-saude"],"_links":{"self":[{"href":"https:\/\/jundiai.sp.gov.br\/noticias\/wp-json\/wp\/v2\/posts\/172791","targetHints":{"allow":["GET"]}}],"collection":[{"href":"https:\/\/jundiai.sp.gov.br\/noticias\/wp-json\/wp\/v2\/posts"}],"about":[{"href":"https:\/\/jundiai.sp.gov.br\/noticias\/wp-json\/wp\/v2\/types\/post"}],"author":[{"embeddable":true,"href":"https:\/\/jundiai.sp.gov.br\/noticias\/wp-json\/wp\/v2\/users\/11"}],"replies":[{"embeddable":true,"href":"https:\/\/jundiai.sp.gov.br\/noticias\/wp-json\/wp\/v2\/comments?post=172791"}],"version-history":[{"count":16,"href":"https:\/\/jundiai.sp.gov.br\/noticias\/wp-json\/wp\/v2\/posts\/172791\/revisions"}],"predecessor-version":[{"id":172928,"href":"https:\/\/jundiai.sp.gov.br\/noticias\/wp-json\/wp\/v2\/posts\/172791\/revisions\/172928"}],"wp:attachment":[{"href":"https:\/\/jundiai.sp.gov.br\/noticias\/wp-json\/wp\/v2\/media?parent=172791"}],"wp:term":[{"taxonomy":"category","embeddable":true,"href":"https:\/\/jundiai.sp.gov.br\/noticias\/wp-json\/wp\/v2\/categories?post=172791"},{"taxonomy":"post_tag","embeddable":true,"href":"https:\/\/jundiai.sp.gov.br\/noticias\/wp-json\/wp\/v2\/tags?post=172791"},{"taxonomy":"ods","embeddable":true,"href":"https:\/\/jundiai.sp.gov.br\/noticias\/wp-json\/wp\/v2\/ods?post=172791"}],"curies":[{"name":"wp","href":"https:\/\/api.w.org\/{rel}","templated":true}]}}