{"id":172823,"date":"2016-04-10T17:40:55","date_gmt":"2016-04-10T20:40:55","guid":{"rendered":"https:\/\/jundiai.sp.gov.br\/noticias\/?p=172823"},"modified":"2016-11-04T13:22:04","modified_gmt":"2016-11-04T15:22:04","slug":"prefeitura-da-pontape-inicial-do-remodulado-campeonato-amador","status":"publish","type":"post","link":"https:\/\/jundiai.sp.gov.br\/noticias\/2016\/04\/10\/prefeitura-da-pontape-inicial-do-remodulado-campeonato-amador\/","title":{"rendered":"Prefeitura d\u00e1 pontap\u00e9 inicial do remodelado Campeonato Amador"},"content":{"rendered":"<p><strong>A festa de lan\u00e7amento do Campeonato Amador 2016 de Jundia\u00ed, promovido pela Liga Jundiaiense de Futebol (LJF), com apoio da Prefeitura, recebeu autoridades pol\u00edticas, dirigentes de clubes e familiares, na manh\u00e3 deste domingo (10), na sede do Clube S\u00e3o Jo\u00e3o.<\/strong><\/p>\n<p><strong>O torneio tem largada marcada para o domingo (17) e ter\u00e1 a participa\u00e7\u00e3o de 50 clubes, distribu\u00eddos em 18 na 1\u00aa Divis\u00e3o e outros 32 na chamada \u201csegundona\u201d, com previs\u00e3o de 363 jogos at\u00e9 outubro.<\/strong><\/p>\n<p><strong>LEIA TAMB\u00c9M<\/strong><br \/>\n<strong><a href=\"https:\/\/jundiai.sp.gov.br\/noticias\/2016\/04\/04\/zumba-inicia-mes-de-abril-com-muito-agito\/\">\u2018Zumba\u2019 inicia m\u00eas de abril com muito agito<\/a><\/strong><br \/>\n<strong><a href=\"https:\/\/jundiai.sp.gov.br\/noticias\/2016\/04\/08\/festival-especial-regional-de-atletismo-do-peama-na-quinta-27\/\">Festival Regional de Atletismo do Peama vai ser na quinta (27)<\/a><\/strong><\/p>\n<div id=\"attachment_172825\" style=\"width: 730px\" class=\"wp-caption aligncenter\"><a href=\"https:\/\/jundiai.sp.gov.br\/noticias\/wp-content\/uploads\/sites\/32\/2016\/04\/DSC6491g.jpg\" rel=\"attachment wp-att-172825\"><img loading=\"lazy\" decoding=\"async\" aria-describedby=\"caption-attachment-172825\" class=\"size-large wp-image-172825\" src=\"https:\/\/jundiai.sp.gov.br\/noticias\/wp-content\/uploads\/sites\/32\/2016\/04\/DSC6491g-720x534.jpg\" alt=\"Prefeito Pedro Bigardi conversa com dirigentes e familiares na festa de abertura do Amador\" width=\"720\" height=\"534\" srcset=\"https:\/\/jundiai.sp.gov.br\/noticias\/wp-content\/uploads\/sites\/32\/2016\/04\/DSC6491g-720x534.jpg 720w, https:\/\/jundiai.sp.gov.br\/noticias\/wp-content\/uploads\/sites\/32\/2016\/04\/DSC6491g-300x222.jpg 300w, https:\/\/jundiai.sp.gov.br\/noticias\/wp-content\/uploads\/sites\/32\/2016\/04\/DSC6491g-768x569.jpg 768w, https:\/\/jundiai.sp.gov.br\/noticias\/wp-content\/uploads\/sites\/32\/2016\/04\/DSC6491g.jpg 1240w\" sizes=\"auto, (max-width: 720px) 100vw, 720px\" \/><\/a><p id=\"caption-attachment-172825\" class=\"wp-caption-text\">Prefeito Pedro Bigardi conversa com dirigentes e familiares na festa de abertura do Amador<\/p><\/div>\n<p><strong>O prefeito Pedro Bigardi rotulou a competi\u00e7\u00e3o como uma das mais importantes do esporte de Jundia\u00ed pelo fato de contemplar bairros de todas as regi\u00f5es do munic\u00edpio. \u201c\u00c9 um torneio grandioso e tenho a certeza que, nesta temporada, vai resgatar a imagem de amizade e uni\u00e3o que historicamente foi a marca do Campeonato Amador. Por esta festa j\u00e1 percebo maior envolvimento familiar e \u00e9 necess\u00e1rio que este conceito seja levado aos est\u00e1dios\u201d, comenta.<\/strong><\/p>\n<p><strong>Para o prefeito Pedro Bigardi, o sucesso do torneio s\u00f3 ser\u00e1 poss\u00edvel se todos defenderem exclusivamente o lado do esporte, do futebol e da fam\u00edlia.<\/strong> \u201cA rivalidade existe s\u00f3 dentro das quatro linhas. Fora dela, o ambiente tem que ser como o que \u00e9 visto nesta festa.<strong> Uma grande confraterniza\u00e7\u00e3o de todos em torno do esporte<\/strong>&#8220;, acrescenta.<\/p>\n<p>Este ser\u00e1 o primeiro torneio sob a administra\u00e7\u00e3o da diretoria eleita em dezembro do ano passado e traz como novidade pr\u00eamios em dinheiro aos campe\u00f5es e vices de cada divis\u00e3o e o acerto da filia\u00e7\u00e3o da entidade \u00e0 Federa\u00e7\u00e3o Paulista de Futebol (FPF) e \u00e0 Confedera\u00e7\u00e3o Brasileira de Futebol (CBF), bem como os atletas, que passam a ser federados.<\/p>\n<p><strong>\u201cAbrimos as portas da secretaria para a LJF, para que, por meio do di\u00e1logo, pud\u00e9ssemos detalhar conceitos para que a organiza\u00e7\u00e3o atendesse todos os crit\u00e9rios de acordo com a relev\u00e2ncia do campeonato. A ideia \u00e9 resgatar a imagem do Campeonato Amador, para que seja uma competi\u00e7\u00e3o disputada acima de tudo num clima de paz\u201d, destaca o secret\u00e1rio de Esportes e Lazer, Jo\u00e3o Maffia.<\/strong><\/p>\n<div id=\"attachment_172826\" style=\"width: 387px\" class=\"wp-caption alignright\"><a href=\"https:\/\/jundiai.sp.gov.br\/noticias\/wp-content\/uploads\/sites\/32\/2016\/04\/DSC6453g.jpg\" rel=\"attachment wp-att-172826\"><img loading=\"lazy\" decoding=\"async\" aria-describedby=\"caption-attachment-172826\" class=\" wp-image-172826\" src=\"https:\/\/jundiai.sp.gov.br\/noticias\/wp-content\/uploads\/sites\/32\/2016\/04\/DSC6453g-300x238.jpg\" alt=\"Para o prefeito, competi\u00e7\u00e3o \u00e9 grandiosa e uma das mais importantes do calend\u00e1rio de Jundia\u00ed\" width=\"377\" height=\"299\" srcset=\"https:\/\/jundiai.sp.gov.br\/noticias\/wp-content\/uploads\/sites\/32\/2016\/04\/DSC6453g-300x238.jpg 300w, https:\/\/jundiai.sp.gov.br\/noticias\/wp-content\/uploads\/sites\/32\/2016\/04\/DSC6453g-768x608.jpg 768w, https:\/\/jundiai.sp.gov.br\/noticias\/wp-content\/uploads\/sites\/32\/2016\/04\/DSC6453g-720x570.jpg 720w, https:\/\/jundiai.sp.gov.br\/noticias\/wp-content\/uploads\/sites\/32\/2016\/04\/DSC6453g.jpg 1240w\" sizes=\"auto, (max-width: 377px) 100vw, 377px\" \/><\/a><p id=\"caption-attachment-172826\" class=\"wp-caption-text\">Para o prefeito, competi\u00e7\u00e3o \u00e9 grandiosa e uma das mais importantes do calend\u00e1rio de Jundia\u00ed<\/p><\/div>\n<p>O presidente da LJF, S\u00e9rgio Aguiar, aposta que a edi\u00e7\u00e3o 2016 do Amador vai resgatar a tradi\u00e7\u00e3o hist\u00f3rica do torneio e agradeceu o apoio da Prefeitura. \u201cConversamos com os dirigentes dos 50 clubes e todos est\u00e3o conscientes de que n\u00e3o podemos repetir vexames passados. O campeonato deste ano vai trazer de volta a imagem de antigamente, quando se jogava pelo amor, exclusivamente pelo esporte, sem viol\u00eancia e adversidades extracampo. Quero agradecer \u00e0 Prefeitura por toda a colabora\u00e7\u00e3o\u201d, disse.<\/p>\n<p>Aguiar diz que esta edi\u00e7\u00e3o ser\u00e1 apenas o aperitivo de luxo para a grande festa que a LJF pretende organizar para os 90 anos da entidade, que ser\u00e3o comemorados em 2017.<\/p>\n<p>O presidente da C\u00e2mara de Vereadores, Marcelo Gastaldo, tamb\u00e9m esteve no Clube S\u00e3o Jo\u00e3o neste domingo e lembrou que a hist\u00f3ria do Campeonato Amador se confunde com a hist\u00f3ria de Jundia\u00ed. \u201c\u00c9 um torneio muito tradicional e tenho certeza que a edi\u00e7\u00e3o deste ano tem tudo para ser uma das melhores de todos os tempos, por conta da seriedade que percebo no trabalho da atual gest\u00e3o da Liga\u201d, elogia.<\/p>\n<p>A festa deste domingo no Clube S\u00e3o Jo\u00e3o reuniu toda \u00e0 fam\u00edlia do Campeonato Amador. M\u00fasica sertaneja e samba embalaram o rimo para que os presentes saboreassem a feijoada servida logo em seguida da solenidade oficial. O diretor-presidente da DAE, Jamil Yatim, e o vereador Gerson Sartori tamb\u00e9m participaram do evento.<\/p>\n<p><em><strong>Ivan Lopes<\/strong><\/em><br \/>\n<em><strong> Fotos: Dorival Pinheiro Filho<\/strong><\/em><\/p>\n","protected":false},"excerpt":{"rendered":"<p>O torneio esportivo de Jundia\u00ed tem largada marcada para o domingo (17) e ter\u00e1 a participa\u00e7\u00e3o de 50 clubes da cidade<\/p>\n","protected":false},"author":11,"featured_media":172828,"comment_status":"closed","ping_status":"closed","sticky":false,"template":"","format":"standard","meta":{"footnotes":""},"categories":[2],"tags":[120,35,99,410,58],"ods":[],"class_list":["post-172823","post","type-post","status-publish","format-standard","has-post-thumbnail","hentry","category-noticias","tag-campeonato-de-futebol-amador-de-jundiai","tag-esporte-e-lazer","tag-futebol","tag-futebol-amador","tag-prefeito"],"_links":{"self":[{"href":"https:\/\/jundiai.sp.gov.br\/noticias\/wp-json\/wp\/v2\/posts\/172823","targetHints":{"allow":["GET"]}}],"collection":[{"href":"https:\/\/jundiai.sp.gov.br\/noticias\/wp-json\/wp\/v2\/posts"}],"about":[{"href":"https:\/\/jundiai.sp.gov.br\/noticias\/wp-json\/wp\/v2\/types\/post"}],"author":[{"embeddable":true,"href":"https:\/\/jundiai.sp.gov.br\/noticias\/wp-json\/wp\/v2\/users\/11"}],"replies":[{"embeddable":true,"href":"https:\/\/jundiai.sp.gov.br\/noticias\/wp-json\/wp\/v2\/comments?post=172823"}],"version-history":[{"count":8,"href":"https:\/\/jundiai.sp.gov.br\/noticias\/wp-json\/wp\/v2\/posts\/172823\/revisions"}],"predecessor-version":[{"id":172840,"href":"https:\/\/jundiai.sp.gov.br\/noticias\/wp-json\/wp\/v2\/posts\/172823\/revisions\/172840"}],"wp:featuredmedia":[{"embeddable":true,"href":"https:\/\/jundiai.sp.gov.br\/noticias\/wp-json\/wp\/v2\/media\/172828"}],"wp:attachment":[{"href":"https:\/\/jundiai.sp.gov.br\/noticias\/wp-json\/wp\/v2\/media?parent=172823"}],"wp:term":[{"taxonomy":"category","embeddable":true,"href":"https:\/\/jundiai.sp.gov.br\/noticias\/wp-json\/wp\/v2\/categories?post=172823"},{"taxonomy":"post_tag","embeddable":true,"href":"https:\/\/jundiai.sp.gov.br\/noticias\/wp-json\/wp\/v2\/tags?post=172823"},{"taxonomy":"ods","embeddable":true,"href":"https:\/\/jundiai.sp.gov.br\/noticias\/wp-json\/wp\/v2\/ods?post=172823"}],"curies":[{"name":"wp","href":"https:\/\/api.w.org\/{rel}","templated":true}]}}