{"id":173017,"date":"2016-04-13T12:33:22","date_gmt":"2016-04-13T15:33:22","guid":{"rendered":"https:\/\/jundiai.sp.gov.br\/noticias\/?p=173017"},"modified":"2016-11-04T13:11:18","modified_gmt":"2016-11-04T15:11:18","slug":"prestacao-de-contas-e-encerrada-com-intensa-participacao-popular","status":"publish","type":"post","link":"https:\/\/jundiai.sp.gov.br\/noticias\/2016\/04\/13\/prestacao-de-contas-e-encerrada-com-intensa-participacao-popular\/","title":{"rendered":"&#8216;Presta\u00e7\u00e3o de Contas&#8217; se encerra com presen\u00e7a popular"},"content":{"rendered":"<p><strong>Foi com a Emeb Luiz Biela de Souza, no Jardim Santa Gertrudes, lotada que o prefeito encerrou, na noite de ter\u00e7a-feira (12), o ciclo de mais de 20 reuni\u00f5es de Presta\u00e7\u00e3o de Contas do <a href=\"https:\/\/jundiai.sp.gov.br\/noticias\/wp-content\/uploads\/sites\/32\/2015\/02\/Programa-de-Metas-2013.2016.pdf\" target=\"_blank\">Programa de Metas<\/a>, em diversos bairros do munic\u00edpio, entre os meses de fevereiro e abril.<\/strong><\/p>\n<p>O prefeito destacou que as <strong>reuni\u00f5es tiveram saldo positivo<\/strong> e frisou que <strong>novos encontros podem ocorrer de acordo com a solicita\u00e7\u00e3o de entidades e institui\u00e7\u00f5es<\/strong>. \u201cPassamos por <strong>todas as regi\u00f5es da cidade<\/strong> e houve um <strong>envolvimento grande da popula\u00e7\u00e3o. As pessoas conheceram o que est\u00e1 sendo feito, os projetos e puderam opinar sobre tudo. Foi uma experi\u00eancia fascinante<\/strong>\u201d, disse Bigardi.<\/p>\n<p>Durante a reuni\u00e3o no bairro, o prefeito apresentou o <strong>projeto da Unidade de Pronto Atendimento (UPA) Sul, que est\u00e1 em constru\u00e7\u00e3o na Vila Progresso<\/strong> e tem previs\u00e3o para t\u00e9rmino de obras at\u00e9 o final desse ano. \u201cO atendimento vai ser para<strong> toda a regi\u00e3o, 24 horas por dia. Mais de 80 mil pessoas<\/strong>\u00a0v\u00e3o ser beneficiadas com esse mini-hospital, que vai desafogar o <a href=\"http:\/\/www.hsvicente.org.br\/\" target=\"_blank\">Hospital S\u00e3o Vicente<\/a>\u201d, explicou, lembrando que <strong>em breve vai ser entregue a UPA Novo Horizonte e que est\u00e3o em constru\u00e7\u00e3o unidades na Ponte S\u00e3o Jo\u00e3o e Vila Hortol\u00e2ndia<\/strong>.<\/p>\n<p><strong>LEIA TAMB\u00c9M<\/strong><br \/>\n<a href=\"https:\/\/jundiai.sp.gov.br\/noticias\/2016\/04\/10\/decreto-publicado-confirma-inicio-das-obras-das-alcas-da-anhanguera\/\">Decreto confirma in\u00edcio das al\u00e7as da Anhanguera<\/a><br \/>\n<a href=\"https:\/\/jundiai.sp.gov.br\/noticias\/2016\/04\/11\/prefeitura-leva-melhorias-ao-bairro-ivoturucaia\/\">Prefeitura leva melhorias ao bairro do Ivoturucaia<\/a><br \/>\n<a href=\"https:\/\/jundiai.sp.gov.br\/noticias\/2016\/04\/11\/prefeito-entrega-reforma-da-emeb-antonio-giaretta\/\">Prefeito entrega reforma da Emeb Ant\u00f4nio Giaretta<\/a><\/p>\n<div id=\"attachment_173023\" style=\"width: 730px\" class=\"wp-caption aligncenter\"><a href=\"https:\/\/jundiai.sp.gov.br\/noticias\/wp-content\/uploads\/sites\/32\/2016\/04\/Prestacao_Contas_A_46g.jpg\" rel=\"attachment wp-att-173023\"><img loading=\"lazy\" decoding=\"async\" aria-describedby=\"caption-attachment-173023\" class=\"size-large wp-image-173023\" src=\"https:\/\/jundiai.sp.gov.br\/noticias\/wp-content\/uploads\/sites\/32\/2016\/04\/Prestacao_Contas_A_46g-720x480.jpg\" alt=\"Prefeito falou de realiza\u00e7\u00f5es e projetos com a popula\u00e7\u00e3o do Santa Gertrudes \" width=\"720\" height=\"480\" srcset=\"https:\/\/jundiai.sp.gov.br\/noticias\/wp-content\/uploads\/sites\/32\/2016\/04\/Prestacao_Contas_A_46g-720x480.jpg 720w, https:\/\/jundiai.sp.gov.br\/noticias\/wp-content\/uploads\/sites\/32\/2016\/04\/Prestacao_Contas_A_46g-300x200.jpg 300w, https:\/\/jundiai.sp.gov.br\/noticias\/wp-content\/uploads\/sites\/32\/2016\/04\/Prestacao_Contas_A_46g-768x512.jpg 768w, https:\/\/jundiai.sp.gov.br\/noticias\/wp-content\/uploads\/sites\/32\/2016\/04\/Prestacao_Contas_A_46g.jpg 1240w\" sizes=\"auto, (max-width: 720px) 100vw, 720px\" \/><\/a><p id=\"caption-attachment-173023\" class=\"wp-caption-text\">Prefeito falou de realiza\u00e7\u00f5es e projetos com a popula\u00e7\u00e3o do Santa Gertrudes<\/p><\/div>\n<p>Pedro destacou ainda que a UPA Sul vai ter <strong>2.400 metros quadrados, com investimento de R$ 5,9 milh\u00f5es<\/strong>. V\u00e3o ser <strong>tr\u00eas andares com equipamentos avan\u00e7ados, laborat\u00f3rio de exames, raio x, leitos, consult\u00f3rios, sala de enfermagem, sala de assist\u00eancia social, sala de inala\u00e7\u00e3o, sala de curativos, sala de observa\u00e7\u00e3o<\/strong>, entre outras. Entre outros investimentos na sa\u00fade citados durante o encontro, est\u00e3o ainda o <strong>novo PA Central, que realizou 284 mil atendimentos em 2015; constru\u00e7\u00e3o da academia de sa\u00fade do Santa Gertrudes; UBS Santa Gertrudes, com 44 mil atendimentos em 2015; e Estrat\u00e9gia de Sa\u00fade da Fam\u00edlia (ESF), com 29 mil atendimentos em 2015<\/strong>.<\/p>\n<p>O prefeito falou tamb\u00e9m de <strong>investimentos de habita\u00e7\u00e3o na cidade<\/strong>, com <a href=\"https:\/\/jundiai.sp.gov.br\/noticias\/2016\/03\/07\/prefeito-entrega-400-apartamentos-no-sao-camilo\/\">400 apartamentos entregues para moradores do Jardim S\u00e3o Camilo<\/a>; <a href=\"https:\/\/jundiai.sp.gov.br\/noticias\/2016\/02\/03\/prefeito-entrega-as-chaves-de-384-unidades-habitacionais\/\">1.088 unidades (parte ainda em constru\u00e7\u00e3o), no Jardim Novo Horizonte<\/a>, que <strong>v\u00e3o beneficiar moradores de \u00e1reas de risco do Santa Gertrudes<\/strong>; al\u00e9m de <a href=\"https:\/\/jundiai.sp.gov.br\/noticias\/2015\/08\/29\/prefeito-entrega-87-moradias-populares-na-vila-ana\/\">87 unidades na Vila Ana e mais 21 que est\u00e3o em constru\u00e7\u00e3o no bairro<\/a>. Al\u00e9m disso, lembrou que<strong> 24 t\u00edtulos de propriedade foram entregues no Loteamento Barcaro<\/strong> e, em toda cidade, j\u00e1 <a href=\"https:\/\/jundiai.sp.gov.br\/noticias\/2015\/12\/09\/prefeito-entrega-matriculas-individualizadas-no-gran-village\/\">foram mais de 1.500 t\u00edtulos<\/a>.<\/p>\n<div id=\"attachment_173022\" style=\"width: 410px\" class=\"wp-caption alignleft\"><a href=\"https:\/\/jundiai.sp.gov.br\/noticias\/wp-content\/uploads\/sites\/32\/2016\/04\/Prestacao_Contas_A_7g.jpg\" rel=\"attachment wp-att-173022\"><img loading=\"lazy\" decoding=\"async\" aria-describedby=\"caption-attachment-173022\" class=\"size-large wp-image-173022\" src=\"https:\/\/jundiai.sp.gov.br\/noticias\/wp-content\/uploads\/sites\/32\/2016\/04\/Prestacao_Contas_A_7g-720x435.jpg\" alt=\"Participa\u00e7\u00e3o popular foi intensa\" width=\"400\" height=\"350\" \/><\/a><p id=\"caption-attachment-173022\" class=\"wp-caption-text\">Participa\u00e7\u00e3o popular foi intensa<\/p><\/div>\n<p>Outro ponto citado pelo prefeito foi a <strong>linha 938, instalada no bairro para ligar o Santa Gertrudes ao Terminal Central<\/strong>, via Marginal da Rodovia Anhanguera. Ele destacou tamb\u00e9m que a administra\u00e7\u00e3o criou o <strong>Domingo Feliz, no 1\u00ba e 3\u00ba domingo do m\u00eas, em que o passageiro paga R$1<\/strong>. Al\u00e9m disso, foi implantado o <a href=\"http:\/\/bilheteunico.jundiai.sp.gov.br\/\" target=\"_blank\">Bilhete \u00danico<\/a> na cidade, <strong>74 novos \u00f4nibus est\u00e3o nas ruas<\/strong> e o <strong><a href=\"https:\/\/jundiai.sp.gov.br\/noticias\/2015\/08\/17\/circula-jundiai-adaptado-atende-3-mil-por-mes\/\">Circula Jundia\u00ed Adaptado<\/a> conta agora com dez vans adaptadas para transportes de cadeirantes em atendimento social, com mais de tr\u00eas mil atendimentos por m\u00eas<\/strong>.<\/p>\n<p>Sobre investimentos relacionados \u00e0 infraestrutura , o prefeito falou da <strong>pavimenta\u00e7\u00e3o da rua Gemma Frasson Reynaldo (Estrada da Boiada), que liga Jundia\u00ed a V\u00e1rzea Paulista, e contou com investimento de R$ 1,3 milh\u00e3o<\/strong>. Citou o <strong>recapeamento de vias como Leonice Gualda Nunes, Ricardo C\u00e9sar F\u00e1varo, Alice Guimar\u00e3es Pellegrini, Vit\u00f3rio Baradel, Francisco Napole\u00e3o Cid de Freitas<\/strong>, entre outras. Tamb\u00e9m destacou o <strong>recapeamento e instala\u00e7\u00e3o de defensas na Avenida 14 de Dezembro<\/strong>. Outra obra lembrada foi a <a href=\"https:\/\/jundiai.sp.gov.br\/noticias\/2015\/10\/23\/obra-que-interliga-samuel-martins-e-14-de-dezembro-vai-desafogar-transito\/\">contrapartida, j\u00e1 em execu\u00e7\u00e3o, do prolongamento da Samuel Martins at\u00e9 a 14 de Dezembro, com investimento de R$ 3,5 milh\u00f5es<\/a>.<\/p>\n<p><strong>Popula\u00e7\u00e3o<\/strong><br \/>\nA exemplo de outras regi\u00f5es, a Presta\u00e7\u00e3o de Contas na regi\u00e3o do Santa Gertrudes contou com <strong>grande participa\u00e7\u00e3o popular<\/strong>. E o fato de <strong>falar diretamente com o Prefeito chamou a aten\u00e7\u00e3o dos moradores<\/strong> \u201c\u00c9 uma <strong>oportunidade muito bacana poder ser ouvida pelo prefeito e receber dele a resposta para as nossas quest\u00f5es<\/strong>\u201d, comentou a moradora do Santa Gertrudes, Fernanda Aparecida Caetano da Silva.<\/p>\n<p>Assim como ela, Andr\u00e9 Santos, articulador da Rede Social do Santa Gertrudes, falou da <strong>import\u00e2ncia da presen\u00e7a do Prefeito no bairro<\/strong>. \u201cDessa forma, o <strong>governo constr\u00f3i junto com a popula\u00e7\u00e3o e isso nos motiva muito. A popula\u00e7\u00e3o se sente feliz e mais corajosa para cobrar<\/strong>.\u201d<\/p>\n<p><strong><em>Luana Dias<br \/>\nFotos: Alessandro Rosman<\/em><\/strong><\/p>\n","protected":false},"excerpt":{"rendered":"<p>Moradores destacam a import\u00e2ncia do contato com o prefeito e a participa\u00e7\u00e3o nas decis\u00f5es da administra\u00e7\u00e3o<\/p>\n","protected":false},"author":14,"featured_media":173025,"comment_status":"closed","ping_status":"closed","sticky":false,"template":"","format":"standard","meta":{"footnotes":""},"categories":[2],"tags":[263,490,58,854,853,3,338,627],"ods":[],"class_list":["post-173017","post","type-post","status-publish","format-standard","has-post-thumbnail","hentry","category-noticias","tag-bilhete-unico","tag-habitacao","tag-prefeito","tag-prestacao-de-contas","tag-programa-de-metas","tag-saude","tag-transportes","tag-unidade-de-pronto-atendimento-upa"],"_links":{"self":[{"href":"https:\/\/jundiai.sp.gov.br\/noticias\/wp-json\/wp\/v2\/posts\/173017","targetHints":{"allow":["GET"]}}],"collection":[{"href":"https:\/\/jundiai.sp.gov.br\/noticias\/wp-json\/wp\/v2\/posts"}],"about":[{"href":"https:\/\/jundiai.sp.gov.br\/noticias\/wp-json\/wp\/v2\/types\/post"}],"author":[{"embeddable":true,"href":"https:\/\/jundiai.sp.gov.br\/noticias\/wp-json\/wp\/v2\/users\/14"}],"replies":[{"embeddable":true,"href":"https:\/\/jundiai.sp.gov.br\/noticias\/wp-json\/wp\/v2\/comments?post=173017"}],"version-history":[{"count":21,"href":"https:\/\/jundiai.sp.gov.br\/noticias\/wp-json\/wp\/v2\/posts\/173017\/revisions"}],"predecessor-version":[{"id":178880,"href":"https:\/\/jundiai.sp.gov.br\/noticias\/wp-json\/wp\/v2\/posts\/173017\/revisions\/178880"}],"wp:featuredmedia":[{"embeddable":true,"href":"https:\/\/jundiai.sp.gov.br\/noticias\/wp-json\/wp\/v2\/media\/173025"}],"wp:attachment":[{"href":"https:\/\/jundiai.sp.gov.br\/noticias\/wp-json\/wp\/v2\/media?parent=173017"}],"wp:term":[{"taxonomy":"category","embeddable":true,"href":"https:\/\/jundiai.sp.gov.br\/noticias\/wp-json\/wp\/v2\/categories?post=173017"},{"taxonomy":"post_tag","embeddable":true,"href":"https:\/\/jundiai.sp.gov.br\/noticias\/wp-json\/wp\/v2\/tags?post=173017"},{"taxonomy":"ods","embeddable":true,"href":"https:\/\/jundiai.sp.gov.br\/noticias\/wp-json\/wp\/v2\/ods?post=173017"}],"curies":[{"name":"wp","href":"https:\/\/api.w.org\/{rel}","templated":true}]}}