{"id":173135,"date":"2016-04-13T18:16:22","date_gmt":"2016-04-13T21:16:22","guid":{"rendered":"https:\/\/jundiai.sp.gov.br\/noticias\/?p=173135"},"modified":"2016-11-04T13:25:29","modified_gmt":"2016-11-04T15:25:29","slug":"turismo-tem-50-expositores-de-rodada-de-produtos-locais","status":"publish","type":"post","link":"https:\/\/jundiai.sp.gov.br\/noticias\/2016\/04\/13\/turismo-tem-50-expositores-de-rodada-de-produtos-locais\/","title":{"rendered":"Turismo tem 50 expositores de Rodada de Produtos Locais"},"content":{"rendered":"<p><strong>A Prefeitura de Jundia\u00ed confirmou para a pr\u00f3xima segunda-feira (18) aproximadamente 50 expositores na 1\u00aa Rodada de Neg\u00f3cios (Produtos de Jundia\u00ed) que o setor de turismo promove com foco em restaurantes, hot\u00e9is, lanchonetes, <a href=\"http:\/\/turismo.jundiai.sp.gov.br\/\" target=\"_blank\">atrativos tur\u00edsticos da cidade<\/a> e ao p\u00fablico interessado em geral. <\/strong><\/p>\n<p>O evento pode ser visitado das 9h \u00e0s 17h, no Parque Municipal Comendador Antonio Carbonari, o Parque da Uva. \u201cJ\u00e1 existem programas como o Emp\u00f3rio Jundia\u00ed ou o <a href=\"http:\/\/turismo.jundiai.sp.gov.br\/atrativos\/artesanato-jundiai-feito-a-mao\/\" target=\"_blank\">Jundia\u00ed Feito \u00e0 M\u00e3o<\/a>. Nosso objetivo \u00e9 ampliar esse alcance e atender a demanda por produtos da cidade geralmente feitas pelos visitantes\u201d, afirmou a secret\u00e1ria de Agricultura, Abastecimento e Turismo, Val\u00e9ria Silveira de Oliveira.<\/p>\n<p><strong>LEIA TAMB\u00c9M<br \/>\n<a href=\"https:\/\/jundiai.sp.gov.br\/noticias\/2016\/04\/13\/prefeitura-inicia-trabalhos-do-projeto-nascentes-jundiai\/\">Prefeitura inicia trabalhos do Projeto Nascentes Jundia\u00ed<\/a><\/strong><br \/>\n<strong><a href=\"https:\/\/jundiai.sp.gov.br\/noticias\/2016\/04\/12\/praca-reformada-valoriza-tradicional-feira-livre-do-vianelo\/\">Pra\u00e7a reformada valoriza tradicional feira livre do Vianelo<\/a><\/strong><br \/>\n<a href=\"https:\/\/jundiai.sp.gov.br\/noticias\/2016\/04\/13\/agua-e-uma-das-prioridades-no-plano-diretor-participativo\/\">\u00c1gua \u00e9 uma das prioridades no Plano Diretor Participativo<\/a><\/p>\n<div id=\"attachment_173136\" style=\"width: 730px\" class=\"wp-caption aligncenter\"><a href=\"https:\/\/jundiai.sp.gov.br\/noticias\/wp-content\/uploads\/sites\/32\/2016\/04\/Festa-da-Uva-2016_D34g-1.jpg\" rel=\"attachment wp-att-173136\"><img loading=\"lazy\" decoding=\"async\" aria-describedby=\"caption-attachment-173136\" class=\"size-large wp-image-173136\" src=\"https:\/\/jundiai.sp.gov.br\/noticias\/wp-content\/uploads\/sites\/32\/2016\/04\/Festa-da-Uva-2016_D34g-1-720x494.jpg\" alt=\"Produtos locais ser\u00e3o atra\u00e7\u00e3o no evento\" width=\"720\" height=\"494\" srcset=\"https:\/\/jundiai.sp.gov.br\/noticias\/wp-content\/uploads\/sites\/32\/2016\/04\/Festa-da-Uva-2016_D34g-1-720x494.jpg 720w, https:\/\/jundiai.sp.gov.br\/noticias\/wp-content\/uploads\/sites\/32\/2016\/04\/Festa-da-Uva-2016_D34g-1-300x206.jpg 300w, https:\/\/jundiai.sp.gov.br\/noticias\/wp-content\/uploads\/sites\/32\/2016\/04\/Festa-da-Uva-2016_D34g-1-768x526.jpg 768w, https:\/\/jundiai.sp.gov.br\/noticias\/wp-content\/uploads\/sites\/32\/2016\/04\/Festa-da-Uva-2016_D34g-1.jpg 1240w\" sizes=\"auto, (max-width: 720px) 100vw, 720px\" \/><\/a><p id=\"caption-attachment-173136\" class=\"wp-caption-text\">Produtos locais ser\u00e3o atra\u00e7\u00e3o no evento<\/p><\/div>\n<p><strong>O perfil dos produtos locais vai ser diversificado, incluindo pequenos produtores rurais ou artesanais de doces, geleias, vinhos, mel, massas, roteiros de turismo receptivo, mel, souvenires e outros.<\/strong> \u201cEsse processo mostra a diversidade e a for\u00e7a dessa produ\u00e7\u00e3o local, permitindo ampliar a presen\u00e7a de produtos diferenciados aos turistas e visitantes\u201d, afirmou a diretora de turismo, Marcela Moro.<\/p>\n<p>Reconhecida cada vez mais como destino de turismo pelos \u00f3rg\u00e3os especializados federais ou estaduais, Jundia\u00ed possui muitos casos de produ\u00e7\u00e3o exclusiva em pequena escala. A meta atual \u00e9 de buscar a amplia\u00e7\u00e3o de sua escala para uma realidade onde o n\u00famero de visitantes chegou a quase <strong>340 mil turistas de lazer ou 120 mil turistas de neg\u00f3cios<\/strong>, em dados de 2014.<\/p>\n<p>Entre as refer\u00eancias mais curiosas sobre produtos t\u00edpicos de Jundia\u00ed est\u00e1 a can\u00e7\u00e3o gravada por Marisa Monte, que cita as compotas locais na m\u00fasica \u201c<a href=\"https:\/\/www.youtube.com\/watch?v=sfJCImOHFcU\" target=\"_blank\">Diariamente<\/a>\u201d.<\/p>\n<p><em><strong>Jos\u00e9 Arnaldo de Oliveira<br \/>\nFoto: Arquivo PMJ <\/strong><\/em><\/p>\n","protected":false},"excerpt":{"rendered":"<p>Evento com a participa\u00e7\u00e3o de diversos produtores rurais ou artesanais pode ser visitado das 9h \u00e0s 17h, no Parque da Uva<\/p>\n","protected":false},"author":10,"featured_media":173186,"comment_status":"closed","ping_status":"closed","sticky":false,"template":"","format":"standard","meta":{"footnotes":""},"categories":[2],"tags":[41,293],"ods":[],"class_list":["post-173135","post","type-post","status-publish","format-standard","has-post-thumbnail","hentry","category-noticias","tag-agricultura-abastecimento-e-turismo","tag-jundiai-feito-a-mao"],"_links":{"self":[{"href":"https:\/\/jundiai.sp.gov.br\/noticias\/wp-json\/wp\/v2\/posts\/173135","targetHints":{"allow":["GET"]}}],"collection":[{"href":"https:\/\/jundiai.sp.gov.br\/noticias\/wp-json\/wp\/v2\/posts"}],"about":[{"href":"https:\/\/jundiai.sp.gov.br\/noticias\/wp-json\/wp\/v2\/types\/post"}],"author":[{"embeddable":true,"href":"https:\/\/jundiai.sp.gov.br\/noticias\/wp-json\/wp\/v2\/users\/10"}],"replies":[{"embeddable":true,"href":"https:\/\/jundiai.sp.gov.br\/noticias\/wp-json\/wp\/v2\/comments?post=173135"}],"version-history":[{"count":7,"href":"https:\/\/jundiai.sp.gov.br\/noticias\/wp-json\/wp\/v2\/posts\/173135\/revisions"}],"predecessor-version":[{"id":173190,"href":"https:\/\/jundiai.sp.gov.br\/noticias\/wp-json\/wp\/v2\/posts\/173135\/revisions\/173190"}],"wp:featuredmedia":[{"embeddable":true,"href":"https:\/\/jundiai.sp.gov.br\/noticias\/wp-json\/wp\/v2\/media\/173186"}],"wp:attachment":[{"href":"https:\/\/jundiai.sp.gov.br\/noticias\/wp-json\/wp\/v2\/media?parent=173135"}],"wp:term":[{"taxonomy":"category","embeddable":true,"href":"https:\/\/jundiai.sp.gov.br\/noticias\/wp-json\/wp\/v2\/categories?post=173135"},{"taxonomy":"post_tag","embeddable":true,"href":"https:\/\/jundiai.sp.gov.br\/noticias\/wp-json\/wp\/v2\/tags?post=173135"},{"taxonomy":"ods","embeddable":true,"href":"https:\/\/jundiai.sp.gov.br\/noticias\/wp-json\/wp\/v2\/ods?post=173135"}],"curies":[{"name":"wp","href":"https:\/\/api.w.org\/{rel}","templated":true}]}}