{"id":173499,"date":"2016-04-18T13:13:48","date_gmt":"2016-04-18T16:13:48","guid":{"rendered":"https:\/\/jundiai.sp.gov.br\/noticias\/?p=173499"},"modified":"2016-11-04T13:13:39","modified_gmt":"2016-11-04T15:13:39","slug":"conselho-de-seguranca-alimentar-recebe-inscricoes-ate-dia-30","status":"publish","type":"post","link":"https:\/\/jundiai.sp.gov.br\/noticias\/2016\/04\/18\/conselho-de-seguranca-alimentar-recebe-inscricoes-ate-dia-30\/","title":{"rendered":"Conselho de Seguran\u00e7a Alimentar recebe inscri\u00e7\u00f5es at\u00e9 s\u00e1bado (30)"},"content":{"rendered":"<p><strong>O Conselho Municipal de Seguran\u00e7a Alimentar e Nutricional de Jundia\u00ed (Consea) vai eleger novos membros para a gest\u00e3o 2016\/2018. As inscri\u00e7\u00f5es para representantes da sociedade civil est\u00e3o abertas e podem ser feitas online at\u00e9 s\u00e1bado (30). O candidato deve tamb\u00e9m entregar o comprovante da entidade que representa pelo e-mail: <a href=\"mailto:consea-jd@jundiai.sp.gov.br\" target=\"_blank\">consea-jd@jundiai.sp.gov.br<\/a> at\u00e9 o dia 2 de maio.<\/strong><\/p>\n<p><a href=\"https:\/\/docs.google.com\/a\/jundiai.sp.gov.br\/forms\/d\/1hRyEg7od0wUo9o1b0v7BSuKQKDRVzURPpYgD4Tc5pPw\/viewform?edit_requested=true\" target=\"_blank\">FA\u00c7A SUA INSCRI\u00c7\u00c3O<\/a><\/p>\n<p><strong>A plen\u00e1ria de composi\u00e7\u00e3o da sociedade civil est\u00e1 marcada para 7 de maio, \u00e0s 8h30, no audit\u00f3rio Elis Regina, no Complexo Argos. Na oportunidade, tamb\u00e9m vai ser feita presta\u00e7\u00e3o de contas da gest\u00e3o 2014\/2016 e palestra sobre seguran\u00e7a alimentar. A posse dos conselheiros est\u00e1 marcada para 17 de maio, \u00e0s 13h30, na Unidade de Desenvolvimento Ambiental (Unidam).<\/strong><\/p>\n<p>V\u00e3o ser eleitos pela <strong>sociedade civil<\/strong> 14 conselheiros, sendo quatro representantes dos movimentos sindicais, associa\u00e7\u00f5es de classes de empregados e patronal, urbano e rural e organiza\u00e7\u00f5es e institui\u00e7\u00f5es ligadas ao setor produtivo; tr\u00eas de institui\u00e7\u00f5es de ensino t\u00e9cnico, superior e de pesquisa; dois de institui\u00e7\u00f5es religiosas de diferentes express\u00f5es de f\u00e9; e cinco de associa\u00e7\u00f5es civis de assist\u00eancia social, sa\u00fade e educa\u00e7\u00e3o, de entidades populares organizadas e das associa\u00e7\u00f5es comunit\u00e1rias, com afinidade aos objetivos de seguran\u00e7a alimentar e nutricional.<\/p>\n<p>J\u00e1 os representantes do <strong>poder p\u00fablico<\/strong> v\u00e3o ser indicados pelas secretarias, sendo um titular e um suplente das secretarias municipais de Assist\u00eancia e Desenvolvimento Social (Semads); Sa\u00fade; Educa\u00e7\u00e3o; Agricultura, Abastecimento e Turismo; Desenvolvimento Econ\u00f4mico, Ci\u00eancia e Tecnologia; <a href=\"http:\/\/fumas.jundiai.sp.gov.br\/\">Funda\u00e7\u00e3o Municipal de A\u00e7\u00e3o Social (Fumas)<\/a> e <a href=\"https:\/\/www.facebook.com\/fundosocialsolidariedadedejundiai\/?fref=ts\" target=\"_blank\">Fundo Social de Solidariedade (Funss)<\/a>.<\/p>\n<p><strong>O Conselho tem como finalidade estabelecer di\u00e1logo permanente entre o governo municipal e as organiza\u00e7\u00f5es sociais nele representadas, visando a cria\u00e7\u00e3o de pol\u00edticas p\u00fablicas e prioridades que possibilitem a garantia do direito humano \u00e0 alimenta\u00e7\u00e3o.<\/strong><\/p>\n<p><em><strong>Assessoria de Imprensa<\/strong><\/em><\/p>\n","protected":false},"excerpt":{"rendered":"<p>O Conselho Municipal de Seguran\u00e7a Alimentar e Nutricional de Jundia\u00ed (Consea) vai eleger novos membros para a gest\u00e3o 2016\/2018. As inscri\u00e7\u00f5es para representantes da sociedade civil est\u00e3o abertas e podem ser feitas online at\u00e9 s\u00e1bado (30). O candidato deve tamb\u00e9m entregar o comprovante da entidade que representa pelo e-mail: consea-jd@jundiai.sp.gov.br at\u00e9 o dia 2 de [&hellip;]<\/p>\n","protected":false},"author":21,"featured_media":0,"comment_status":"closed","ping_status":"closed","sticky":false,"template":"","format":"standard","meta":{"footnotes":""},"categories":[2],"tags":[41,419,603,365,6,49,416,3,73,742],"ods":[],"class_list":["post-173499","post","type-post","status-publish","format-standard","hentry","category-noticias","tag-agricultura-abastecimento-e-turismo","tag-complexo-argos","tag-conselho-de-seguranca-alimentar-e-nutricional-consean","tag-desenvolvimento-economico-ciencia-e-tecnologia","tag-educacao","tag-fundacao-municipal-de-acao-social-fumas","tag-fundo-social-de-solidariedade-funss","tag-saude","tag-secretaria-de-assistencia-e-desenvolvimento-social-semads","tag-unidade-de-desenvolvimento-ambiental-unidam"],"_links":{"self":[{"href":"https:\/\/jundiai.sp.gov.br\/noticias\/wp-json\/wp\/v2\/posts\/173499","targetHints":{"allow":["GET"]}}],"collection":[{"href":"https:\/\/jundiai.sp.gov.br\/noticias\/wp-json\/wp\/v2\/posts"}],"about":[{"href":"https:\/\/jundiai.sp.gov.br\/noticias\/wp-json\/wp\/v2\/types\/post"}],"author":[{"embeddable":true,"href":"https:\/\/jundiai.sp.gov.br\/noticias\/wp-json\/wp\/v2\/users\/21"}],"replies":[{"embeddable":true,"href":"https:\/\/jundiai.sp.gov.br\/noticias\/wp-json\/wp\/v2\/comments?post=173499"}],"version-history":[{"count":3,"href":"https:\/\/jundiai.sp.gov.br\/noticias\/wp-json\/wp\/v2\/posts\/173499\/revisions"}],"predecessor-version":[{"id":173511,"href":"https:\/\/jundiai.sp.gov.br\/noticias\/wp-json\/wp\/v2\/posts\/173499\/revisions\/173511"}],"wp:attachment":[{"href":"https:\/\/jundiai.sp.gov.br\/noticias\/wp-json\/wp\/v2\/media?parent=173499"}],"wp:term":[{"taxonomy":"category","embeddable":true,"href":"https:\/\/jundiai.sp.gov.br\/noticias\/wp-json\/wp\/v2\/categories?post=173499"},{"taxonomy":"post_tag","embeddable":true,"href":"https:\/\/jundiai.sp.gov.br\/noticias\/wp-json\/wp\/v2\/tags?post=173499"},{"taxonomy":"ods","embeddable":true,"href":"https:\/\/jundiai.sp.gov.br\/noticias\/wp-json\/wp\/v2\/ods?post=173499"}],"curies":[{"name":"wp","href":"https:\/\/api.w.org\/{rel}","templated":true}]}}