{"id":173512,"date":"2016-04-18T13:33:24","date_gmt":"2016-04-18T16:33:24","guid":{"rendered":"https:\/\/jundiai.sp.gov.br\/noticias\/?p=173512"},"modified":"2016-11-04T13:24:06","modified_gmt":"2016-11-04T15:24:06","slug":"secretario-apresenta-trabalho-de-gestao-de-residuos-para-bispo","status":"publish","type":"post","link":"https:\/\/jundiai.sp.gov.br\/noticias\/2016\/04\/18\/secretario-apresenta-trabalho-de-gestao-de-residuos-para-bispo\/","title":{"rendered":"Secret\u00e1rio apresenta trabalho de gest\u00e3o de res\u00edduos para bispo"},"content":{"rendered":"<p><strong>Por conta do tema da Campanha da Fraternidade de 2016, \u2018Casa Comum, Nossa Responsabilidade\u2019, o secret\u00e1rio de Servi\u00e7os P\u00fablicos, Aguinaldo Leite, apresentou, na manh\u00e3 desta segunda-feira (18), ao bispo Dom Vicente Costa, todo o trabalho de gest\u00e3o de res\u00edduos s\u00f3lidos desenvolvido em Jundia\u00ed. <\/strong><br \/>\n<strong><br \/>\nLEIA TAMB\u00c9M<\/strong><br \/>\n<a href=\"https:\/\/jundiai.sp.gov.br\/noticias\/2016\/04\/18\/grandes-geradores-devem-solicitar-isencao-de-taxa-de-lixo-ate-dia-30\/\">Isen\u00e7\u00e3o de taxa de lixo para grandes geradores vai at\u00e9 s\u00e1bado (30)<\/a><\/p>\n<div id=\"attachment_173514\" style=\"width: 730px\" class=\"wp-caption aligncenter\"><a href=\"https:\/\/jundiai.sp.gov.br\/noticias\/wp-content\/uploads\/sites\/32\/2016\/04\/Visita-Sec-Aguinaldo-ao-Bispo_c_1_G.jpg\" rel=\"attachment wp-att-173514\"><img loading=\"lazy\" decoding=\"async\" aria-describedby=\"caption-attachment-173514\" src=\"https:\/\/jundiai.sp.gov.br\/noticias\/wp-content\/uploads\/sites\/32\/2016\/04\/Visita-Sec-Aguinaldo-ao-Bispo_c_1_G.jpg\" alt=\"Secret\u00e1rio falou de a\u00e7\u00f5es desenvolvidas no munic\u00edpio\" width=\"720\" height=\"513\" class=\"size-full wp-image-173514\" \/><\/a><p id=\"caption-attachment-173514\" class=\"wp-caption-text\">Secret\u00e1rio falou de a\u00e7\u00f5es desenvolvidas no munic\u00edpio<\/p><\/div>\n<p>A Igreja Cat\u00f3lica trabalha o direito ao saneamento b\u00e1sico para todas as pessoas. \u201c<strong>A quest\u00e3o abordada pela Campanha passa pelo trabalho na secretaria e leva os fi\u00e9is a refletirem sobre o descarte correto dos res\u00edduos, cuidados com a \u00e1gua e o meio ambiente. Por isso, viemos propor a\u00e7\u00f5es para despertar a conscientiza\u00e7\u00e3o da popula\u00e7\u00e3o<\/strong>\u201d, comentou.<\/p>\n<p><strong>Aguinaldo destacou que ocorreram recentes parcerias importantes com a Igreja. Uma delas foi a <a href=\"https:\/\/jundiai.sp.gov.br\/noticias\/2016\/04\/07\/tratamento-de-residuos-e-tema-de-palestra\/\">palestra \u2018Tratamento de Res\u00edduos S\u00f3lidos\u201d<\/a><\/strong>, na Par\u00f3quia S\u00e3o Jos\u00e9, no Almerinda Chaves. O evento marcou a abertura do 1\u00ba Encontro do Conselho Regional da A\u00e7\u00e3o Evangelizadora (Crae). Cerca de 35 pessoas, entre padres, di\u00e1conos e representantes das pastorais participaram.<\/p>\n<p>Outra a\u00e7\u00e3o da pasta foi um <a href=\"https:\/\/jundiai.sp.gov.br\/noticias\/2016\/04\/05\/comunidade-e-prefeitura-se-unem-no-ivoturucaia\/\">mutir\u00e3o de limpeza em parceria com o Grupo Jovens Com Cristo<\/a>, do bairro Ivoturucaia, no s\u00e1bado (2), na a\u00e7\u00e3o \u201cBairro Limpo\u201d. <strong>Mais de 18 toneladas de trecos e 75 toneladas de entulho foram removidas durante o trabalho<\/strong>. Cerca de 50 pessoas participaram. <\/p>\n<p>O secret\u00e1rio convidou o bispo para conhecer o Centro de Gerenciamento de Res\u00edduos S\u00f3lidos (Geresol) e a Esta\u00e7\u00e3o de Tratamento de Esgoto. \u201cA quest\u00e3o em Jundia\u00ed \u00e9 bem trabalhada e fundamentada e est\u00e1 dentro da tem\u00e1tica da Campanha da Fraternidade\u201d, comentou o bispo, que em breve deve fazer a visita. <\/p>\n<div id=\"attachment_173515\" style=\"width: 730px\" class=\"wp-caption aligncenter\"><a href=\"https:\/\/jundiai.sp.gov.br\/noticias\/wp-content\/uploads\/sites\/32\/2016\/04\/Visita-Sec-Aguinaldo-ao-Bispo_c_31_G.jpg\" rel=\"attachment wp-att-173515\"><img loading=\"lazy\" decoding=\"async\" aria-describedby=\"caption-attachment-173515\" src=\"https:\/\/jundiai.sp.gov.br\/noticias\/wp-content\/uploads\/sites\/32\/2016\/04\/Visita-Sec-Aguinaldo-ao-Bispo_c_31_G.jpg\" alt=\"Visita ao Centro de Gerenciamento de Res\u00edduos S\u00f3lidos ser\u00e1 agendada\" width=\"720\" height=\"513\" class=\"size-full wp-image-173515\" \/><\/a><p id=\"caption-attachment-173515\" class=\"wp-caption-text\">Visita ao Centro de Gerenciamento de Res\u00edduos S\u00f3lidos ser\u00e1 agendada<\/p><\/div>\n<p>Na ocasi\u00e3o, o secret\u00e1rio aproveitou para entregar o <a href=\"https:\/\/jundiai.sp.gov.br\/noticias\/2015\/11\/09\/residuos-solidos-e-book-esta-disponivel-para-download\/\">livro \u201cGest\u00e3o Sustent\u00e1vel de Res\u00edduos S\u00f3lidos Urbanos \u2013 Transfer\u00eancia de experi\u00eancias entre a Alemanha e o Brasil\u201d<\/a>, que escreveu em parceria com Klaus Fricke, Christiane Pereira e Marius Bagnati.<\/p>\n<p>A reuni\u00e3o contou com a presen\u00e7a da coordenadora da Caritas, Maria Ros\u00e2ngela Moretti, do diretor jur\u00eddico da Secretaria de Servi\u00e7os P\u00fablicos, Clayton Salviano e do assessor Jos\u00e9 Sim\u00f5es.<\/p>\n<p><em><strong>Luana Dias<br \/>\nFotos: Cleber de Almeida<\/strong><\/em><\/p>\n","protected":false},"excerpt":{"rendered":"<p>Por conta do tema da Campanha da Fraternidade de 2016, \u2018Casa Comum, Nossa Responsabilidade\u2019, o secret\u00e1rio de Servi\u00e7os P\u00fablicos, Aguinaldo Leite, apresentou, na manh\u00e3 desta segunda-feira (18), ao bispo Dom Vicente Costa, todo o trabalho de gest\u00e3o de res\u00edduos s\u00f3lidos desenvolvido em Jundia\u00ed. LEIA TAMB\u00c9M Isen\u00e7\u00e3o de taxa de lixo para grandes geradores vai at\u00e9 [&hellip;]<\/p>\n","protected":false},"author":21,"featured_media":0,"comment_status":"closed","ping_status":"closed","sticky":false,"template":"","format":"standard","meta":{"footnotes":""},"categories":[2],"tags":[68,401,341],"ods":[],"class_list":["post-173512","post","type-post","status-publish","format-standard","hentry","category-noticias","tag-centro-de-gerenciamento-de-residuos-solidos-geresol","tag-residuos-solidos","tag-servicos-publicos"],"_links":{"self":[{"href":"https:\/\/jundiai.sp.gov.br\/noticias\/wp-json\/wp\/v2\/posts\/173512","targetHints":{"allow":["GET"]}}],"collection":[{"href":"https:\/\/jundiai.sp.gov.br\/noticias\/wp-json\/wp\/v2\/posts"}],"about":[{"href":"https:\/\/jundiai.sp.gov.br\/noticias\/wp-json\/wp\/v2\/types\/post"}],"author":[{"embeddable":true,"href":"https:\/\/jundiai.sp.gov.br\/noticias\/wp-json\/wp\/v2\/users\/21"}],"replies":[{"embeddable":true,"href":"https:\/\/jundiai.sp.gov.br\/noticias\/wp-json\/wp\/v2\/comments?post=173512"}],"version-history":[{"count":4,"href":"https:\/\/jundiai.sp.gov.br\/noticias\/wp-json\/wp\/v2\/posts\/173512\/revisions"}],"predecessor-version":[{"id":173518,"href":"https:\/\/jundiai.sp.gov.br\/noticias\/wp-json\/wp\/v2\/posts\/173512\/revisions\/173518"}],"wp:attachment":[{"href":"https:\/\/jundiai.sp.gov.br\/noticias\/wp-json\/wp\/v2\/media?parent=173512"}],"wp:term":[{"taxonomy":"category","embeddable":true,"href":"https:\/\/jundiai.sp.gov.br\/noticias\/wp-json\/wp\/v2\/categories?post=173512"},{"taxonomy":"post_tag","embeddable":true,"href":"https:\/\/jundiai.sp.gov.br\/noticias\/wp-json\/wp\/v2\/tags?post=173512"},{"taxonomy":"ods","embeddable":true,"href":"https:\/\/jundiai.sp.gov.br\/noticias\/wp-json\/wp\/v2\/ods?post=173512"}],"curies":[{"name":"wp","href":"https:\/\/api.w.org\/{rel}","templated":true}]}}